{"id":18960,"date":"2023-03-08T21:01:22","date_gmt":"2023-03-08T20:01:22","guid":{"rendered":"https:\/\/agora.xtec.cat\/ceip-lamonjoia\/?p=18960"},"modified":"2023-03-08T21:01:22","modified_gmt":"2023-03-08T20:01:22","slug":"la-fundacio-joan-miro","status":"publish","type":"post","link":"https:\/\/agora.xtec.cat\/ceip-lamonjoia\/infantil\/la-fundacio-joan-miro\/","title":{"rendered":"LA FUNDACI\u00d3 JOAN MIR\u00d3"},"content":{"rendered":"<p>Les FORMIGUES, els MILPEUS i els GRILLS hem anat a Barcelona a la Fundaci\u00f3 JOAN MIR\u00d3. Quan hem arribat hem esmorzat i de seguida hem entrat al museu. Hem vist QUADRES i ESCULTURES\u00a0 de l&#8217;artista. Ens han explicat que feia servir el color negre i els colors primaris: vermell, blau i groc. Els hem barrejat per trobar els secundaris: verd, taronja i lila. Mir\u00f3 pintava ESTRELLES, el SOL, la LLUNA i els PLANETES. Feia ESCULTURES amb objectes quotidians. Al final hem pogut experimentar amb diferents materials. Despr\u00e9s hem anat a dinar i a jugar a un parc.<\/p>\n<p>Aquesta sortida ens ha agradat molt! Voleu veure les fotos?<\/p>\n<p><a href=\"https:\/\/photos.app.goo.gl\/ZodjXLsf1eiSaAeA9\"><img loading=\"lazy\" decoding=\"async\" class=\" wp-image-18961 aligncenter\" src=\"https:\/\/agora.xtec.cat\/ceip-lamonjoia\/wp-content\/uploads\/usu1254\/2023\/03\/20230308_121337-768x1024.jpg\" alt=\"\" width=\"319\" height=\"425\" srcset=\"https:\/\/agora.xtec.cat\/ceip-lamonjoia\/wp-content\/uploads\/usu1254\/2023\/03\/20230308_121337-768x1024.jpg 768w, https:\/\/agora.xtec.cat\/ceip-lamonjoia\/wp-content\/uploads\/usu1254\/2023\/03\/20230308_121337-225x300.jpg 225w, https:\/\/agora.xtec.cat\/ceip-lamonjoia\/wp-content\/uploads\/usu1254\/2023\/03\/20230308_121337-1152x1536.jpg 1152w, https:\/\/agora.xtec.cat\/ceip-lamonjoia\/wp-content\/uploads\/usu1254\/2023\/03\/20230308_121337-1536x2048.jpg 1536w, https:\/\/agora.xtec.cat\/ceip-lamonjoia\/wp-content\/uploads\/usu1254\/2023\/03\/20230308_121337-scaled.jpg 1920w\" sizes=\"auto, (max-width: 319px) 100vw, 319px\" \/><\/a><\/p>\n","protected":false},"excerpt":{"rendered":"<p>Les FORMIGUES, els MILPEUS i els GRILLS hem anat a Barcelona a la Fundaci\u00f3 JOAN MIR\u00d3. Quan hem arribat hem esmorzat i de seguida hem entrat al museu. Hem vist QUADRES i ESCULTURES\u00a0 de l&#8217;artista. Ens han explicat que feia servir el color negre i els colors primaris: vermell, blau i groc. Els hem barrejat [&hellip;]<\/p>\n","protected":false},"author":9,"featured_media":0,"comment_status":"open","ping_status":"closed","sticky":false,"template":"","format":"standard","meta":{"_bbp_topic_count":0,"_bbp_reply_count":0,"_bbp_total_topic_count":0,"_bbp_total_reply_count":0,"_bbp_voice_count":0,"_bbp_anonymous_reply_count":0,"_bbp_topic_count_hidden":0,"_bbp_reply_count_hidden":0,"_bbp_forum_subforum_count":0,"site-sidebar-layout":"default","site-content-layout":"","ast-site-content-layout":"","site-content-style":"default","site-sidebar-style":"default","ast-global-header-display":"","ast-banner-title-visibility":"","ast-main-header-display":"","ast-hfb-above-header-display":"","ast-hfb-below-header-display":"","ast-hfb-mobile-header-display":"","site-post-title":"","ast-breadcrumbs-content":"","ast-featured-img":"","footer-sml-layout":"","theme-transparent-header-meta":"","adv-header-id-meta":"","stick-header-meta":"","header-above-stick-meta":"","header-main-stick-meta":"","header-below-stick-meta":"","astra-migrate-meta-layouts":"default","ast-page-background-enabled":"default","ast-page-background-meta":{"desktop":{"background-color":"var(--ast-global-color-4)","background-image":"","background-repeat":"repeat","background-position":"center center","background-size":"auto","background-attachment":"scroll","background-type":"","background-media":"","overlay-type":"","overlay-color":"","overlay-opacity":"","overlay-gradient":""},"tablet":{"background-color":"","background-image":"","background-repeat":"repeat","background-position":"center center","background-size":"auto","background-attachment":"scroll","background-type":"","background-media":"","overlay-type":"","overlay-color":"","overlay-opacity":"","overlay-gradient":""},"mobile":{"background-color":"","background-image":"","background-repeat":"repeat","background-position":"center center","background-size":"auto","background-attachment":"scroll","background-type":"","background-media":"","overlay-type":"","overlay-color":"","overlay-opacity":"","overlay-gradient":""}},"ast-content-background-meta":{"desktop":{"background-color":"var(--ast-global-color-5)","background-image":"","background-repeat":"repeat","background-position":"center center","background-size":"auto","background-attachment":"scroll","background-type":"","background-media":"","overlay-type":"","overlay-color":"","overlay-opacity":"","overlay-gradient":""},"tablet":{"background-color":"var(--ast-global-color-5)","background-image":"","background-repeat":"repeat","background-position":"center center","background-size":"auto","background-attachment":"scroll","background-type":"","background-media":"","overlay-type":"","overlay-color":"","overlay-opacity":"","overlay-gradient":""},"mobile":{"background-color":"var(--ast-global-color-5)","background-image":"","background-repeat":"repeat","background-position":"center center","background-size":"auto","background-attachment":"scroll","background-type":"","background-media":"","overlay-type":"","overlay-color":"","overlay-opacity":"","overlay-gradient":""}},"footnotes":""},"categories":[2,3],"tags":[60,16],"class_list":["post-18960","post","type-post","status-publish","format-standard","hentry","category-infantil","category-p-3-p-4-i-p-5","tag-eduacio-infantil","tag-sortides"],"post_mailing_queue_ids":[],"_links":{"self":[{"href":"https:\/\/agora.xtec.cat\/ceip-lamonjoia\/wp-json\/wp\/v2\/posts\/18960","targetHints":{"allow":["GET"]}}],"collection":[{"href":"https:\/\/agora.xtec.cat\/ceip-lamonjoia\/wp-json\/wp\/v2\/posts"}],"about":[{"href":"https:\/\/agora.xtec.cat\/ceip-lamonjoia\/wp-json\/wp\/v2\/types\/post"}],"author":[{"embeddable":true,"href":"https:\/\/agora.xtec.cat\/ceip-lamonjoia\/wp-json\/wp\/v2\/users\/9"}],"replies":[{"embeddable":true,"href":"https:\/\/agora.xtec.cat\/ceip-lamonjoia\/wp-json\/wp\/v2\/comments?post=18960"}],"version-history":[{"count":2,"href":"https:\/\/agora.xtec.cat\/ceip-lamonjoia\/wp-json\/wp\/v2\/posts\/18960\/revisions"}],"predecessor-version":[{"id":18963,"href":"https:\/\/agora.xtec.cat\/ceip-lamonjoia\/wp-json\/wp\/v2\/posts\/18960\/revisions\/18963"}],"wp:attachment":[{"href":"https:\/\/agora.xtec.cat\/ceip-lamonjoia\/wp-json\/wp\/v2\/media?parent=18960"}],"wp:term":[{"taxonomy":"category","embeddable":true,"href":"https:\/\/agora.xtec.cat\/ceip-lamonjoia\/wp-json\/wp\/v2\/categories?post=18960"},{"taxonomy":"post_tag","embeddable":true,"href":"https:\/\/agora.xtec.cat\/ceip-lamonjoia\/wp-json\/wp\/v2\/tags?post=18960"}],"curies":[{"name":"wp","href":"https:\/\/api.w.org\/{rel}","templated":true}]}}