{"id":18483,"date":"2022-03-04T18:23:01","date_gmt":"2022-03-04T17:23:01","guid":{"rendered":"https:\/\/agora.xtec.cat\/ceip-lamonjoia\/?p=18483"},"modified":"2022-03-04T20:31:41","modified_gmt":"2022-03-04T19:31:41","slug":"acte-de-solidaritat-amb-ucraina","status":"publish","type":"post","link":"https:\/\/agora.xtec.cat\/ceip-lamonjoia\/general\/acte-de-solidaritat-amb-ucraina\/","title":{"rendered":"Acte de solidaritat amb Ucra\u00efna"},"content":{"rendered":"<p>Aquest mat\u00ed a les 12h ens hem reunit tots al pati per fer un petit acte de solidaritat amb el poble ucra\u00efn\u00e8s. Els delegats de cada cicle han compartit reflexions sobre la pau, la guerra i els conflictes armats, que hem estat debatent a classe durant tota aquesta setmana. Hem volgut demostrar el nostre afecte i solidaritat, en especial a la fam\u00edlia Myhal, i a tots aquells que ara mateix ho estan passant tan malament. Hem fet tamb\u00e9 un minut de silenci per totes les v\u00edctimes innocents, i hem intentat enviar tota l&#8217;energia positiva que hem sigut capa\u00e7os de generar per tal que aix\u00f2 s&#8217;acabi ben aviat!<\/p>\n<p><iframe loading=\"lazy\" title=\"YouTube video player\" src=\"\/\/www.youtube.com\/embed\/KYlnnKWsTtE\" width=\"560\" height=\"315\" frameborder=\"0\" allowfullscreen=\"allowfullscreen\"><\/iframe><\/p>\n<p>&nbsp;<\/p>\n<p><a href=\"https:\/\/photos.app.goo.gl\/Y3cQp5Gk2jBJaMSy6\"><img loading=\"lazy\" decoding=\"async\" class=\"alignnone size-full wp-image-18484\" src=\"https:\/\/agora.xtec.cat\/ceip-lamonjoia\/wp-content\/uploads\/usu1254\/2022\/03\/arlet-i-laura.png\" alt=\"\" width=\"936\" height=\"548\" srcset=\"https:\/\/agora.xtec.cat\/ceip-lamonjoia\/wp-content\/uploads\/usu1254\/2022\/03\/arlet-i-laura.png 936w, https:\/\/agora.xtec.cat\/ceip-lamonjoia\/wp-content\/uploads\/usu1254\/2022\/03\/arlet-i-laura-300x176.png 300w, https:\/\/agora.xtec.cat\/ceip-lamonjoia\/wp-content\/uploads\/usu1254\/2022\/03\/arlet-i-laura-768x450.png 768w\" sizes=\"auto, (max-width: 936px) 100vw, 936px\" \/><\/a><\/p>\n","protected":false},"excerpt":{"rendered":"<p>Aquest mat\u00ed a les 12h ens hem reunit tots al pati per fer un petit acte de solidaritat amb el poble ucra\u00efn\u00e8s. Els delegats de cada cicle han compartit reflexions sobre la pau, la guerra i els conflictes armats, que hem estat debatent a classe durant tota aquesta setmana. Hem volgut demostrar el nostre afecte [&hellip;]<\/p>\n","protected":false},"author":5,"featured_media":0,"comment_status":"open","ping_status":"closed","sticky":false,"template":"","format":"standard","meta":{"_bbp_topic_count":0,"_bbp_reply_count":0,"_bbp_total_topic_count":0,"_bbp_total_reply_count":0,"_bbp_voice_count":0,"_bbp_anonymous_reply_count":0,"_bbp_topic_count_hidden":0,"_bbp_reply_count_hidden":0,"_bbp_forum_subforum_count":0,"site-sidebar-layout":"default","site-content-layout":"","ast-site-content-layout":"","site-content-style":"default","site-sidebar-style":"default","ast-global-header-display":"","ast-banner-title-visibility":"","ast-main-header-display":"","ast-hfb-above-header-display":"","ast-hfb-below-header-display":"","ast-hfb-mobile-header-display":"","site-post-title":"","ast-breadcrumbs-content":"","ast-featured-img":"","footer-sml-layout":"","theme-transparent-header-meta":"","adv-header-id-meta":"","stick-header-meta":"","header-above-stick-meta":"","header-main-stick-meta":"","header-below-stick-meta":"","astra-migrate-meta-layouts":"default","ast-page-background-enabled":"default","ast-page-background-meta":{"desktop":{"background-color":"var(--ast-global-color-4)","background-image":"","background-repeat":"repeat","background-position":"center center","background-size":"auto","background-attachment":"scroll","background-type":"","background-media":"","overlay-type":"","overlay-color":"","overlay-opacity":"","overlay-gradient":""},"tablet":{"background-color":"","background-image":"","background-repeat":"repeat","background-position":"center center","background-size":"auto","background-attachment":"scroll","background-type":"","background-media":"","overlay-type":"","overlay-color":"","overlay-opacity":"","overlay-gradient":""},"mobile":{"background-color":"","background-image":"","background-repeat":"repeat","background-position":"center center","background-size":"auto","background-attachment":"scroll","background-type":"","background-media":"","overlay-type":"","overlay-color":"","overlay-opacity":"","overlay-gradient":""}},"ast-content-background-meta":{"desktop":{"background-color":"var(--ast-global-color-5)","background-image":"","background-repeat":"repeat","background-position":"center center","background-size":"auto","background-attachment":"scroll","background-type":"","background-media":"","overlay-type":"","overlay-color":"","overlay-opacity":"","overlay-gradient":""},"tablet":{"background-color":"var(--ast-global-color-5)","background-image":"","background-repeat":"repeat","background-position":"center center","background-size":"auto","background-attachment":"scroll","background-type":"","background-media":"","overlay-type":"","overlay-color":"","overlay-opacity":"","overlay-gradient":""},"mobile":{"background-color":"var(--ast-global-color-5)","background-image":"","background-repeat":"repeat","background-position":"center center","background-size":"auto","background-attachment":"scroll","background-type":"","background-media":"","overlay-type":"","overlay-color":"","overlay-opacity":"","overlay-gradient":""}},"footnotes":""},"categories":[1,4],"tags":[59,58,49,76,60,137],"class_list":["post-18483","post","type-post","status-publish","format-standard","hentry","category-general","category-portada","tag-cicle-inicial","tag-cicle-mitja","tag-cicle-superior","tag-educacio-en-valors","tag-eduacio-infantil","tag-solidaritat"],"post_mailing_queue_ids":[],"_links":{"self":[{"href":"https:\/\/agora.xtec.cat\/ceip-lamonjoia\/wp-json\/wp\/v2\/posts\/18483","targetHints":{"allow":["GET"]}}],"collection":[{"href":"https:\/\/agora.xtec.cat\/ceip-lamonjoia\/wp-json\/wp\/v2\/posts"}],"about":[{"href":"https:\/\/agora.xtec.cat\/ceip-lamonjoia\/wp-json\/wp\/v2\/types\/post"}],"author":[{"embeddable":true,"href":"https:\/\/agora.xtec.cat\/ceip-lamonjoia\/wp-json\/wp\/v2\/users\/5"}],"replies":[{"embeddable":true,"href":"https:\/\/agora.xtec.cat\/ceip-lamonjoia\/wp-json\/wp\/v2\/comments?post=18483"}],"version-history":[{"count":2,"href":"https:\/\/agora.xtec.cat\/ceip-lamonjoia\/wp-json\/wp\/v2\/posts\/18483\/revisions"}],"predecessor-version":[{"id":18486,"href":"https:\/\/agora.xtec.cat\/ceip-lamonjoia\/wp-json\/wp\/v2\/posts\/18483\/revisions\/18486"}],"wp:attachment":[{"href":"https:\/\/agora.xtec.cat\/ceip-lamonjoia\/wp-json\/wp\/v2\/media?parent=18483"}],"wp:term":[{"taxonomy":"category","embeddable":true,"href":"https:\/\/agora.xtec.cat\/ceip-lamonjoia\/wp-json\/wp\/v2\/categories?post=18483"},{"taxonomy":"post_tag","embeddable":true,"href":"https:\/\/agora.xtec.cat\/ceip-lamonjoia\/wp-json\/wp\/v2\/tags?post=18483"}],"curies":[{"name":"wp","href":"https:\/\/api.w.org\/{rel}","templated":true}]}}