{"id":16653,"date":"2020-03-30T10:51:19","date_gmt":"2020-03-30T08:51:19","guid":{"rendered":"http:\/\/agora.xtec.cat\/ceip-lamonjoia\/?p=16653"},"modified":"2020-03-30T10:51:19","modified_gmt":"2020-03-30T08:51:19","slug":"avui-us-proposem","status":"publish","type":"post","link":"https:\/\/agora.xtec.cat\/ceip-lamonjoia\/infantil\/avui-us-proposem\/","title":{"rendered":"Avui us proposem&#8230;"},"content":{"rendered":"<p><span style=\"font-weight: 400;\">Bon dilluns fam\u00edlies!<\/span><\/p>\n<p><span style=\"font-weight: 400;\">A poc a poc us anirem fent propostes d\u2019activitats que fem a l\u2019escola, perqu\u00e8 les pugueu fer a casa, durant aquests dies de confinament.\u00a0<\/span><\/p>\n<p><span style=\"font-weight: 400;\">Avui us proposem crear la vostra pr\u00f2pia safata d\u2019experimentaci\u00f3, fent servir el cul d\u2019una caixa, un calaix vell, una safata de pl\u00e0stic o qualsevol tipus de recipient on hi pugueu posar elements varis i que no caiguin. Aquest material us servir\u00e0 per diferents propostes d&#8217;experimentaci\u00f3 que us anirem fent al llarg d\u2019aquests dies.<\/span><\/p>\n<p><b>Per la proposta d\u2019avui necessitem:<\/b><\/p>\n<ul>\n<li style=\"font-weight: 400;\"><span style=\"font-weight: 400;\">Arr\u00f2s<\/span><\/li>\n<li style=\"font-weight: 400;\"><span style=\"font-weight: 400;\">Colador<\/span><\/li>\n<li style=\"font-weight: 400;\"><span style=\"font-weight: 400;\">Pots petits<\/span><\/li>\n<li style=\"font-weight: 400;\"><span style=\"font-weight: 400;\">Pot gran<\/span><\/li>\n<li style=\"font-weight: 400;\"><span style=\"font-weight: 400;\">Culleres de diferents mides<\/span><\/li>\n<li style=\"font-weight: 400;\"><span style=\"font-weight: 400;\">Embut<\/span><\/li>\n<li style=\"font-weight: 400;\"><span style=\"font-weight: 400;\">&#8230;<\/span><\/li>\n<\/ul>\n<p><span style=\"font-weight: 400;\">L\u2019objectiu de les safates \u00e9s que els infants manipulin, facin moure els dits, experimentin, investiguin, imaginin i facin petits descobriments.<\/span><\/p>\n<p><span style=\"font-weight: 400;\">Si voleu podeu tenyir l&#8217;arr\u00f2s fent servir colorant alimentari, nom\u00e9s cal que el poseu dins una bossa de pl\u00e0stic, hi afegiu una mica de colorant (l\u00edquid), el barregeu fins que agafi el color que us agradi i esperar que s\u2019assequi.<\/span><\/p>\n<p>Recordeu que ens podeu compartir les vostres fotografies a: fotos@lamonjoia.cat, o podeu deixar un comentari en aquest article!<a href=\"https:\/\/agora.xtec.cat\/ceip-lamonjoia\/wp-content\/uploads\/usu1254\/2020\/03\/WhatsApp-Image-2020-03-26-at-19.03.09-1.jpeg\"><img loading=\"lazy\" decoding=\"async\" class=\"alignnone size-large wp-image-16654\" src=\"https:\/\/agora.xtec.cat\/ceip-lamonjoia\/wp-content\/uploads\/usu1254\/2020\/03\/WhatsApp-Image-2020-03-26-at-19.03.09-1-1024x768.jpeg\" alt=\"\" width=\"1024\" height=\"768\" srcset=\"https:\/\/agora.xtec.cat\/ceip-lamonjoia\/wp-content\/uploads\/usu1254\/2020\/03\/WhatsApp-Image-2020-03-26-at-19.03.09-1-1024x768.jpeg 1024w, https:\/\/agora.xtec.cat\/ceip-lamonjoia\/wp-content\/uploads\/usu1254\/2020\/03\/WhatsApp-Image-2020-03-26-at-19.03.09-1-300x225.jpeg 300w, https:\/\/agora.xtec.cat\/ceip-lamonjoia\/wp-content\/uploads\/usu1254\/2020\/03\/WhatsApp-Image-2020-03-26-at-19.03.09-1-768x576.jpeg 768w, https:\/\/agora.xtec.cat\/ceip-lamonjoia\/wp-content\/uploads\/usu1254\/2020\/03\/WhatsApp-Image-2020-03-26-at-19.03.09-1-200x150.jpeg 200w, https:\/\/agora.xtec.cat\/ceip-lamonjoia\/wp-content\/uploads\/usu1254\/2020\/03\/WhatsApp-Image-2020-03-26-at-19.03.09-1.jpeg 2000w\" sizes=\"auto, (max-width: 1024px) 100vw, 1024px\" \/><\/a><\/p>\n<p><span style=\"font-weight: 400;\">Som-hi doncs! <\/span><\/p>\n","protected":false},"excerpt":{"rendered":"<p>Bon dilluns fam\u00edlies! A poc a poc us anirem fent propostes d\u2019activitats que fem a l\u2019escola, perqu\u00e8 les pugueu fer a casa, durant aquests dies de confinament.\u00a0 Avui us proposem crear la vostra pr\u00f2pia safata d\u2019experimentaci\u00f3, fent servir el cul d\u2019una caixa, un calaix vell, una safata de pl\u00e0stic o qualsevol tipus de recipient on [&hellip;]<\/p>\n","protected":false},"author":8,"featured_media":0,"comment_status":"open","ping_status":"closed","sticky":false,"template":"","format":"standard","meta":{"_bbp_topic_count":0,"_bbp_reply_count":0,"_bbp_total_topic_count":0,"_bbp_total_reply_count":0,"_bbp_voice_count":0,"_bbp_anonymous_reply_count":0,"_bbp_topic_count_hidden":0,"_bbp_reply_count_hidden":0,"_bbp_forum_subforum_count":0,"site-sidebar-layout":"default","site-content-layout":"","ast-site-content-layout":"","site-content-style":"default","site-sidebar-style":"default","ast-global-header-display":"","ast-banner-title-visibility":"","ast-main-header-display":"","ast-hfb-above-header-display":"","ast-hfb-below-header-display":"","ast-hfb-mobile-header-display":"","site-post-title":"","ast-breadcrumbs-content":"","ast-featured-img":"","footer-sml-layout":"","theme-transparent-header-meta":"","adv-header-id-meta":"","stick-header-meta":"","header-above-stick-meta":"","header-main-stick-meta":"","header-below-stick-meta":"","astra-migrate-meta-layouts":"default","ast-page-background-enabled":"default","ast-page-background-meta":{"desktop":{"background-color":"var(--ast-global-color-4)","background-image":"","background-repeat":"repeat","background-position":"center center","background-size":"auto","background-attachment":"scroll","background-type":"","background-media":"","overlay-type":"","overlay-color":"","overlay-opacity":"","overlay-gradient":""},"tablet":{"background-color":"","background-image":"","background-repeat":"repeat","background-position":"center center","background-size":"auto","background-attachment":"scroll","background-type":"","background-media":"","overlay-type":"","overlay-color":"","overlay-opacity":"","overlay-gradient":""},"mobile":{"background-color":"","background-image":"","background-repeat":"repeat","background-position":"center center","background-size":"auto","background-attachment":"scroll","background-type":"","background-media":"","overlay-type":"","overlay-color":"","overlay-opacity":"","overlay-gradient":""}},"ast-content-background-meta":{"desktop":{"background-color":"var(--ast-global-color-5)","background-image":"","background-repeat":"repeat","background-position":"center center","background-size":"auto","background-attachment":"scroll","background-type":"","background-media":"","overlay-type":"","overlay-color":"","overlay-opacity":"","overlay-gradient":""},"tablet":{"background-color":"var(--ast-global-color-5)","background-image":"","background-repeat":"repeat","background-position":"center center","background-size":"auto","background-attachment":"scroll","background-type":"","background-media":"","overlay-type":"","overlay-color":"","overlay-opacity":"","overlay-gradient":""},"mobile":{"background-color":"var(--ast-global-color-5)","background-image":"","background-repeat":"repeat","background-position":"center center","background-size":"auto","background-attachment":"scroll","background-type":"","background-media":"","overlay-type":"","overlay-color":"","overlay-opacity":"","overlay-gradient":""}},"footnotes":""},"categories":[2,3],"tags":[60,100],"class_list":["post-16653","post","type-post","status-publish","format-standard","hentry","category-infantil","category-p-3-p-4-i-p-5","tag-eduacio-infantil","tag-escola-a-casa"],"post_mailing_queue_ids":[],"_links":{"self":[{"href":"https:\/\/agora.xtec.cat\/ceip-lamonjoia\/wp-json\/wp\/v2\/posts\/16653","targetHints":{"allow":["GET"]}}],"collection":[{"href":"https:\/\/agora.xtec.cat\/ceip-lamonjoia\/wp-json\/wp\/v2\/posts"}],"about":[{"href":"https:\/\/agora.xtec.cat\/ceip-lamonjoia\/wp-json\/wp\/v2\/types\/post"}],"author":[{"embeddable":true,"href":"https:\/\/agora.xtec.cat\/ceip-lamonjoia\/wp-json\/wp\/v2\/users\/8"}],"replies":[{"embeddable":true,"href":"https:\/\/agora.xtec.cat\/ceip-lamonjoia\/wp-json\/wp\/v2\/comments?post=16653"}],"version-history":[{"count":1,"href":"https:\/\/agora.xtec.cat\/ceip-lamonjoia\/wp-json\/wp\/v2\/posts\/16653\/revisions"}],"predecessor-version":[{"id":16655,"href":"https:\/\/agora.xtec.cat\/ceip-lamonjoia\/wp-json\/wp\/v2\/posts\/16653\/revisions\/16655"}],"wp:attachment":[{"href":"https:\/\/agora.xtec.cat\/ceip-lamonjoia\/wp-json\/wp\/v2\/media?parent=16653"}],"wp:term":[{"taxonomy":"category","embeddable":true,"href":"https:\/\/agora.xtec.cat\/ceip-lamonjoia\/wp-json\/wp\/v2\/categories?post=16653"},{"taxonomy":"post_tag","embeddable":true,"href":"https:\/\/agora.xtec.cat\/ceip-lamonjoia\/wp-json\/wp\/v2\/tags?post=16653"}],"curies":[{"name":"wp","href":"https:\/\/api.w.org\/{rel}","templated":true}]}}