{"id":16513,"date":"2020-03-21T09:53:23","date_gmt":"2020-03-21T08:53:23","guid":{"rendered":"http:\/\/agora.xtec.cat\/ceip-lamonjoia\/?p=16513"},"modified":"2020-03-21T09:57:11","modified_gmt":"2020-03-21T08:57:11","slug":"benvinguda-primavera","status":"publish","type":"post","link":"https:\/\/agora.xtec.cat\/ceip-lamonjoia\/general\/benvinguda-primavera\/","title":{"rendered":"Benvinguda primavera!"},"content":{"rendered":"<p><iframe loading=\"lazy\" src=\"\/\/www.youtube.com\/embed\/3NSp44tUJ5Q\" width=\"560\" height=\"315\" frameborder=\"0\"><\/iframe><\/p>\n<p>Aqu\u00ed teniu un poema de Miquel Mart\u00ed i Pol musicat per Guillem Roma. Una mica de m\u00fasica per donar la benvinguda a la primavera. Us animeu a cantar-la?<\/p>\n<div>Heus ac\u00ed:<\/div>\n<div>Una oreneta,<\/div>\n<div>la primera,<\/div>\n<div>ha arribat al poble.<\/div>\n<div>I l&#8217;home que treballa al camp,<\/div>\n<div>i la noia que passa pel pont,<\/div>\n<div>i el vell que seu en un marge, fora vila,<\/div>\n<div>i fins aquells que en l&#8217;estretor de les f\u00e0briques<\/div>\n<div>tenen la sort de veure una mica de cel<\/div>\n<div>han sabut la not\u00edcia.<\/div>\n<div>L&#8217;oreneta ha volat,<\/div>\n<div>una mica indecisa,<\/div>\n<div>ran mateix de l&#8217;aigua del riu,<\/div>\n<div>s&#8217;ha enfilat pont amunt,<\/div>\n<div>ha travessat, xisclant, la pla\u00e7a<\/div>\n<div>i s&#8217;ha perdut pels carrers en silenci.<\/div>\n<div>I la mestressa que torna de comprar<\/div>\n<div>ho ha dit als vailets de l&#8217;escola,<\/div>\n<div>i aquests, a les dones que renten al safareig p\u00fablic,<\/div>\n<div>i elles ho han cridat<\/div>\n<div>a l&#8217;home que empeny un carret\u00f3 pel carrer,<\/div>\n<div>i l&#8217;home ho ha repetit qui sap les vegades<\/div>\n<div>i n&#8217;ha fet una can\u00e7\u00f3<\/div>\n<div>al ritme feixuc de la roda.<\/div>\n<div>Heus ac\u00ed el que diu:<\/div>\n<div>\n<p>La primavera ha arribat al poble.<\/p>\n<\/div>\n<div>\u00a0\u00a0\u00a0\u00a0\u00a0\u00a0\u00a0\u00a0\u00a0\u00a0\u00a0\u00a0\u00a0\u00a0\u00a0\u00a0\u00a0\u00a0\u00a0\u00a0\u00a0\u00a0\u00a0\u00a0\u00a0\u00a0\u00a0\u00a0\u00a0<i><u>Miquel Mart\u00ed i Pol<\/u><\/i><\/div>\n","protected":false},"excerpt":{"rendered":"<p>Aqu\u00ed teniu un poema de Miquel Mart\u00ed i Pol musicat per Guillem Roma. Una mica de m\u00fasica per donar la benvinguda a la primavera. Us animeu a cantar-la? Heus ac\u00ed: Una oreneta, la primera, ha arribat al poble. I l&#8217;home que treballa al camp, i la noia que passa pel pont, i el vell que [&hellip;]<\/p>\n","protected":false},"author":6,"featured_media":16516,"comment_status":"closed","ping_status":"closed","sticky":false,"template":"","format":"standard","meta":{"_bbp_topic_count":0,"_bbp_reply_count":0,"_bbp_total_topic_count":0,"_bbp_total_reply_count":0,"_bbp_voice_count":0,"_bbp_anonymous_reply_count":0,"_bbp_topic_count_hidden":0,"_bbp_reply_count_hidden":0,"_bbp_forum_subforum_count":0,"site-sidebar-layout":"default","site-content-layout":"","ast-site-content-layout":"","site-content-style":"default","site-sidebar-style":"default","ast-global-header-display":"","ast-banner-title-visibility":"","ast-main-header-display":"","ast-hfb-above-header-display":"","ast-hfb-below-header-display":"","ast-hfb-mobile-header-display":"","site-post-title":"","ast-breadcrumbs-content":"","ast-featured-img":"","footer-sml-layout":"","theme-transparent-header-meta":"","adv-header-id-meta":"","stick-header-meta":"","header-above-stick-meta":"","header-main-stick-meta":"","header-below-stick-meta":"","astra-migrate-meta-layouts":"default","ast-page-background-enabled":"default","ast-page-background-meta":{"desktop":{"background-color":"var(--ast-global-color-4)","background-image":"","background-repeat":"repeat","background-position":"center center","background-size":"auto","background-attachment":"scroll","background-type":"","background-media":"","overlay-type":"","overlay-color":"","overlay-opacity":"","overlay-gradient":""},"tablet":{"background-color":"","background-image":"","background-repeat":"repeat","background-position":"center center","background-size":"auto","background-attachment":"scroll","background-type":"","background-media":"","overlay-type":"","overlay-color":"","overlay-opacity":"","overlay-gradient":""},"mobile":{"background-color":"","background-image":"","background-repeat":"repeat","background-position":"center center","background-size":"auto","background-attachment":"scroll","background-type":"","background-media":"","overlay-type":"","overlay-color":"","overlay-opacity":"","overlay-gradient":""}},"ast-content-background-meta":{"desktop":{"background-color":"var(--ast-global-color-5)","background-image":"","background-repeat":"repeat","background-position":"center center","background-size":"auto","background-attachment":"scroll","background-type":"","background-media":"","overlay-type":"","overlay-color":"","overlay-opacity":"","overlay-gradient":""},"tablet":{"background-color":"var(--ast-global-color-5)","background-image":"","background-repeat":"repeat","background-position":"center center","background-size":"auto","background-attachment":"scroll","background-type":"","background-media":"","overlay-type":"","overlay-color":"","overlay-opacity":"","overlay-gradient":""},"mobile":{"background-color":"var(--ast-global-color-5)","background-image":"","background-repeat":"repeat","background-position":"center center","background-size":"auto","background-attachment":"scroll","background-type":"","background-media":"","overlay-type":"","overlay-color":"","overlay-opacity":"","overlay-gradient":""}},"footnotes":""},"categories":[12,14,1,4],"tags":[58,49,100,99,101],"class_list":["post-16513","post","type-post","status-publish","format-standard","has-post-thumbnail","hentry","category-cm","category-cs","category-general","category-portada","tag-cicle-mitja","tag-cicle-superior","tag-escola-a-casa","tag-joemquedoacasa","tag-poesia"],"post_mailing_queue_ids":[],"_links":{"self":[{"href":"https:\/\/agora.xtec.cat\/ceip-lamonjoia\/wp-json\/wp\/v2\/posts\/16513","targetHints":{"allow":["GET"]}}],"collection":[{"href":"https:\/\/agora.xtec.cat\/ceip-lamonjoia\/wp-json\/wp\/v2\/posts"}],"about":[{"href":"https:\/\/agora.xtec.cat\/ceip-lamonjoia\/wp-json\/wp\/v2\/types\/post"}],"author":[{"embeddable":true,"href":"https:\/\/agora.xtec.cat\/ceip-lamonjoia\/wp-json\/wp\/v2\/users\/6"}],"replies":[{"embeddable":true,"href":"https:\/\/agora.xtec.cat\/ceip-lamonjoia\/wp-json\/wp\/v2\/comments?post=16513"}],"version-history":[{"count":3,"href":"https:\/\/agora.xtec.cat\/ceip-lamonjoia\/wp-json\/wp\/v2\/posts\/16513\/revisions"}],"predecessor-version":[{"id":16517,"href":"https:\/\/agora.xtec.cat\/ceip-lamonjoia\/wp-json\/wp\/v2\/posts\/16513\/revisions\/16517"}],"wp:featuredmedia":[{"embeddable":true,"href":"https:\/\/agora.xtec.cat\/ceip-lamonjoia\/wp-json\/wp\/v2\/media\/16516"}],"wp:attachment":[{"href":"https:\/\/agora.xtec.cat\/ceip-lamonjoia\/wp-json\/wp\/v2\/media?parent=16513"}],"wp:term":[{"taxonomy":"category","embeddable":true,"href":"https:\/\/agora.xtec.cat\/ceip-lamonjoia\/wp-json\/wp\/v2\/categories?post=16513"},{"taxonomy":"post_tag","embeddable":true,"href":"https:\/\/agora.xtec.cat\/ceip-lamonjoia\/wp-json\/wp\/v2\/tags?post=16513"}],"curies":[{"name":"wp","href":"https:\/\/api.w.org\/{rel}","templated":true}]}}