{"id":7484,"date":"2026-02-13T12:00:28","date_gmt":"2026-02-13T11:00:28","guid":{"rendered":"https:\/\/agora.xtec.cat\/ceip-lalzina\/?p=7484"},"modified":"2026-02-13T12:00:28","modified_gmt":"2026-02-13T11:00:28","slug":"1a-marato-de-radio-al-baix-llobregat","status":"publish","type":"post","link":"https:\/\/agora.xtec.cat\/ceip-lalzina\/general\/1a-marato-de-radio-al-baix-llobregat\/","title":{"rendered":"1\u00aa Marat\u00f3 de R\u00e0dio al Baix Llobregat"},"content":{"rendered":"<p data-path-to-node=\"3\"><span data-path-to-node=\"3,0\">Avui, divendres 13 de febrer, \u00e9s un dia molt especial per a la nostra escola. <\/span><span data-path-to-node=\"3,2\"><span class=\"citation-43\">Coincidint amb el <\/span><b data-path-to-node=\"3,2\" data-index-in-node=\"18\"><span class=\"citation-43\">Dia Mundial de la R\u00e0dio<\/span><\/b><span class=\"citation-43\">, us convidem a sintonitzar el programa especial fruit de la 1a Marat\u00f3 de R\u00e0dio del Baix Llobregat<\/span><\/span><span data-path-to-node=\"3,4\">.<\/span><\/p>\n<p data-path-to-node=\"4\"><span data-path-to-node=\"4,1\"><span class=\"citation-42\">L&#8217;alumnat de <\/span><span class=\"citation-42\">4t de l&#8217;Escola L&#8217;Alzina<\/span><span class=\"citation-42\">, juntament amb altres escoles de Sant Feliu de Llobregat i Molins de Rei, han estat els protagonistes d&#8217;aquesta iniciativa<\/span><\/span><span data-path-to-node=\"4,3\">. <\/span><span data-path-to-node=\"4,5\"><span class=\"citation-41\">Els nostres alumnes s&#8217;han convertit en aut\u00e8ntics periodistes i creadors de continguts, explicant tot el que han apr\u00e8s sobre la seva visita a la Sagrada Fam\u00edlia.<\/span><\/span><\/p>\n<p data-path-to-node=\"5\">On i quan podeu escoltar-nos? Avui podreu gaudir de l&#8217;emissi\u00f3 del programa a trav\u00e9s dels seg\u00fcents canals:<\/p>\n<ul data-path-to-node=\"6\">\n<li>\n<p data-path-to-node=\"6,0,0\"><span data-path-to-node=\"6,0,0,1\"><span class=\"citation-40\">\ud83d\udcfb <\/span><b data-path-to-node=\"6,0,0,1\" data-index-in-node=\"3\"><span class=\"citation-40\">R\u00e0dio Sant Feliu (105.3 FM):<\/span><\/b><span class=\"citation-40\"> A partir de les <\/span><b data-path-to-node=\"6,0,0,1\" data-index-in-node=\"48\"><span class=\"citation-40\">16:00 h<\/span><\/b><\/span><span data-path-to-node=\"6,0,0,3\">.<\/span><\/p>\n<\/li>\n<li>\n<p data-path-to-node=\"6,1,0\"><span data-path-to-node=\"6,1,0,1\"><span class=\"citation-39\">\ud83c\udfa7 <\/span><b data-path-to-node=\"6,1,0,1\" data-index-in-node=\"3\"><span class=\"citation-39\">En l\u00ednia:<\/span><\/b><span class=\"citation-39\"> A trav\u00e9s de <\/span><a class=\"ng-star-inserted\" href=\"https:\/\/www.google.com\/search?q=https:\/\/radiosantfeliu.cat\" target=\"_blank\" rel=\"noopener\"><span class=\"citation-39\">radiosantfeliu.cat<\/span><\/a><span class=\"citation-39\"> o al canal de r\u00e0dio del CRP: <\/span><a class=\"ng-star-inserted\" href=\"https:\/\/www.google.com\/url?sa=E&amp;source=gmail&amp;q=https:\/\/ja.cat\/CRPradiobll1\" target=\"_blank\" rel=\"noopener\"><span class=\"citation-39\">ja.cat\/CRPradiobll1<\/span><\/a><\/span><span data-path-to-node=\"6,1,0,3\">.<\/span><\/p>\n<\/li>\n<\/ul>\n<p data-path-to-node=\"7\">Aquesta<span data-path-to-node=\"7,2\"><span class=\"citation-38\"> marat\u00f3 ha estat el tancament d&#8217;un proc\u00e9s d&#8217;aprenentatge en qu\u00e8 els infants han treballat el gui\u00f3, la vocalitzaci\u00f3 i el domini del micr\u00f2fon<\/span><\/span><span data-path-to-node=\"7,4\">. <\/span><span data-path-to-node=\"7,6\"><span class=\"citation-37\">Malgrat els nervis del directe, l&#8217;experi\u00e8ncia a la Sala Ib\u00e8ria ha estat una oportunitat \u00fanica per expressar la seva creativitat en un entorn professional<\/span><\/span><span data-path-to-node=\"7,8\">.<\/span><\/p>\n<p id=\"p-rc_19a2bc13f196bed8-24\" data-path-to-node=\"8\"><span data-path-to-node=\"8,1\"><span class=\"citation-36\">No us perdeu les veus de les nostres alumnes!<\/span><\/span><\/p>\n<p data-path-to-node=\"8\">En\u00a0 el seg\u00fcent enlla\u00e7 trobareu el resum que ha fet el Departament d&#8217;Educaci\u00f3 del que va ser la jornada.<\/p>\n<p><iframe loading=\"lazy\" title=\"Dia Mundial de la R\u00e0dio: alumnes en antena\" width=\"500\" height=\"281\" src=\"https:\/\/www.youtube.com\/embed\/ehuQqmQDuNk?feature=oembed\" frameborder=\"0\" allow=\"accelerometer; autoplay; clipboard-write; encrypted-media; gyroscope; picture-in-picture; web-share\" referrerpolicy=\"strict-origin-when-cross-origin\" allowfullscreen><\/iframe><\/p>\n","protected":false},"excerpt":{"rendered":"<p>Avui, divendres 13 de febrer, \u00e9s un dia molt especial per a la nostra escola. Coincidint amb el Dia Mundial de la R\u00e0dio, us convidem a sintonitzar el programa especial fruit de la 1a Marat\u00f3 de R\u00e0dio del Baix Llobregat.<br \/>\nL&#8217;alumnat de 4t de l&#8217;Escola L&#8217;Alzina,&hellip;  <a href=\"https:\/\/agora.xtec.cat\/ceip-lalzina\/general\/1a-marato-de-radio-al-baix-llobregat\/\" title=\"Read 1\u00aa Marat\u00f3 de R\u00e0dio al Baix Llobregat\">Llegeix m\u00e9s\u00bb<\/a><\/p>\n","protected":false},"author":1,"featured_media":7485,"comment_status":"closed","ping_status":"closed","sticky":false,"template":"","format":"standard","meta":{"_bbp_topic_count":0,"_bbp_reply_count":0,"_bbp_total_topic_count":0,"_bbp_total_reply_count":0,"_bbp_voice_count":0,"_bbp_anonymous_reply_count":0,"_bbp_topic_count_hidden":0,"_bbp_reply_count_hidden":0,"_bbp_forum_subforum_count":0,"footnotes":""},"categories":[1,4],"tags":[],"class_list":["post-7484","post","type-post","status-publish","format-standard","has-post-thumbnail","hentry","category-general","category-portada"],"post_mailing_queue_ids":[],"_links":{"self":[{"href":"https:\/\/agora.xtec.cat\/ceip-lalzina\/wp-json\/wp\/v2\/posts\/7484","targetHints":{"allow":["GET"]}}],"collection":[{"href":"https:\/\/agora.xtec.cat\/ceip-lalzina\/wp-json\/wp\/v2\/posts"}],"about":[{"href":"https:\/\/agora.xtec.cat\/ceip-lalzina\/wp-json\/wp\/v2\/types\/post"}],"author":[{"embeddable":true,"href":"https:\/\/agora.xtec.cat\/ceip-lalzina\/wp-json\/wp\/v2\/users\/1"}],"replies":[{"embeddable":true,"href":"https:\/\/agora.xtec.cat\/ceip-lalzina\/wp-json\/wp\/v2\/comments?post=7484"}],"version-history":[{"count":1,"href":"https:\/\/agora.xtec.cat\/ceip-lalzina\/wp-json\/wp\/v2\/posts\/7484\/revisions"}],"predecessor-version":[{"id":7486,"href":"https:\/\/agora.xtec.cat\/ceip-lalzina\/wp-json\/wp\/v2\/posts\/7484\/revisions\/7486"}],"wp:featuredmedia":[{"embeddable":true,"href":"https:\/\/agora.xtec.cat\/ceip-lalzina\/wp-json\/wp\/v2\/media\/7485"}],"wp:attachment":[{"href":"https:\/\/agora.xtec.cat\/ceip-lalzina\/wp-json\/wp\/v2\/media?parent=7484"}],"wp:term":[{"taxonomy":"category","embeddable":true,"href":"https:\/\/agora.xtec.cat\/ceip-lalzina\/wp-json\/wp\/v2\/categories?post=7484"},{"taxonomy":"post_tag","embeddable":true,"href":"https:\/\/agora.xtec.cat\/ceip-lalzina\/wp-json\/wp\/v2\/tags?post=7484"}],"curies":[{"name":"wp","href":"https:\/\/api.w.org\/{rel}","templated":true}]}}