{"id":6684,"date":"2022-04-06T15:03:13","date_gmt":"2022-04-06T13:03:13","guid":{"rendered":"https:\/\/agora.xtec.cat\/ceip-lalzina\/?p=6684"},"modified":"2022-04-06T15:08:47","modified_gmt":"2022-04-06T13:08:47","slug":"visita-musical-den-lalo-lopez","status":"publish","type":"post","link":"https:\/\/agora.xtec.cat\/ceip-lalzina\/general\/visita-musical-den-lalo-lopez\/","title":{"rendered":"Visita musical d&#8217;en Lalo L\u00f3pez"},"content":{"rendered":"<p>Avui per estrenar el nostre Festival hem tingut una visita molt musical a la classe del Funky.<\/p>\n<p>Ens ha visitat en Lalo L\u00f3pez, membre fundador del grup Fundaci\u00f3n Tony Manero, un referent de la m\u00fasica funky arreu del pa\u00eds.<\/p>\n<p>Ens ha explicat qui \u00e9s, que fa, qui \u00e9s Tony Manero, coses i curiositats de la m\u00fasica Funky, hem escoltat com sona la seva guitarra, hem pogut tocar-la i cantar a ritme de funky.<\/p>\n<p>I com que una imatge val m\u00e9s que mil paraules&#8230; aqu\u00ed us deixem les fotografies i els v\u00eddeos d&#8217;avui.<\/p>\n<p><a href=\"https:\/\/photos.app.goo.gl\/ivtE7v5bcVTfkwRGA\">Fotografies de la visita musical<\/a><\/p>\n<p>&nbsp;<\/p>\n","protected":false},"excerpt":{"rendered":"<p>Avui per estrenar el nostre Festival hem tingut una visita molt musical a la classe del Funky.<br \/>\nEns ha visitat en Lalo L\u00f3pez, membre fundador del grup Fundaci\u00f3n Tony Manero, un referent de la m\u00fasica funky arreu del pa\u00eds.<br \/>\nEns ha explicat qui \u00e9s, que fa, qui&hellip;  <a href=\"https:\/\/agora.xtec.cat\/ceip-lalzina\/general\/visita-musical-den-lalo-lopez\/\" title=\"Read Visita musical d&#8217;en Lalo L\u00f3pez\">Llegeix m\u00e9s\u00bb<\/a><\/p>\n","protected":false},"author":33,"featured_media":0,"comment_status":"open","ping_status":"closed","sticky":false,"template":"","format":"standard","meta":{"_bbp_topic_count":0,"_bbp_reply_count":0,"_bbp_total_topic_count":0,"_bbp_total_reply_count":0,"_bbp_voice_count":0,"_bbp_anonymous_reply_count":0,"_bbp_topic_count_hidden":0,"_bbp_reply_count_hidden":0,"_bbp_forum_subforum_count":0,"footnotes":""},"categories":[12,78,1,4],"tags":[],"class_list":["post-6684","post","type-post","status-publish","format-standard","hentry","category-ci","category-el-nostre-dia-a-dia","category-general","category-portada"],"post_mailing_queue_ids":[],"_links":{"self":[{"href":"https:\/\/agora.xtec.cat\/ceip-lalzina\/wp-json\/wp\/v2\/posts\/6684","targetHints":{"allow":["GET"]}}],"collection":[{"href":"https:\/\/agora.xtec.cat\/ceip-lalzina\/wp-json\/wp\/v2\/posts"}],"about":[{"href":"https:\/\/agora.xtec.cat\/ceip-lalzina\/wp-json\/wp\/v2\/types\/post"}],"author":[{"embeddable":true,"href":"https:\/\/agora.xtec.cat\/ceip-lalzina\/wp-json\/wp\/v2\/users\/33"}],"replies":[{"embeddable":true,"href":"https:\/\/agora.xtec.cat\/ceip-lalzina\/wp-json\/wp\/v2\/comments?post=6684"}],"version-history":[{"count":1,"href":"https:\/\/agora.xtec.cat\/ceip-lalzina\/wp-json\/wp\/v2\/posts\/6684\/revisions"}],"predecessor-version":[{"id":6685,"href":"https:\/\/agora.xtec.cat\/ceip-lalzina\/wp-json\/wp\/v2\/posts\/6684\/revisions\/6685"}],"wp:attachment":[{"href":"https:\/\/agora.xtec.cat\/ceip-lalzina\/wp-json\/wp\/v2\/media?parent=6684"}],"wp:term":[{"taxonomy":"category","embeddable":true,"href":"https:\/\/agora.xtec.cat\/ceip-lalzina\/wp-json\/wp\/v2\/categories?post=6684"},{"taxonomy":"post_tag","embeddable":true,"href":"https:\/\/agora.xtec.cat\/ceip-lalzina\/wp-json\/wp\/v2\/tags?post=6684"}],"curies":[{"name":"wp","href":"https:\/\/api.w.org\/{rel}","templated":true}]}}