{"id":4981,"date":"2019-06-21T20:54:27","date_gmt":"2019-06-21T18:54:27","guid":{"rendered":"http:\/\/agora.xtec.cat\/ceip-lalzina\/?p=4981"},"modified":"2019-06-23T19:17:08","modified_gmt":"2019-06-23T17:17:08","slug":"la-musica-i-la-dansa-a-lantic-egipte-2n","status":"publish","type":"post","link":"https:\/\/agora.xtec.cat\/ceip-lalzina\/ci\/la-musica-i-la-dansa-a-lantic-egipte-2n\/","title":{"rendered":"La m\u00fasica i la dansa a l&#8217;antic Egipte (2n)"},"content":{"rendered":"<p style=\"text-align: justify;\">A l\u2019antic Egipte, la m\u00fasica i la dansa s\u2019utilitzaven per a v\u00e0ries finalitats:<br \/>\n-Per comunicar-se amb els D\u00e9us.<br \/>\n-Per representar l\u2019espai celeste, les esferes de l\u2019Univers i el seu moviment.<br \/>\n-Per demanar bones collites als D\u00e9us.<br \/>\n-Per entreteniment.<br \/>\n-Per acompanyar en els ritus funeraris.<br \/>\nDurant el 3r trimestre, dins l&#8217;\u00e0rea de m\u00fasica i dansa, els alumnes de 2n han creat unes coreografies per representar quina era la funci\u00f3 de la m\u00fasica i la dansa a l\u2019antic Egipte.<\/p>\n<p>Per a veure els v\u00eddeos cliqueu la foto.<\/p>\n<p><a href=\"https:\/\/photos.app.goo.gl\/DkLkab7neApGqowJ6\" target=\"_blank\" rel=\"noopener noreferrer\"><img loading=\"lazy\" decoding=\"async\" class=\"aligncenter wp-image-4984\" src=\"https:\/\/agora.xtec.cat\/ceip-lalzina\/wp-content\/uploads\/usu1412\/2019\/06\/Celebracions-egipcies-audio1_gran-300x169.jpg\" alt=\"\" width=\"461\" height=\"260\" srcset=\"https:\/\/agora.xtec.cat\/ceip-lalzina\/wp-content\/uploads\/usu1412\/2019\/06\/Celebracions-egipcies-audio1_gran-300x169.jpg 300w, https:\/\/agora.xtec.cat\/ceip-lalzina\/wp-content\/uploads\/usu1412\/2019\/06\/Celebracions-egipcies-audio1_gran-768x433.jpg 768w, https:\/\/agora.xtec.cat\/ceip-lalzina\/wp-content\/uploads\/usu1412\/2019\/06\/Celebracions-egipcies-audio1_gran.jpg 887w\" sizes=\"auto, (max-width: 461px) 100vw, 461px\" \/><\/a><\/p>\n<p>&nbsp;<\/p>\n<p>&nbsp;<\/p>\n","protected":false},"excerpt":{"rendered":"<p>A l\u2019antic Egipte, la m\u00fasica i la dansa s\u2019utilitzaven per a v\u00e0ries finalitats:<br \/>\n-Per comunicar-se amb els D\u00e9us.<br \/>\n-Per representar l\u2019espai celeste, les esferes de l\u2019Univers i el seu moviment.<br \/>\n-Per demanar bones collites als D\u00e9us.<br \/>\n-Per entreteniment.<br \/>\n-Per acompanyar en els ritus funeraris.<br \/>\nDurant el 3r trimestre, dins l&#8217;\u00e0rea de&hellip;  <a href=\"https:\/\/agora.xtec.cat\/ceip-lalzina\/ci\/la-musica-i-la-dansa-a-lantic-egipte-2n\/\" title=\"Read La m\u00fasica i la dansa a l&#8217;antic Egipte (2n)\">Llegeix m\u00e9s\u00bb<\/a><\/p>\n","protected":false},"author":1,"featured_media":0,"comment_status":"open","ping_status":"closed","sticky":false,"template":"","format":"standard","meta":{"_bbp_topic_count":0,"_bbp_reply_count":0,"_bbp_total_topic_count":0,"_bbp_total_reply_count":0,"_bbp_voice_count":0,"_bbp_anonymous_reply_count":0,"_bbp_topic_count_hidden":0,"_bbp_reply_count_hidden":0,"_bbp_forum_subforum_count":0,"footnotes":""},"categories":[12],"tags":[],"class_list":["post-4981","post","type-post","status-publish","format-standard","hentry","category-ci"],"post_mailing_queue_ids":[],"_links":{"self":[{"href":"https:\/\/agora.xtec.cat\/ceip-lalzina\/wp-json\/wp\/v2\/posts\/4981","targetHints":{"allow":["GET"]}}],"collection":[{"href":"https:\/\/agora.xtec.cat\/ceip-lalzina\/wp-json\/wp\/v2\/posts"}],"about":[{"href":"https:\/\/agora.xtec.cat\/ceip-lalzina\/wp-json\/wp\/v2\/types\/post"}],"author":[{"embeddable":true,"href":"https:\/\/agora.xtec.cat\/ceip-lalzina\/wp-json\/wp\/v2\/users\/1"}],"replies":[{"embeddable":true,"href":"https:\/\/agora.xtec.cat\/ceip-lalzina\/wp-json\/wp\/v2\/comments?post=4981"}],"version-history":[{"count":3,"href":"https:\/\/agora.xtec.cat\/ceip-lalzina\/wp-json\/wp\/v2\/posts\/4981\/revisions"}],"predecessor-version":[{"id":5001,"href":"https:\/\/agora.xtec.cat\/ceip-lalzina\/wp-json\/wp\/v2\/posts\/4981\/revisions\/5001"}],"wp:attachment":[{"href":"https:\/\/agora.xtec.cat\/ceip-lalzina\/wp-json\/wp\/v2\/media?parent=4981"}],"wp:term":[{"taxonomy":"category","embeddable":true,"href":"https:\/\/agora.xtec.cat\/ceip-lalzina\/wp-json\/wp\/v2\/categories?post=4981"},{"taxonomy":"post_tag","embeddable":true,"href":"https:\/\/agora.xtec.cat\/ceip-lalzina\/wp-json\/wp\/v2\/tags?post=4981"}],"curies":[{"name":"wp","href":"https:\/\/api.w.org\/{rel}","templated":true}]}}