{"id":4572,"date":"2019-02-08T12:49:40","date_gmt":"2019-02-08T11:49:40","guid":{"rendered":"http:\/\/agora.xtec.cat\/ceip-lalzina\/?p=4572"},"modified":"2019-02-08T12:49:40","modified_gmt":"2019-02-08T11:49:40","slug":"segon-arquimedes-i-la-palanca","status":"publish","type":"post","link":"https:\/\/agora.xtec.cat\/ceip-lalzina\/ci\/segon-arquimedes-i-la-palanca\/","title":{"rendered":"Segon &#8211; Arqu\u00edmedes i la palanca"},"content":{"rendered":"<p>A Medi estem estudiant el projecte dels materials, eines, invents i descobriments i hem experimentat amb la palanca. Hem anat al pati d&#8217;infantil amb unes fustes i hem constru\u00eft palanques senzilles, hem omplert cubells de sorra, que encara que els pod\u00edem aixecar sense problemes, hav\u00edem de fer un esfor\u00e7.<\/p>\n<p>En canvi, posant el cubell sobre la palanca, l&#8217;esfor\u00e7 era menor. Sobretot si tros de fusta del cubell era el curt i el del peu era el llarg, o era a l&#8217;inrev\u00e9s? Qui s&#8217;enrecorda?\u00a0 \ud83d\ude42<\/p>\n<p>Ah, i de cam\u00ed a classe, els de p3 han volgut que els expliqu\u00e9ssim que est\u00e0vem fent amb la sorra i les fustes!<\/p>\n<p><a href=\"https:\/\/photos.app.goo.gl\/6F32qAgP7VVraLm49\">Per veure les fotos cliqueu aqu\u00ed.<\/a><\/p>\n","protected":false},"excerpt":{"rendered":"<p>A Medi estem estudiant el projecte dels materials, eines, invents i descobriments i hem experimentat amb la palanca. Hem anat al pati d&#8217;infantil amb unes fustes i hem constru\u00eft palanques senzilles, hem omplert cubells de sorra, que encara que els pod\u00edem aixecar sense problemes, hav\u00edem&hellip;  <a href=\"https:\/\/agora.xtec.cat\/ceip-lalzina\/ci\/segon-arquimedes-i-la-palanca\/\" title=\"Read Segon &#8211; Arqu\u00edmedes i la palanca\">Llegeix m\u00e9s\u00bb<\/a><\/p>\n","protected":false},"author":1,"featured_media":0,"comment_status":"open","ping_status":"closed","sticky":false,"template":"","format":"standard","meta":{"_bbp_topic_count":0,"_bbp_reply_count":0,"_bbp_total_topic_count":0,"_bbp_total_reply_count":0,"_bbp_voice_count":0,"_bbp_anonymous_reply_count":0,"_bbp_topic_count_hidden":0,"_bbp_reply_count_hidden":0,"_bbp_forum_subforum_count":0,"footnotes":""},"categories":[12],"tags":[],"class_list":["post-4572","post","type-post","status-publish","format-standard","hentry","category-ci"],"post_mailing_queue_ids":[],"_links":{"self":[{"href":"https:\/\/agora.xtec.cat\/ceip-lalzina\/wp-json\/wp\/v2\/posts\/4572","targetHints":{"allow":["GET"]}}],"collection":[{"href":"https:\/\/agora.xtec.cat\/ceip-lalzina\/wp-json\/wp\/v2\/posts"}],"about":[{"href":"https:\/\/agora.xtec.cat\/ceip-lalzina\/wp-json\/wp\/v2\/types\/post"}],"author":[{"embeddable":true,"href":"https:\/\/agora.xtec.cat\/ceip-lalzina\/wp-json\/wp\/v2\/users\/1"}],"replies":[{"embeddable":true,"href":"https:\/\/agora.xtec.cat\/ceip-lalzina\/wp-json\/wp\/v2\/comments?post=4572"}],"version-history":[{"count":1,"href":"https:\/\/agora.xtec.cat\/ceip-lalzina\/wp-json\/wp\/v2\/posts\/4572\/revisions"}],"predecessor-version":[{"id":4573,"href":"https:\/\/agora.xtec.cat\/ceip-lalzina\/wp-json\/wp\/v2\/posts\/4572\/revisions\/4573"}],"wp:attachment":[{"href":"https:\/\/agora.xtec.cat\/ceip-lalzina\/wp-json\/wp\/v2\/media?parent=4572"}],"wp:term":[{"taxonomy":"category","embeddable":true,"href":"https:\/\/agora.xtec.cat\/ceip-lalzina\/wp-json\/wp\/v2\/categories?post=4572"},{"taxonomy":"post_tag","embeddable":true,"href":"https:\/\/agora.xtec.cat\/ceip-lalzina\/wp-json\/wp\/v2\/tags?post=4572"}],"curies":[{"name":"wp","href":"https:\/\/api.w.org\/{rel}","templated":true}]}}