{"id":4549,"date":"2019-02-06T10:11:53","date_gmt":"2019-02-06T09:11:53","guid":{"rendered":"http:\/\/agora.xtec.cat\/ceip-lalzina\/?p=4549"},"modified":"2019-02-06T10:24:57","modified_gmt":"2019-02-06T09:24:57","slug":"esducar-en-la-solidaritat-nens-ajudant-nens","status":"publish","type":"post","link":"https:\/\/agora.xtec.cat\/ceip-lalzina\/general\/esducar-en-la-solidaritat-nens-ajudant-nens\/","title":{"rendered":"EDUCAR EN LA SOLIDARITAT: nens ajudant nens"},"content":{"rendered":"<p><a href=\"https:\/\/photos.app.goo.gl\/fLHtwzrJT4Q1AdD98\" target=\"_blank\" rel=\"noopener\"><img loading=\"lazy\" decoding=\"async\" class=\"alignnone wp-image-4552\" src=\"https:\/\/agora.xtec.cat\/ceip-lalzina\/wp-content\/uploads\/usu1412\/2019\/02\/alzina-dia-de-la-pau.png\" alt=\"\" width=\"532\" height=\"280\" srcset=\"https:\/\/agora.xtec.cat\/ceip-lalzina\/wp-content\/uploads\/usu1412\/2019\/02\/alzina-dia-de-la-pau.png 563w, https:\/\/agora.xtec.cat\/ceip-lalzina\/wp-content\/uploads\/usu1412\/2019\/02\/alzina-dia-de-la-pau-300x158.png 300w\" sizes=\"auto, (max-width: 532px) 100vw, 532px\" \/><\/a><\/p>\n<p style=\"text-align: justify;\">El concepte de solidaritat fa pensar en definicions extenses i dif\u00edcils. Per\u00f2 no \u00e9s aix\u00ed.<\/p>\n<p style=\"text-align: justify;\"><em>*\u201cLa solidaritat \u00e9s de la mateixa pasta que dividir, multiplicar o nedar\u201d,<strong> afirma el professor de pedagogia de la Universitat de Barcelona Josep Maria Puig<\/strong>.<\/em><\/p>\n<p><!--more--><\/p>\n<p style=\"text-align: justify;\"><em>Aix\u00ed que, si les criatures s\u2019entrenen i la practiquen un dia darrere l\u2019altre, agafaran destresa fins a arribar a comportar-se solid\u00e0riament de manera espont\u00e0nia. La reflexi\u00f3 \u00e9s cabdal, perqu\u00e8 les criatures han de posar nom a all\u00f2 que han fet, perqu\u00e8 no s\u2019ha de fer per fer, sin\u00f3 tamb\u00e9 per pensar-hi<\/em>\u201d<\/p>\n<p style=\"text-align: justify;\"><em>*\u201c\u00c9s un valor que es transmet amb l\u2019exemple, i la criatura, per adquirir-lo, l\u2019ha d\u2019observar en les persones que s\u00f3n els seus referents\u201d, <\/em><strong>assegura la pedagoga Conxi Reig\u201c<\/strong><\/p>\n<p style=\"text-align: justify;\">Un cop m\u00e9s a L\u2019Alzina organitzem un esdeveniment solidari per a tota l\u2019escola el Dia de la Pau, elaborar i vendre els Shurikans, unes estrelles ninja d&#8217;origami, que en aquest cas estan impregnades de solidaritat per lluitar contra un dels pitjors enemics dels infants: el c\u00e0ncer infantil.<\/p>\n<p style=\"text-align: justify;\">Gr\u00e0cies fam\u00edlia Alzina per la vostra aportaci\u00f3, perqu\u00e8 tot granet de sorra \u00e9s necessari.<\/p>\n<p><em>Cliqueu sobre la foto per veure els diferents moments de la jornada.<\/em><\/p>\n","protected":false},"excerpt":{"rendered":"<p><a href=\"https:\/\/photos.app.goo.gl\/fLHtwzrJT4Q1AdD98\" target=\"_blank\" rel=\"noopener\"><\/a><br \/>\nEl concepte de solidaritat fa pensar en definicions extenses i dif\u00edcils. Per\u00f2 no \u00e9s aix\u00ed.<br \/>\n*\u201cLa solidaritat \u00e9s de la mateixa pasta que dividir, multiplicar o nedar\u201d, afirma el professor de pedagogia de la Universitat de Barcelona Josep Maria Puig.<\/p>\n","protected":false},"author":7,"featured_media":0,"comment_status":"open","ping_status":"closed","sticky":false,"template":"","format":"standard","meta":{"_bbp_topic_count":0,"_bbp_reply_count":0,"_bbp_total_topic_count":0,"_bbp_total_reply_count":0,"_bbp_voice_count":0,"_bbp_anonymous_reply_count":0,"_bbp_topic_count_hidden":0,"_bbp_reply_count_hidden":0,"_bbp_forum_subforum_count":0,"footnotes":""},"categories":[12,13,14,1,2,4],"tags":[],"class_list":["post-4549","post","type-post","status-publish","format-standard","hentry","category-ci","category-cm","category-cs","category-general","category-inf","category-portada"],"post_mailing_queue_ids":[],"_links":{"self":[{"href":"https:\/\/agora.xtec.cat\/ceip-lalzina\/wp-json\/wp\/v2\/posts\/4549","targetHints":{"allow":["GET"]}}],"collection":[{"href":"https:\/\/agora.xtec.cat\/ceip-lalzina\/wp-json\/wp\/v2\/posts"}],"about":[{"href":"https:\/\/agora.xtec.cat\/ceip-lalzina\/wp-json\/wp\/v2\/types\/post"}],"author":[{"embeddable":true,"href":"https:\/\/agora.xtec.cat\/ceip-lalzina\/wp-json\/wp\/v2\/users\/7"}],"replies":[{"embeddable":true,"href":"https:\/\/agora.xtec.cat\/ceip-lalzina\/wp-json\/wp\/v2\/comments?post=4549"}],"version-history":[{"count":3,"href":"https:\/\/agora.xtec.cat\/ceip-lalzina\/wp-json\/wp\/v2\/posts\/4549\/revisions"}],"predecessor-version":[{"id":4567,"href":"https:\/\/agora.xtec.cat\/ceip-lalzina\/wp-json\/wp\/v2\/posts\/4549\/revisions\/4567"}],"wp:attachment":[{"href":"https:\/\/agora.xtec.cat\/ceip-lalzina\/wp-json\/wp\/v2\/media?parent=4549"}],"wp:term":[{"taxonomy":"category","embeddable":true,"href":"https:\/\/agora.xtec.cat\/ceip-lalzina\/wp-json\/wp\/v2\/categories?post=4549"},{"taxonomy":"post_tag","embeddable":true,"href":"https:\/\/agora.xtec.cat\/ceip-lalzina\/wp-json\/wp\/v2\/tags?post=4549"}],"curies":[{"name":"wp","href":"https:\/\/api.w.org\/{rel}","templated":true}]}}