{"id":1001,"date":"2017-01-24T15:02:46","date_gmt":"2017-01-24T14:02:46","guid":{"rendered":"http:\/\/agora.xtec.cat\/ceip-lalzina\/?p=1001"},"modified":"2017-02-17T22:59:34","modified_gmt":"2017-02-17T21:59:34","slug":"els-nostres-padrins","status":"publish","type":"post","link":"https:\/\/agora.xtec.cat\/ceip-lalzina\/general\/els-nostres-padrins\/","title":{"rendered":"Els nostres padrins"},"content":{"rendered":"<p>Els alumnes de primer i segon cada setmana tenim una visita molt especial a l&#8217;aula: els nostres padrins\u00a0 6\u00e8.<\/p>\n<p>Plegats treballem de gust i sempre estan all\u00e0 per passar una bona estona. \u00c9s fant\u00e0stic poder compartir estones amb ells!!!!<\/p>\n<p>Us deixem les fotos del grup de <a href=\"https:\/\/goo.gl\/photos\/JLnTJZ9RjEQizLWg8\" target=\"_blank\"><span style=\"color: #0000ff;\">PRIMER<\/span><\/a> i del grup <a href=\"https:\/\/goo.gl\/photos\/8K6KJ9wL3EaNbtyw7\" target=\"_blank\"><span style=\"color: #ff0000;\">SEGON<\/span><\/a>.<\/p>\n","protected":false},"excerpt":{"rendered":"<p>Els alumnes de primer i segon cada setmana tenim una visita molt especial a l&#8217;aula: els nostres padrins\u00a0 6\u00e8.<br \/>\nPlegats treballem de gust i sempre estan all\u00e0 per passar una bona estona. \u00c9s fant\u00e0stic poder compartir estones amb ells!!!!<br \/>\nUs deixem les fotos del grup de <a&hellip;  <a href=\"https:\/\/agora.xtec.cat\/ceip-lalzina\/general\/els-nostres-padrins\/\" title=\"Read Els nostres padrins\">Llegeix m\u00e9s\u00bb<\/a><\/p>\n","protected":false},"author":1,"featured_media":0,"comment_status":"open","ping_status":"open","sticky":false,"template":"","format":"standard","meta":{"_bbp_topic_count":0,"_bbp_reply_count":0,"_bbp_total_topic_count":0,"_bbp_total_reply_count":0,"_bbp_voice_count":0,"_bbp_anonymous_reply_count":0,"_bbp_topic_count_hidden":0,"_bbp_reply_count_hidden":0,"_bbp_forum_subforum_count":0,"footnotes":""},"categories":[12,1],"tags":[],"class_list":["post-1001","post","type-post","status-publish","format-standard","hentry","category-ci","category-general"],"post_mailing_queue_ids":[],"_links":{"self":[{"href":"https:\/\/agora.xtec.cat\/ceip-lalzina\/wp-json\/wp\/v2\/posts\/1001","targetHints":{"allow":["GET"]}}],"collection":[{"href":"https:\/\/agora.xtec.cat\/ceip-lalzina\/wp-json\/wp\/v2\/posts"}],"about":[{"href":"https:\/\/agora.xtec.cat\/ceip-lalzina\/wp-json\/wp\/v2\/types\/post"}],"author":[{"embeddable":true,"href":"https:\/\/agora.xtec.cat\/ceip-lalzina\/wp-json\/wp\/v2\/users\/1"}],"replies":[{"embeddable":true,"href":"https:\/\/agora.xtec.cat\/ceip-lalzina\/wp-json\/wp\/v2\/comments?post=1001"}],"version-history":[{"count":2,"href":"https:\/\/agora.xtec.cat\/ceip-lalzina\/wp-json\/wp\/v2\/posts\/1001\/revisions"}],"predecessor-version":[{"id":1004,"href":"https:\/\/agora.xtec.cat\/ceip-lalzina\/wp-json\/wp\/v2\/posts\/1001\/revisions\/1004"}],"wp:attachment":[{"href":"https:\/\/agora.xtec.cat\/ceip-lalzina\/wp-json\/wp\/v2\/media?parent=1001"}],"wp:term":[{"taxonomy":"category","embeddable":true,"href":"https:\/\/agora.xtec.cat\/ceip-lalzina\/wp-json\/wp\/v2\/categories?post=1001"},{"taxonomy":"post_tag","embeddable":true,"href":"https:\/\/agora.xtec.cat\/ceip-lalzina\/wp-json\/wp\/v2\/tags?post=1001"}],"curies":[{"name":"wp","href":"https:\/\/api.w.org\/{rel}","templated":true}]}}