{"id":20987,"date":"2026-04-25T19:37:53","date_gmt":"2026-04-25T17:37:53","guid":{"rendered":"https:\/\/agora.xtec.cat\/ceip-lalio\/?p=20987"},"modified":"2026-04-25T19:37:53","modified_gmt":"2026-04-25T17:37:53","slug":"celebrem-sant-jordi-en-comunitat","status":"publish","type":"post","link":"https:\/\/agora.xtec.cat\/ceip-lalio\/general\/celebrem-sant-jordi-en-comunitat\/","title":{"rendered":"CELEBREM SANT JORDI EN COMUNITAT"},"content":{"rendered":"<p class=\"isSelectedEnd\">La diada de Sant Jordi va ser un dia molt especial. Al mat\u00ed, vam fer tallers relacionats amb Sant Jordi juntament amb els companys i companyes de segon de prim\u00e0ria, i ens ho vam passar molt b\u00e9.<\/p>\n<p class=\"isSelectedEnd\">A la tarda, vam compartir la celebraci\u00f3 amb les fam\u00edlies a trav\u00e9s de diferents representacions. El nostre grup va interpretar una can\u00e7\u00f3 sobre els animals del mar, acompanyada d\u2019un animal mar\u00ed fet a m\u00e0 per cada infant amb cartr\u00f3 i cartolina, pintat i decorat per ells i elles.<\/p>\n<p>Aqu\u00ed teniu el <a href=\"https:\/\/drive.google.com\/file\/d\/1kTwiJvd_1eBz4H6jlvI0W6lNcG2oIZ8i\/view?usp=sharing\">v\u00eddeo<\/a> per a les fam\u00edlies que no vau poder assistir-hi. Esperem que us agradi!<\/p>\n<p>&nbsp;<\/p>\n<p style=\"text-align: center;\"><a href=\"https:\/\/agora.xtec.cat\/ceip-lalio\/wp-content\/uploads\/usu1803\/2026\/04\/SANT-JORDI.jpg\"><img loading=\"lazy\" decoding=\"async\" class=\"alignnone size-full wp-image-20988\" src=\"https:\/\/agora.xtec.cat\/ceip-lalio\/wp-content\/uploads\/usu1803\/2026\/04\/SANT-JORDI.jpg\" alt=\"\" width=\"254\" height=\"180\" \/><\/a><\/p>\n","protected":false},"excerpt":{"rendered":"<p>La diada de Sant Jordi va ser un dia molt especial. Al mat\u00ed, vam fer tallers relacionats amb Sant Jordi juntament amb els companys i companyes de segon de prim\u00e0ria, i ens ho vam passar molt b\u00e9.<br \/>\nA la tarda, vam compartir la celebraci\u00f3 amb les&hellip;  <a href=\"https:\/\/agora.xtec.cat\/ceip-lalio\/general\/celebrem-sant-jordi-en-comunitat\/\" title=\"Read CELEBREM SANT JORDI EN COMUNITAT\">Llegeix m\u00e9s\u00bb<\/a><\/p>\n","protected":false},"author":32,"featured_media":0,"comment_status":"closed","ping_status":"open","sticky":false,"template":"","format":"standard","meta":{"_bbp_topic_count":0,"_bbp_reply_count":0,"_bbp_total_topic_count":0,"_bbp_total_reply_count":0,"_bbp_voice_count":0,"_bbp_anonymous_reply_count":0,"_bbp_topic_count_hidden":0,"_bbp_reply_count_hidden":0,"_bbp_forum_subforum_count":0,"footnotes":""},"categories":[1],"tags":[],"class_list":["post-20987","post","type-post","status-publish","format-standard","hentry","category-general"],"post_mailing_queue_ids":[],"_links":{"self":[{"href":"https:\/\/agora.xtec.cat\/ceip-lalio\/wp-json\/wp\/v2\/posts\/20987","targetHints":{"allow":["GET"]}}],"collection":[{"href":"https:\/\/agora.xtec.cat\/ceip-lalio\/wp-json\/wp\/v2\/posts"}],"about":[{"href":"https:\/\/agora.xtec.cat\/ceip-lalio\/wp-json\/wp\/v2\/types\/post"}],"author":[{"embeddable":true,"href":"https:\/\/agora.xtec.cat\/ceip-lalio\/wp-json\/wp\/v2\/users\/32"}],"replies":[{"embeddable":true,"href":"https:\/\/agora.xtec.cat\/ceip-lalio\/wp-json\/wp\/v2\/comments?post=20987"}],"version-history":[{"count":1,"href":"https:\/\/agora.xtec.cat\/ceip-lalio\/wp-json\/wp\/v2\/posts\/20987\/revisions"}],"predecessor-version":[{"id":20989,"href":"https:\/\/agora.xtec.cat\/ceip-lalio\/wp-json\/wp\/v2\/posts\/20987\/revisions\/20989"}],"wp:attachment":[{"href":"https:\/\/agora.xtec.cat\/ceip-lalio\/wp-json\/wp\/v2\/media?parent=20987"}],"wp:term":[{"taxonomy":"category","embeddable":true,"href":"https:\/\/agora.xtec.cat\/ceip-lalio\/wp-json\/wp\/v2\/categories?post=20987"},{"taxonomy":"post_tag","embeddable":true,"href":"https:\/\/agora.xtec.cat\/ceip-lalio\/wp-json\/wp\/v2\/tags?post=20987"}],"curies":[{"name":"wp","href":"https:\/\/api.w.org\/{rel}","templated":true}]}}