{"id":8255,"date":"2020-05-24T19:34:16","date_gmt":"2020-05-24T17:34:16","guid":{"rendered":"https:\/\/agora.xtec.cat\/ceip-laginesta-vallirana\/?p=8255"},"modified":"2020-05-24T19:34:30","modified_gmt":"2020-05-24T17:34:30","slug":"tasques-setmana-25-29-de-maig","status":"publish","type":"post","link":"https:\/\/agora.xtec.cat\/ceip-laginesta-vallirana\/blocs\/tasques-setmana-25-29-de-maig\/","title":{"rendered":"Tasques setmana 25-29 de Maig"},"content":{"rendered":"<p><b>Hola fam\u00edlies i alumnes de 6\u00e8!<\/b><\/p>\n<p><span style=\"font-weight: 400;\">Molt\u00edssimes gr\u00e0cies per continuar dia rere dia donant-nos un gran suport i ajuda. Us agra\u00efm novament la vostra comprensi\u00f3 respecte al nou ritme de treball que estem mantenint durant aquesta situaci\u00f3.<\/span><\/p>\n<p><span style=\"font-weight: 400;\">El que volem \u00e9s poder-nos adaptar el m\u00e0xim possible als diferents ritmes de treball i situacions que poden haver-hi, per tal que ning\u00fa es quedi enrere, ja que som una gran fam\u00edlia.\u00a0<\/span><\/p>\n<p><span style=\"font-weight: 400;\">Com ja sabeu, queda poc per acabar el trimestre i el curs i per aquest motiu demanem a tot\/es els\/les alumnes un \u00faltim esfor\u00e7 en aquests dies.<\/span><\/p>\n<p><span style=\"font-weight: 400;\">Per \u00faltim, com cada setmana, us adjuntem l&#8217;enlla\u00e7 del sites de classe:<\/span><\/p>\n<p><b>6\u00e8<\/b><a href=\"https:\/\/sites.google.com\/view\/escolalaginesta-6e\/p%C3%A1gina-principal\"> <b>https:\/\/sites.google.com\/view\/escolalaginesta-6e\/p%C3%A1gina-principal<\/b><\/a><b>\u00a0<\/b><\/p>\n<p><span style=\"font-weight: 400;\">Tamb\u00e9 us adjuntem el <\/span><b>llistat d\u2019activitats<\/b><span style=\"font-weight: 400;\"> amb les seves respectives dates d\u2019entrega per facilitar l\u2019organitzaci\u00f3 en la realitzaci\u00f3 de tasques:<\/span><\/p>\n<table width=\"580\">\n<tbody>\n<tr>\n<td colspan=\"4\" width=\"580\"><strong>TASQUES 6\u00e8<\/strong><\/td>\n<td width=\"0\"><\/td>\n<\/tr>\n<tr>\n<td width=\"142\"><strong>MAT\u00c8RIA <\/strong><\/td>\n<td colspan=\"2\" width=\"262\"><strong>ACTIVITAT<\/strong><\/td>\n<td width=\"176\"><strong>DATA D\u2019ENTREGA<\/strong><\/td>\n<td width=\"0\"><\/td>\n<\/tr>\n<tr>\n<td rowspan=\"3\" width=\"142\"><strong>\u00a0<\/strong><\/p>\n<p><strong>\u00a0<\/strong><\/p>\n<p><strong>Reptes tutora<\/strong><\/p>\n<p><strong><em>\u00a0<\/em><\/strong><\/td>\n<td rowspan=\"3\" width=\"123\">&nbsp;<\/p>\n<p><strong>Repte: \u00bfQu\u00e8 menjo?<\/strong><\/p>\n<p><strong>Part 2.<\/strong><\/td>\n<td width=\"139\"><strong>Escoltem!<\/strong><\/td>\n<td rowspan=\"3\" width=\"176\">&nbsp;<\/p>\n<p>&nbsp;<\/p>\n<p>Fins al 29 de Maig<\/p>\n<p><em>\u00a0<\/em><\/td>\n<td width=\"0\"><\/td>\n<\/tr>\n<tr>\n<td width=\"139\"><strong>Investigadors d\u2019aliments<\/strong><\/td>\n<td width=\"0\"><\/td>\n<\/tr>\n<tr>\n<td width=\"139\"><strong>Ajudem a la Miriam<\/strong><\/td>\n<td width=\"0\"><\/td>\n<\/tr>\n<tr>\n<td width=\"142\"><strong>Castell\u00e0<\/strong><\/td>\n<td colspan=\"2\" width=\"262\"><strong>Adivina adivinanza<\/strong><\/td>\n<td width=\"176\">Fins al 29 de Maig<\/td>\n<td width=\"0\"><\/td>\n<\/tr>\n<tr>\n<td width=\"142\"><strong>Catal\u00e0\/Literatura<\/strong><\/td>\n<td colspan=\"2\" width=\"262\"><strong>Fem d\u2019il\u00b7lustradors bot\u00e0nics<\/strong><\/td>\n<td width=\"176\">Fins al 29 de maig<\/td>\n<td width=\"0\"><\/td>\n<\/tr>\n<tr>\n<td rowspan=\"2\" width=\"142\"><strong>\u00a0<\/strong><\/p>\n<p><strong>English<\/strong><\/td>\n<td colspan=\"2\" rowspan=\"2\" width=\"262\"><strong>\u00a0<\/strong><\/p>\n<p><strong>Fitxa interactiva\u00a0 : <\/strong><\/p>\n<p><a href=\"https:\/\/www.liveworksheets.com\/c?a=s&amp;g=5-6&amp;s=ENGLISH&amp;t=6q2y1022mn&amp;l=px&amp;i=uzcosd&amp;r=cr\">https:\/\/www.liveworksheets.com\/c?a=s&amp;g=5-6&amp;s=ENGLISH&amp;t=6q2y1022mn&amp;l=px&amp;i=uzcosd&amp;r=cr<\/a><\/p>\n<p><strong>\u00a0<\/strong><\/td>\n<td rowspan=\"2\" width=\"176\">&nbsp;<\/p>\n<p>Fins al 29\u00a0 de maig<\/p>\n<p>&nbsp;<\/td>\n<td width=\"0\"><\/td>\n<\/tr>\n<tr>\n<td width=\"0\"><\/td>\n<\/tr>\n<tr>\n<td width=\"142\"><strong>Ed. F\u00edsica<\/strong><\/td>\n<td colspan=\"2\" width=\"262\"><strong>\u00a0Fitxa N\u00ba de Tocs<\/strong><\/td>\n<td width=\"176\">Fins al 29 de maig<\/td>\n<td width=\"0\"><\/td>\n<\/tr>\n<tr>\n<td width=\"142\"><strong>Religi\u00f3<\/strong><\/p>\n<p>(nom\u00e9s per aquells nens\/es que fan aquesta assignatura)<\/td>\n<td colspan=\"2\" width=\"262\"><strong>Familiaritzats<\/strong><\/p>\n<p><strong>\u00a0<\/strong><\/td>\n<td width=\"176\">Fins al 29 de maig<\/td>\n<td width=\"0\"><\/td>\n<\/tr>\n<tr>\n<td width=\"142\"><strong>M\u00fasica<\/strong><\/td>\n<td colspan=\"2\" width=\"262\"><strong>Tasques pendents d\u2019altres setmanes<\/strong><\/td>\n<td width=\"176\">Fins al 29 de maig<\/td>\n<td width=\"0\"><\/td>\n<\/tr>\n<\/tbody>\n<\/table>\n<p>&nbsp;<\/p>\n<p><span style=\"font-weight: 400;\">Atentament,<\/span><\/p>\n<p><span style=\"font-weight: 400;\">les mestres de Cicle Superior.<\/span><\/p>\n<p><a href=\"https:\/\/agora.xtec.cat\/ceip-laginesta-vallirana\/wp-content\/uploads\/usu263\/2020\/05\/Captura-314-2.png\"><img loading=\"lazy\" decoding=\"async\" class=\"alignnone size-full wp-image-8174\" src=\"https:\/\/agora.xtec.cat\/ceip-laginesta-vallirana\/wp-content\/uploads\/usu263\/2020\/05\/Captura-314-2.png\" alt=\"\" width=\"478\" height=\"274\" srcset=\"https:\/\/agora.xtec.cat\/ceip-laginesta-vallirana\/wp-content\/uploads\/usu263\/2020\/05\/Captura-314-2.png 478w, https:\/\/agora.xtec.cat\/ceip-laginesta-vallirana\/wp-content\/uploads\/usu263\/2020\/05\/Captura-314-2-300x172.png 300w\" sizes=\"auto, (max-width: 478px) 100vw, 478px\" \/><\/a><\/p>\n","protected":false},"excerpt":{"rendered":"<p>Hola fam\u00edlies i alumnes de 6\u00e8! Molt\u00edssimes gr\u00e0cies per continuar dia rere dia donant-nos un gran suport i ajuda. Us agra\u00efm novament la vostra comprensi\u00f3 respecte al nou ritme de treball que estem mantenint durant aquesta situaci\u00f3. El que volem \u00e9s poder-nos adaptar el m\u00e0xim possible als diferents ritmes de treball i situacions que poden [&hellip;]<\/p>\n","protected":false},"author":1,"featured_media":0,"comment_status":"open","ping_status":"closed","sticky":false,"template":"","format":"standard","meta":{"_bbp_topic_count":0,"_bbp_reply_count":0,"_bbp_total_topic_count":0,"_bbp_total_reply_count":0,"_bbp_voice_count":0,"_bbp_anonymous_reply_count":0,"_bbp_topic_count_hidden":0,"_bbp_reply_count_hidden":0,"_bbp_forum_subforum_count":0,"site-sidebar-layout":"default","site-content-layout":"","ast-site-content-layout":"","site-content-style":"default","site-sidebar-style":"default","ast-global-header-display":"","ast-banner-title-visibility":"","ast-main-header-display":"","ast-hfb-above-header-display":"","ast-hfb-below-header-display":"","ast-hfb-mobile-header-display":"","site-post-title":"","ast-breadcrumbs-content":"","ast-featured-img":"","footer-sml-layout":"","theme-transparent-header-meta":"","adv-header-id-meta":"","stick-header-meta":"","header-above-stick-meta":"","header-main-stick-meta":"","header-below-stick-meta":"","astra-migrate-meta-layouts":"default","ast-page-background-enabled":"default","ast-page-background-meta":{"desktop":{"background-color":"var(--ast-global-color-4)","background-image":"","background-repeat":"repeat","background-position":"center center","background-size":"auto","background-attachment":"scroll","background-type":"","background-media":"","overlay-type":"","overlay-color":"","overlay-opacity":"","overlay-gradient":""},"tablet":{"background-color":"","background-image":"","background-repeat":"repeat","background-position":"center center","background-size":"auto","background-attachment":"scroll","background-type":"","background-media":"","overlay-type":"","overlay-color":"","overlay-opacity":"","overlay-gradient":""},"mobile":{"background-color":"","background-image":"","background-repeat":"repeat","background-position":"center center","background-size":"auto","background-attachment":"scroll","background-type":"","background-media":"","overlay-type":"","overlay-color":"","overlay-opacity":"","overlay-gradient":""}},"ast-content-background-meta":{"desktop":{"background-color":"var(--ast-global-color-5)","background-image":"","background-repeat":"repeat","background-position":"center center","background-size":"auto","background-attachment":"scroll","background-type":"","background-media":"","overlay-type":"","overlay-color":"","overlay-opacity":"","overlay-gradient":""},"tablet":{"background-color":"var(--ast-global-color-5)","background-image":"","background-repeat":"repeat","background-position":"center center","background-size":"auto","background-attachment":"scroll","background-type":"","background-media":"","overlay-type":"","overlay-color":"","overlay-opacity":"","overlay-gradient":""},"mobile":{"background-color":"var(--ast-global-color-5)","background-image":"","background-repeat":"repeat","background-position":"center center","background-size":"auto","background-attachment":"scroll","background-type":"","background-media":"","overlay-type":"","overlay-color":"","overlay-opacity":"","overlay-gradient":""}},"footnotes":""},"categories":[35],"tags":[],"class_list":["post-8255","post","type-post","status-publish","format-standard","hentry","category-blocs"],"post_mailing_queue_ids":[],"_links":{"self":[{"href":"https:\/\/agora.xtec.cat\/ceip-laginesta-vallirana\/wp-json\/wp\/v2\/posts\/8255","targetHints":{"allow":["GET"]}}],"collection":[{"href":"https:\/\/agora.xtec.cat\/ceip-laginesta-vallirana\/wp-json\/wp\/v2\/posts"}],"about":[{"href":"https:\/\/agora.xtec.cat\/ceip-laginesta-vallirana\/wp-json\/wp\/v2\/types\/post"}],"author":[{"embeddable":true,"href":"https:\/\/agora.xtec.cat\/ceip-laginesta-vallirana\/wp-json\/wp\/v2\/users\/1"}],"replies":[{"embeddable":true,"href":"https:\/\/agora.xtec.cat\/ceip-laginesta-vallirana\/wp-json\/wp\/v2\/comments?post=8255"}],"version-history":[{"count":2,"href":"https:\/\/agora.xtec.cat\/ceip-laginesta-vallirana\/wp-json\/wp\/v2\/posts\/8255\/revisions"}],"predecessor-version":[{"id":8257,"href":"https:\/\/agora.xtec.cat\/ceip-laginesta-vallirana\/wp-json\/wp\/v2\/posts\/8255\/revisions\/8257"}],"wp:attachment":[{"href":"https:\/\/agora.xtec.cat\/ceip-laginesta-vallirana\/wp-json\/wp\/v2\/media?parent=8255"}],"wp:term":[{"taxonomy":"category","embeddable":true,"href":"https:\/\/agora.xtec.cat\/ceip-laginesta-vallirana\/wp-json\/wp\/v2\/categories?post=8255"},{"taxonomy":"post_tag","embeddable":true,"href":"https:\/\/agora.xtec.cat\/ceip-laginesta-vallirana\/wp-json\/wp\/v2\/tags?post=8255"}],"curies":[{"name":"wp","href":"https:\/\/api.w.org\/{rel}","templated":true}]}}