{"id":6747,"date":"2020-05-03T23:04:32","date_gmt":"2020-05-03T21:04:32","guid":{"rendered":"https:\/\/agora.xtec.cat\/ceip-laginesta-vallirana\/?p=6747"},"modified":"2020-05-04T09:06:29","modified_gmt":"2020-05-04T07:06:29","slug":"dimecres-toca-panxetes","status":"publish","type":"post","link":"https:\/\/agora.xtec.cat\/ceip-laginesta-vallirana\/blocs\/escapistes\/dimecres-toca-panxetes\/","title":{"rendered":"DIMECRES, TOCA PANXETES"},"content":{"rendered":"<h2>BOOOOOON DIA!!!<\/h2>\n<p><a href=\"https:\/\/agora.xtec.cat\/ceip-laginesta-vallirana\/wp-content\/uploads\/usu263\/2020\/05\/fins-dema-ocells.png\"><img loading=\"lazy\" decoding=\"async\" class=\"alignnone size-medium wp-image-6802\" src=\"https:\/\/agora.xtec.cat\/ceip-laginesta-vallirana\/wp-content\/uploads\/usu263\/2020\/05\/fins-dema-ocells-300x300.png\" alt=\"\" width=\"300\" height=\"300\" srcset=\"https:\/\/agora.xtec.cat\/ceip-laginesta-vallirana\/wp-content\/uploads\/usu263\/2020\/05\/fins-dema-ocells-300x300.png 300w, https:\/\/agora.xtec.cat\/ceip-laginesta-vallirana\/wp-content\/uploads\/usu263\/2020\/05\/fins-dema-ocells-150x150.png 150w, https:\/\/agora.xtec.cat\/ceip-laginesta-vallirana\/wp-content\/uploads\/usu263\/2020\/05\/fins-dema-ocells.png 398w\" sizes=\"auto, (max-width: 300px) 100vw, 300px\" \/><\/a><\/p>\n<p>ANEM PEL DIMECRES!!!<\/p>\n<p>AVUI US PROPOSO COMEN\u00c7AR MIRANT AQUEST V\u00cdDEO DELS OCELLS&#8230; CLIQUEU A SOBRE LA IMATGE DE SOTA DELS OCELLETS PER VEURE&#8217;L.<\/p>\n<p style=\"text-align: center;\"><a href=\"https:\/\/www.youtube.com\/watch?v=tqvQ8UiLV4I\"><img loading=\"lazy\" decoding=\"async\" class=\"alignnone wp-image-6803\" src=\"https:\/\/agora.xtec.cat\/ceip-laginesta-vallirana\/wp-content\/uploads\/usu263\/2020\/05\/BIRDS-300x169.png\" alt=\"\" width=\"383\" height=\"216\" srcset=\"https:\/\/agora.xtec.cat\/ceip-laginesta-vallirana\/wp-content\/uploads\/usu263\/2020\/05\/BIRDS-300x169.png 300w, https:\/\/agora.xtec.cat\/ceip-laginesta-vallirana\/wp-content\/uploads\/usu263\/2020\/05\/BIRDS.png 338w\" sizes=\"auto, (max-width: 383px) 100vw, 383px\" \/><\/a><\/p>\n<p>QU\u00c8 US HA SEMBLAT??? PER QU\u00c8 CREIEU QUE REIA L&#8217;OCELL GRAN??? I DESPR\u00c9S ELS OCELLS PETITS???<\/p>\n<p>JA QU\u00c8 AQUEST V\u00cdDEO ENS HA FET PENSAR MOLT ANEM A FER PSICO AMB LA MONTSE I DESCONNECTEM.<\/p>\n<p>LA MONTSE AVUI ENS PROPOSA <strong>JUGAR A PASSAR-NOS LA PILOTA<\/strong> O NINO. CLIQUEU SOBRE EL BIMOJI DE LA MONTSE I VEUREU QUE US EXPLICA I&#8230; A JUGAR!!! VOLEM V\u00cdDEOS&#8230;<\/p>\n<p style=\"text-align: center;\"><a href=\"https:\/\/drive.google.com\/file\/d\/15wKWFC-Oedjm2l9JK5Xj2sXEa0ab3oGY\/view?usp=sharing\"><img loading=\"lazy\" decoding=\"async\" class=\"alignnone size-medium wp-image-6804\" src=\"https:\/\/agora.xtec.cat\/ceip-laginesta-vallirana\/wp-content\/uploads\/usu263\/2020\/05\/Montse-B-300x300.png\" alt=\"\" width=\"300\" height=\"300\" srcset=\"https:\/\/agora.xtec.cat\/ceip-laginesta-vallirana\/wp-content\/uploads\/usu263\/2020\/05\/Montse-B-300x300.png 300w, https:\/\/agora.xtec.cat\/ceip-laginesta-vallirana\/wp-content\/uploads\/usu263\/2020\/05\/Montse-B-150x150.png 150w, https:\/\/agora.xtec.cat\/ceip-laginesta-vallirana\/wp-content\/uploads\/usu263\/2020\/05\/Montse-B.png 398w\" sizes=\"auto, (max-width: 300px) 100vw, 300px\" \/><\/a><\/p>\n<p>US HO HEU PASSAT B\u00c9!!! SEMPRE \u00c9S BO FER UNA MICA D&#8217;EXERCICI!!!<\/p>\n<p>SEGUIM FENT UNA <strong>MANUALITAT QUE ENS PROPOSA EL MIGUEL FERNANDO<\/strong>. EL MIGUEL FERNANDO ENS PROPOSA ESTAMPAR AMB PINTURA LES NOSTRES MANS I DIBUIXAR-LI ELEMENTS FINS ACONSEGUIR QUE SIGUIN ANIMALS. O SIGUI, QUE AGAFEM UN FULL, CARTR\u00d3, CARTOLINA,&#8230; I ESTAMPEM LES MANS AMB DIFERENTS COLORS (PODEU FER SERVIR AIGUA AMB UNA GOTETA DE COLORANT ALIMENTARI PER PINTAR-VOS LES MANS). MIREU QUINS ANIMALS M\u00c9S XUL.LOS LI HAN SORTIT&#8230;<\/p>\n<p style=\"text-align: center;\"><a href=\"https:\/\/agora.xtec.cat\/ceip-laginesta-vallirana\/wp-content\/uploads\/usu263\/2020\/05\/MIGUEL-MANS.jpg\"><img loading=\"lazy\" decoding=\"async\" class=\"alignnone wp-image-6805\" src=\"https:\/\/agora.xtec.cat\/ceip-laginesta-vallirana\/wp-content\/uploads\/usu263\/2020\/05\/MIGUEL-MANS-300x177.jpg\" alt=\"\" width=\"480\" height=\"283\" srcset=\"https:\/\/agora.xtec.cat\/ceip-laginesta-vallirana\/wp-content\/uploads\/usu263\/2020\/05\/MIGUEL-MANS-300x177.jpg 300w, https:\/\/agora.xtec.cat\/ceip-laginesta-vallirana\/wp-content\/uploads\/usu263\/2020\/05\/MIGUEL-MANS-768x452.jpg 768w, https:\/\/agora.xtec.cat\/ceip-laginesta-vallirana\/wp-content\/uploads\/usu263\/2020\/05\/MIGUEL-MANS.jpg 819w\" sizes=\"auto, (max-width: 480px) 100vw, 480px\" \/><\/a><\/p>\n<p>ENVIEU-ME FOTOS DELS VOSTRES ANIMALS&#8230;<\/p>\n<p>I PER ACABAR EL DIA D&#8217;AVUI US PROPOSO MIRAR <strong>LA HIST\u00d2RIA &#8220;ELS COLORS&#8221;<\/strong> AMB UNA M\u00c0 DE CONTES. CLIQUEU SOBRE LA IMATGE DE SOTA.<\/p>\n<p style=\"text-align: center;\"><a href=\"https:\/\/www.ccma.cat\/tv3\/super3\/una-ma-de-contes\/evas-colors\/video\/5551030\/\"><img loading=\"lazy\" decoding=\"async\" class=\"alignnone size-medium wp-image-6806\" src=\"https:\/\/agora.xtec.cat\/ceip-laginesta-vallirana\/wp-content\/uploads\/usu263\/2020\/05\/ELS-COLORS-300x202.jpg\" alt=\"\" width=\"300\" height=\"202\" srcset=\"https:\/\/agora.xtec.cat\/ceip-laginesta-vallirana\/wp-content\/uploads\/usu263\/2020\/05\/ELS-COLORS-300x202.jpg 300w, https:\/\/agora.xtec.cat\/ceip-laginesta-vallirana\/wp-content\/uploads\/usu263\/2020\/05\/ELS-COLORS.jpg 400w\" sizes=\"auto, (max-width: 300px) 100vw, 300px\" \/><\/a><\/p>\n<p>FINS DEM\u00c0 GUAPOS!!!<\/p>\n<p>US TROBO A FALTAR!!!<\/p>\n<p><a href=\"https:\/\/agora.xtec.cat\/ceip-laginesta-vallirana\/wp-content\/uploads\/usu263\/2020\/05\/FINS-DEMA.png\"><img loading=\"lazy\" decoding=\"async\" class=\"size-medium wp-image-6807 alignright\" src=\"https:\/\/agora.xtec.cat\/ceip-laginesta-vallirana\/wp-content\/uploads\/usu263\/2020\/05\/FINS-DEMA-300x300.png\" alt=\"\" width=\"300\" height=\"300\" srcset=\"https:\/\/agora.xtec.cat\/ceip-laginesta-vallirana\/wp-content\/uploads\/usu263\/2020\/05\/FINS-DEMA-300x300.png 300w, https:\/\/agora.xtec.cat\/ceip-laginesta-vallirana\/wp-content\/uploads\/usu263\/2020\/05\/FINS-DEMA-150x150.png 150w, https:\/\/agora.xtec.cat\/ceip-laginesta-vallirana\/wp-content\/uploads\/usu263\/2020\/05\/FINS-DEMA.png 398w\" sizes=\"auto, (max-width: 300px) 100vw, 300px\" \/><\/a><\/p>\n","protected":false},"excerpt":{"rendered":"<p>BOOOOOON DIA!!! ANEM PEL DIMECRES!!! AVUI US PROPOSO COMEN\u00c7AR MIRANT AQUEST V\u00cdDEO DELS OCELLS&#8230; CLIQUEU A SOBRE LA IMATGE DE SOTA DELS OCELLETS PER VEURE&#8217;L. QU\u00c8 US HA SEMBLAT??? PER QU\u00c8 CREIEU QUE REIA L&#8217;OCELL GRAN??? I DESPR\u00c9S ELS OCELLS PETITS??? JA QU\u00c8 AQUEST V\u00cdDEO ENS HA FET PENSAR MOLT ANEM A FER PSICO AMB [&hellip;]<\/p>\n","protected":false},"author":34,"featured_media":6802,"comment_status":"open","ping_status":"closed","sticky":false,"template":"","format":"standard","meta":{"_bbp_topic_count":0,"_bbp_reply_count":0,"_bbp_total_topic_count":0,"_bbp_total_reply_count":0,"_bbp_voice_count":0,"_bbp_anonymous_reply_count":0,"_bbp_topic_count_hidden":0,"_bbp_reply_count_hidden":0,"_bbp_forum_subforum_count":0,"site-sidebar-layout":"default","site-content-layout":"","ast-site-content-layout":"","site-content-style":"default","site-sidebar-style":"default","ast-global-header-display":"","ast-banner-title-visibility":"","ast-main-header-display":"","ast-hfb-above-header-display":"","ast-hfb-below-header-display":"","ast-hfb-mobile-header-display":"","site-post-title":"","ast-breadcrumbs-content":"","ast-featured-img":"","footer-sml-layout":"","theme-transparent-header-meta":"","adv-header-id-meta":"","stick-header-meta":"","header-above-stick-meta":"","header-main-stick-meta":"","header-below-stick-meta":"","astra-migrate-meta-layouts":"default","ast-page-background-enabled":"default","ast-page-background-meta":{"desktop":{"background-color":"var(--ast-global-color-4)","background-image":"","background-repeat":"repeat","background-position":"center center","background-size":"auto","background-attachment":"scroll","background-type":"","background-media":"","overlay-type":"","overlay-color":"","overlay-opacity":"","overlay-gradient":""},"tablet":{"background-color":"","background-image":"","background-repeat":"repeat","background-position":"center center","background-size":"auto","background-attachment":"scroll","background-type":"","background-media":"","overlay-type":"","overlay-color":"","overlay-opacity":"","overlay-gradient":""},"mobile":{"background-color":"","background-image":"","background-repeat":"repeat","background-position":"center center","background-size":"auto","background-attachment":"scroll","background-type":"","background-media":"","overlay-type":"","overlay-color":"","overlay-opacity":"","overlay-gradient":""}},"ast-content-background-meta":{"desktop":{"background-color":"var(--ast-global-color-5)","background-image":"","background-repeat":"repeat","background-position":"center center","background-size":"auto","background-attachment":"scroll","background-type":"","background-media":"","overlay-type":"","overlay-color":"","overlay-opacity":"","overlay-gradient":""},"tablet":{"background-color":"var(--ast-global-color-5)","background-image":"","background-repeat":"repeat","background-position":"center center","background-size":"auto","background-attachment":"scroll","background-type":"","background-media":"","overlay-type":"","overlay-color":"","overlay-opacity":"","overlay-gradient":""},"mobile":{"background-color":"var(--ast-global-color-5)","background-image":"","background-repeat":"repeat","background-position":"center center","background-size":"auto","background-attachment":"scroll","background-type":"","background-media":"","overlay-type":"","overlay-color":"","overlay-opacity":"","overlay-gradient":""}},"footnotes":""},"categories":[3],"tags":[345],"class_list":["post-6747","post","type-post","status-publish","format-standard","has-post-thumbnail","hentry","category-escapistes","tag-p4-curs-2019-2020"],"post_mailing_queue_ids":[],"_links":{"self":[{"href":"https:\/\/agora.xtec.cat\/ceip-laginesta-vallirana\/wp-json\/wp\/v2\/posts\/6747","targetHints":{"allow":["GET"]}}],"collection":[{"href":"https:\/\/agora.xtec.cat\/ceip-laginesta-vallirana\/wp-json\/wp\/v2\/posts"}],"about":[{"href":"https:\/\/agora.xtec.cat\/ceip-laginesta-vallirana\/wp-json\/wp\/v2\/types\/post"}],"author":[{"embeddable":true,"href":"https:\/\/agora.xtec.cat\/ceip-laginesta-vallirana\/wp-json\/wp\/v2\/users\/34"}],"replies":[{"embeddable":true,"href":"https:\/\/agora.xtec.cat\/ceip-laginesta-vallirana\/wp-json\/wp\/v2\/comments?post=6747"}],"version-history":[{"count":3,"href":"https:\/\/agora.xtec.cat\/ceip-laginesta-vallirana\/wp-json\/wp\/v2\/posts\/6747\/revisions"}],"predecessor-version":[{"id":6843,"href":"https:\/\/agora.xtec.cat\/ceip-laginesta-vallirana\/wp-json\/wp\/v2\/posts\/6747\/revisions\/6843"}],"wp:featuredmedia":[{"embeddable":true,"href":"https:\/\/agora.xtec.cat\/ceip-laginesta-vallirana\/wp-json\/wp\/v2\/media\/6802"}],"wp:attachment":[{"href":"https:\/\/agora.xtec.cat\/ceip-laginesta-vallirana\/wp-json\/wp\/v2\/media?parent=6747"}],"wp:term":[{"taxonomy":"category","embeddable":true,"href":"https:\/\/agora.xtec.cat\/ceip-laginesta-vallirana\/wp-json\/wp\/v2\/categories?post=6747"},{"taxonomy":"post_tag","embeddable":true,"href":"https:\/\/agora.xtec.cat\/ceip-laginesta-vallirana\/wp-json\/wp\/v2\/tags?post=6747"}],"curies":[{"name":"wp","href":"https:\/\/api.w.org\/{rel}","templated":true}]}}