{"id":17044,"date":"2026-02-24T10:45:22","date_gmt":"2026-02-24T09:45:22","guid":{"rendered":"https:\/\/agora.xtec.cat\/ceip-laginesta-vallirana\/?p=17044"},"modified":"2026-03-04T13:30:21","modified_gmt":"2026-03-04T12:30:21","slug":"lhora-del-conte-4","status":"publish","type":"post","link":"https:\/\/agora.xtec.cat\/ceip-laginesta-vallirana\/blocs\/forcuts\/lhora-del-conte-4\/","title":{"rendered":"L&#8217;HORA DEL CONTE"},"content":{"rendered":"\n<p>US VULL EXPLICAR QUE CADA SETMANA PUGEM UN DIA A LA BIBLIOTECA DE L&#8217;ESCOLA A EXPLICAR UN CONTE RELACIONAT AMB EL QUE TREBALLEM A L&#8217;AULA I DESPR\u00c9S, UN COP ALL\u00c0,  APROFITEM PER MIRAR CONTES DE LA BILIOTECA.<\/p>\n\n\n\n<p>ELS HI ENCANTA PUJAR A LA BIBLIOTECA.<\/p>\n\n\n\n<p>NO \u00c9S LA \u00daNICA ESTONA QUE CONTEM CONTES, DURANT EL DIA S&#8217;EXPLIQUEN CONTES, HIST\u00d2RIES,&#8230; S\u00d3N MOMENTS \u00daNICS D&#8217;ESCOLTA ON VIATGEM AMB LA IMAGINACI\u00d3, TOT TREBALLANT L&#8217;ATENCI\u00d3.<\/p>\n\n\n\n<p>MIREU A LA CARPETA DE FOTOS I PODREU VEURE&#8230;<\/p>\n\n\n\n<figure class=\"wp-block-image aligncenter size-full\"><a href=\"https:\/\/agora.xtec.cat\/ceip-laginesta-vallirana\/wp-content\/uploads\/usu263\/2026\/02\/IMG_0099-2.jpg\"><img loading=\"lazy\" decoding=\"async\" width=\"464\" height=\"249\" src=\"https:\/\/agora.xtec.cat\/ceip-laginesta-vallirana\/wp-content\/uploads\/usu263\/2026\/02\/IMG_0099-2.jpg\" alt=\"\" class=\"wp-image-17060\" srcset=\"https:\/\/agora.xtec.cat\/ceip-laginesta-vallirana\/wp-content\/uploads\/usu263\/2026\/02\/IMG_0099-2.jpg 464w, https:\/\/agora.xtec.cat\/ceip-laginesta-vallirana\/wp-content\/uploads\/usu263\/2026\/02\/IMG_0099-2-300x161.jpg 300w\" sizes=\"auto, (max-width: 464px) 100vw, 464px\" \/><\/a><\/figure>\n","protected":false},"excerpt":{"rendered":"<p>US VULL EXPLICAR QUE CADA SETMANA PUGEM UN DIA A LA BIBLIOTECA DE L&#8217;ESCOLA A EXPLICAR UN CONTE RELACIONAT AMB EL QUE TREBALLEM A L&#8217;AULA I DESPR\u00c9S, UN COP ALL\u00c0, APROFITEM PER MIRAR CONTES DE LA BILIOTECA. ELS HI ENCANTA PUJAR A LA BIBLIOTECA. NO \u00c9S LA \u00daNICA ESTONA QUE CONTEM CONTES, DURANT EL DIA [&hellip;]<\/p>\n","protected":false},"author":34,"featured_media":17060,"comment_status":"open","ping_status":"open","sticky":false,"template":"","format":"standard","meta":{"_bbp_topic_count":0,"_bbp_reply_count":0,"_bbp_total_topic_count":0,"_bbp_total_reply_count":0,"_bbp_voice_count":0,"_bbp_anonymous_reply_count":0,"_bbp_topic_count_hidden":0,"_bbp_reply_count_hidden":0,"_bbp_forum_subforum_count":0,"site-sidebar-layout":"default","site-content-layout":"","ast-site-content-layout":"default","site-content-style":"default","site-sidebar-style":"default","ast-global-header-display":"","ast-banner-title-visibility":"","ast-main-header-display":"","ast-hfb-above-header-display":"","ast-hfb-below-header-display":"","ast-hfb-mobile-header-display":"","site-post-title":"","ast-breadcrumbs-content":"","ast-featured-img":"disabled","footer-sml-layout":"","theme-transparent-header-meta":"","adv-header-id-meta":"","stick-header-meta":"","header-above-stick-meta":"","header-main-stick-meta":"","header-below-stick-meta":"","astra-migrate-meta-layouts":"set","ast-page-background-enabled":"default","ast-page-background-meta":{"desktop":{"background-color":"var(--ast-global-color-4)","background-image":"","background-repeat":"repeat","background-position":"center center","background-size":"auto","background-attachment":"scroll","background-type":"","background-media":"","overlay-type":"","overlay-color":"","overlay-opacity":"","overlay-gradient":""},"tablet":{"background-color":"","background-image":"","background-repeat":"repeat","background-position":"center center","background-size":"auto","background-attachment":"scroll","background-type":"","background-media":"","overlay-type":"","overlay-color":"","overlay-opacity":"","overlay-gradient":""},"mobile":{"background-color":"","background-image":"","background-repeat":"repeat","background-position":"center center","background-size":"auto","background-attachment":"scroll","background-type":"","background-media":"","overlay-type":"","overlay-color":"","overlay-opacity":"","overlay-gradient":""}},"ast-content-background-meta":{"desktop":{"background-color":"var(--ast-global-color-5)","background-image":"","background-repeat":"repeat","background-position":"center center","background-size":"auto","background-attachment":"scroll","background-type":"","background-media":"","overlay-type":"","overlay-color":"","overlay-opacity":"","overlay-gradient":""},"tablet":{"background-color":"var(--ast-global-color-5)","background-image":"","background-repeat":"repeat","background-position":"center center","background-size":"auto","background-attachment":"scroll","background-type":"","background-media":"","overlay-type":"","overlay-color":"","overlay-opacity":"","overlay-gradient":""},"mobile":{"background-color":"var(--ast-global-color-5)","background-image":"","background-repeat":"repeat","background-position":"center center","background-size":"auto","background-attachment":"scroll","background-type":"","background-media":"","overlay-type":"","overlay-color":"","overlay-opacity":"","overlay-gradient":""}},"footnotes":""},"categories":[846],"tags":[875,862,492,692,850],"class_list":["post-17044","post","type-post","status-publish","format-standard","has-post-thumbnail","hentry","category-forcuts","tag-classe-dels-forcuts-i-de-les-forcudes","tag-curs-2025-2026","tag-i3","tag-lhora-del-conte","tag-promocio-2025"],"post_mailing_queue_ids":[],"_links":{"self":[{"href":"https:\/\/agora.xtec.cat\/ceip-laginesta-vallirana\/wp-json\/wp\/v2\/posts\/17044","targetHints":{"allow":["GET"]}}],"collection":[{"href":"https:\/\/agora.xtec.cat\/ceip-laginesta-vallirana\/wp-json\/wp\/v2\/posts"}],"about":[{"href":"https:\/\/agora.xtec.cat\/ceip-laginesta-vallirana\/wp-json\/wp\/v2\/types\/post"}],"author":[{"embeddable":true,"href":"https:\/\/agora.xtec.cat\/ceip-laginesta-vallirana\/wp-json\/wp\/v2\/users\/34"}],"replies":[{"embeddable":true,"href":"https:\/\/agora.xtec.cat\/ceip-laginesta-vallirana\/wp-json\/wp\/v2\/comments?post=17044"}],"version-history":[{"count":4,"href":"https:\/\/agora.xtec.cat\/ceip-laginesta-vallirana\/wp-json\/wp\/v2\/posts\/17044\/revisions"}],"predecessor-version":[{"id":17061,"href":"https:\/\/agora.xtec.cat\/ceip-laginesta-vallirana\/wp-json\/wp\/v2\/posts\/17044\/revisions\/17061"}],"wp:featuredmedia":[{"embeddable":true,"href":"https:\/\/agora.xtec.cat\/ceip-laginesta-vallirana\/wp-json\/wp\/v2\/media\/17060"}],"wp:attachment":[{"href":"https:\/\/agora.xtec.cat\/ceip-laginesta-vallirana\/wp-json\/wp\/v2\/media?parent=17044"}],"wp:term":[{"taxonomy":"category","embeddable":true,"href":"https:\/\/agora.xtec.cat\/ceip-laginesta-vallirana\/wp-json\/wp\/v2\/categories?post=17044"},{"taxonomy":"post_tag","embeddable":true,"href":"https:\/\/agora.xtec.cat\/ceip-laginesta-vallirana\/wp-json\/wp\/v2\/tags?post=17044"}],"curies":[{"name":"wp","href":"https:\/\/api.w.org\/{rel}","templated":true}]}}