{"id":17010,"date":"2025-12-19T12:46:58","date_gmt":"2025-12-19T11:46:58","guid":{"rendered":"https:\/\/agora.xtec.cat\/ceip-laginesta-vallirana\/?p=17010"},"modified":"2026-03-04T13:50:26","modified_gmt":"2026-03-04T12:50:26","slug":"hem-cagat-el-tio-2","status":"publish","type":"post","link":"https:\/\/agora.xtec.cat\/ceip-laginesta-vallirana\/portada\/hem-cagat-el-tio-2\/","title":{"rendered":"HEM CAGAT EL TI\u00d3"},"content":{"rendered":"\n<p>L&#8217;\u00daLTIM DIA D&#8217;ESCOLA ABANS D&#8217;AGAFAR LES VACANCES DE NADAL HEM CAGAT EL TI\u00d3.<\/p>\n\n\n\n<p>SEMBLAVA QUE TENIA MAL DE PANXA, PERQU\u00c8 A LA PRIMERA CAGADA S&#8217;ESCOLTAVEN PETARRONS I HA CAGAT PAPER BRUT COM DE CACA&#8230; CREIEM QUE HAVIA MENJAT MOLT&#8230;<\/p>\n\n\n\n<p>UN COP SEMBLAVA QUE AQUEST MAL DE PANXA, HA COMEN\u00c7AT A  CAGAR REGALS ALS NENS I A LES NENES QUE LI PICAVEN AMB EL PAL MENTRE LI CANTAVEN LA CAN\u00c7\u00d3.<\/p>\n\n\n\n<p>TOTS I TOTES HEM ESTAT MOLT CONTENTS I CONTENTES!!!<\/p>\n\n\n\n<p>MIREU A FOTOS QUE B\u00c9!!!<\/p>\n\n\n\n<figure class=\"wp-block-image aligncenter size-full\"><a href=\"https:\/\/agora.xtec.cat\/ceip-laginesta-vallirana\/wp-content\/uploads\/usu263\/2025\/12\/IMG_9216.jpg\"><img loading=\"lazy\" decoding=\"async\" width=\"392\" height=\"640\" src=\"https:\/\/agora.xtec.cat\/ceip-laginesta-vallirana\/wp-content\/uploads\/usu263\/2025\/12\/IMG_9216.jpg\" alt=\"\" class=\"wp-image-17070\" srcset=\"https:\/\/agora.xtec.cat\/ceip-laginesta-vallirana\/wp-content\/uploads\/usu263\/2025\/12\/IMG_9216.jpg 392w, https:\/\/agora.xtec.cat\/ceip-laginesta-vallirana\/wp-content\/uploads\/usu263\/2025\/12\/IMG_9216-184x300.jpg 184w\" sizes=\"auto, (max-width: 392px) 100vw, 392px\" \/><\/a><\/figure>\n","protected":false},"excerpt":{"rendered":"<p>L&#8217;\u00daLTIM DIA D&#8217;ESCOLA ABANS D&#8217;AGAFAR LES VACANCES DE NADAL HEM CAGAT EL TI\u00d3. SEMBLAVA QUE TENIA MAL DE PANXA, PERQU\u00c8 A LA PRIMERA CAGADA S&#8217;ESCOLTAVEN PETARRONS I HA CAGAT PAPER BRUT COM DE CACA&#8230; CREIEM QUE HAVIA MENJAT MOLT&#8230; UN COP SEMBLAVA QUE AQUEST MAL DE PANXA, HA COMEN\u00c7AT A CAGAR REGALS ALS NENS I [&hellip;]<\/p>\n","protected":false},"author":34,"featured_media":17070,"comment_status":"open","ping_status":"open","sticky":false,"template":"","format":"standard","meta":{"_bbp_topic_count":0,"_bbp_reply_count":0,"_bbp_total_topic_count":0,"_bbp_total_reply_count":0,"_bbp_voice_count":0,"_bbp_anonymous_reply_count":0,"_bbp_topic_count_hidden":0,"_bbp_reply_count_hidden":0,"_bbp_forum_subforum_count":0,"site-sidebar-layout":"default","site-content-layout":"","ast-site-content-layout":"default","site-content-style":"default","site-sidebar-style":"default","ast-global-header-display":"","ast-banner-title-visibility":"","ast-main-header-display":"","ast-hfb-above-header-display":"","ast-hfb-below-header-display":"","ast-hfb-mobile-header-display":"","site-post-title":"","ast-breadcrumbs-content":"","ast-featured-img":"disabled","footer-sml-layout":"","theme-transparent-header-meta":"","adv-header-id-meta":"","stick-header-meta":"","header-above-stick-meta":"","header-main-stick-meta":"","header-below-stick-meta":"","astra-migrate-meta-layouts":"set","ast-page-background-enabled":"default","ast-page-background-meta":{"desktop":{"background-color":"var(--ast-global-color-4)","background-image":"","background-repeat":"repeat","background-position":"center center","background-size":"auto","background-attachment":"scroll","background-type":"","background-media":"","overlay-type":"","overlay-color":"","overlay-opacity":"","overlay-gradient":""},"tablet":{"background-color":"","background-image":"","background-repeat":"repeat","background-position":"center center","background-size":"auto","background-attachment":"scroll","background-type":"","background-media":"","overlay-type":"","overlay-color":"","overlay-opacity":"","overlay-gradient":""},"mobile":{"background-color":"","background-image":"","background-repeat":"repeat","background-position":"center center","background-size":"auto","background-attachment":"scroll","background-type":"","background-media":"","overlay-type":"","overlay-color":"","overlay-opacity":"","overlay-gradient":""}},"ast-content-background-meta":{"desktop":{"background-color":"var(--ast-global-color-5)","background-image":"","background-repeat":"repeat","background-position":"center center","background-size":"auto","background-attachment":"scroll","background-type":"","background-media":"","overlay-type":"","overlay-color":"","overlay-opacity":"","overlay-gradient":""},"tablet":{"background-color":"var(--ast-global-color-5)","background-image":"","background-repeat":"repeat","background-position":"center center","background-size":"auto","background-attachment":"scroll","background-type":"","background-media":"","overlay-type":"","overlay-color":"","overlay-opacity":"","overlay-gradient":""},"mobile":{"background-color":"var(--ast-global-color-5)","background-image":"","background-repeat":"repeat","background-position":"center center","background-size":"auto","background-attachment":"scroll","background-type":"","background-media":"","overlay-type":"","overlay-color":"","overlay-opacity":"","overlay-gradient":""}},"footnotes":""},"categories":[378,182,846,4],"tags":[875,868,492,848,850,540,897],"class_list":["post-17010","post","type-post","status-publish","format-standard","has-post-thumbnail","hentry","category-educacio-infantil","category-festes","category-forcuts","category-portada","tag-classe-dels-forcuts-i-de-les-forcudes","tag-curs-25-26-2","tag-i3","tag-i3-curs-25-26","tag-promocio-2025","tag-tio","tag-tio-2025"],"post_mailing_queue_ids":[],"_links":{"self":[{"href":"https:\/\/agora.xtec.cat\/ceip-laginesta-vallirana\/wp-json\/wp\/v2\/posts\/17010","targetHints":{"allow":["GET"]}}],"collection":[{"href":"https:\/\/agora.xtec.cat\/ceip-laginesta-vallirana\/wp-json\/wp\/v2\/posts"}],"about":[{"href":"https:\/\/agora.xtec.cat\/ceip-laginesta-vallirana\/wp-json\/wp\/v2\/types\/post"}],"author":[{"embeddable":true,"href":"https:\/\/agora.xtec.cat\/ceip-laginesta-vallirana\/wp-json\/wp\/v2\/users\/34"}],"replies":[{"embeddable":true,"href":"https:\/\/agora.xtec.cat\/ceip-laginesta-vallirana\/wp-json\/wp\/v2\/comments?post=17010"}],"version-history":[{"count":3,"href":"https:\/\/agora.xtec.cat\/ceip-laginesta-vallirana\/wp-json\/wp\/v2\/posts\/17010\/revisions"}],"predecessor-version":[{"id":17071,"href":"https:\/\/agora.xtec.cat\/ceip-laginesta-vallirana\/wp-json\/wp\/v2\/posts\/17010\/revisions\/17071"}],"wp:featuredmedia":[{"embeddable":true,"href":"https:\/\/agora.xtec.cat\/ceip-laginesta-vallirana\/wp-json\/wp\/v2\/media\/17070"}],"wp:attachment":[{"href":"https:\/\/agora.xtec.cat\/ceip-laginesta-vallirana\/wp-json\/wp\/v2\/media?parent=17010"}],"wp:term":[{"taxonomy":"category","embeddable":true,"href":"https:\/\/agora.xtec.cat\/ceip-laginesta-vallirana\/wp-json\/wp\/v2\/categories?post=17010"},{"taxonomy":"post_tag","embeddable":true,"href":"https:\/\/agora.xtec.cat\/ceip-laginesta-vallirana\/wp-json\/wp\/v2\/tags?post=17010"}],"curies":[{"name":"wp","href":"https:\/\/api.w.org\/{rel}","templated":true}]}}