{"id":16890,"date":"2025-10-31T11:24:08","date_gmt":"2025-10-31T10:24:08","guid":{"rendered":"https:\/\/agora.xtec.cat\/ceip-laginesta-vallirana\/?p=16890"},"modified":"2025-10-31T11:24:10","modified_gmt":"2025-10-31T10:24:10","slug":"canco-magrada-la-tardor","status":"publish","type":"post","link":"https:\/\/agora.xtec.cat\/ceip-laginesta-vallirana\/educacio-infantil\/canco-magrada-la-tardor\/","title":{"rendered":"CAN\u00c7\u00d3 &#8220;M&#8217;AGRADA LA TARDOR&#8221;"},"content":{"rendered":"\n<p>HEM ESTAT CANTANT LA CAN\u00c7\u00d3 &#8220;M&#8217;AGRADA LA TARDOR&#8221;. <\/p>\n\n\n\n<p>ENS L&#8217; HEM APR\u00c9S MOLT B\u00c9!!!<\/p>\n\n\n\n<p>US LA PASSO, SI CLIQUEU A SOBRE DE LA CAN\u00c7\u00d3 TENIU L&#8217;ENLLA\u00c7 PER ESCOLTAR-LA I PODER CANTAR AMB ELS VOSTRES FILLS I FILLES.<\/p>\n\n\n\n<figure class=\"wp-block-image aligncenter size-full\"><a href=\"https:\/\/www.youtube.com\/watch?v=p4JfqcRXidI\"><img loading=\"lazy\" decoding=\"async\" width=\"799\" height=\"568\" src=\"https:\/\/agora.xtec.cat\/ceip-laginesta-vallirana\/wp-content\/uploads\/usu263\/2025\/10\/Screenshot-7.png\" alt=\"\" class=\"wp-image-16892\" srcset=\"https:\/\/agora.xtec.cat\/ceip-laginesta-vallirana\/wp-content\/uploads\/usu263\/2025\/10\/Screenshot-7.png 799w, https:\/\/agora.xtec.cat\/ceip-laginesta-vallirana\/wp-content\/uploads\/usu263\/2025\/10\/Screenshot-7-300x213.png 300w, https:\/\/agora.xtec.cat\/ceip-laginesta-vallirana\/wp-content\/uploads\/usu263\/2025\/10\/Screenshot-7-768x546.png 768w\" sizes=\"auto, (max-width: 799px) 100vw, 799px\" \/><\/a><\/figure>\n\n\n\n<p>VAM APROFITAR LES NOUS QUE VAU PORTAR PER FER M\u00daSICA I SEGUIR EL RITME DE LA CAN\u00c7\u00d3 TOT PICANT DUES NOUS.<\/p>\n\n\n\n<figure class=\"wp-block-image size-full\"><a href=\"https:\/\/agora.xtec.cat\/ceip-laginesta-vallirana\/wp-content\/uploads\/usu263\/2025\/10\/IMG_8237-1.jpg\"><img loading=\"lazy\" decoding=\"async\" width=\"640\" height=\"480\" src=\"https:\/\/agora.xtec.cat\/ceip-laginesta-vallirana\/wp-content\/uploads\/usu263\/2025\/10\/IMG_8237-1.jpg\" alt=\"\" class=\"wp-image-16893\" srcset=\"https:\/\/agora.xtec.cat\/ceip-laginesta-vallirana\/wp-content\/uploads\/usu263\/2025\/10\/IMG_8237-1.jpg 640w, https:\/\/agora.xtec.cat\/ceip-laginesta-vallirana\/wp-content\/uploads\/usu263\/2025\/10\/IMG_8237-1-300x225.jpg 300w\" sizes=\"auto, (max-width: 640px) 100vw, 640px\" \/><\/a><\/figure>\n","protected":false},"excerpt":{"rendered":"<p>HEM ESTAT CANTANT LA CAN\u00c7\u00d3 &#8220;M&#8217;AGRADA LA TARDOR&#8221;. ENS L&#8217; HEM APR\u00c9S MOLT B\u00c9!!! US LA PASSO, SI CLIQUEU A SOBRE DE LA CAN\u00c7\u00d3 TENIU L&#8217;ENLLA\u00c7 PER ESCOLTAR-LA I PODER CANTAR AMB ELS VOSTRES FILLS I FILLES. VAM APROFITAR LES NOUS QUE VAU PORTAR PER FER M\u00daSICA I SEGUIR EL RITME DE LA CAN\u00c7\u00d3 TOT [&hellip;]<\/p>\n","protected":false},"author":34,"featured_media":16892,"comment_status":"open","ping_status":"open","sticky":false,"template":"","format":"standard","meta":{"_bbp_topic_count":0,"_bbp_reply_count":0,"_bbp_total_topic_count":0,"_bbp_total_reply_count":0,"_bbp_voice_count":0,"_bbp_anonymous_reply_count":0,"_bbp_topic_count_hidden":0,"_bbp_reply_count_hidden":0,"_bbp_forum_subforum_count":0,"site-sidebar-layout":"default","site-content-layout":"","ast-site-content-layout":"default","site-content-style":"default","site-sidebar-style":"default","ast-global-header-display":"","ast-banner-title-visibility":"","ast-main-header-display":"","ast-hfb-above-header-display":"","ast-hfb-below-header-display":"","ast-hfb-mobile-header-display":"","site-post-title":"","ast-breadcrumbs-content":"","ast-featured-img":"disabled","footer-sml-layout":"","theme-transparent-header-meta":"","adv-header-id-meta":"","stick-header-meta":"","header-above-stick-meta":"","header-main-stick-meta":"","header-below-stick-meta":"","astra-migrate-meta-layouts":"set","ast-page-background-enabled":"default","ast-page-background-meta":{"desktop":{"background-color":"var(--ast-global-color-4)","background-image":"","background-repeat":"repeat","background-position":"center center","background-size":"auto","background-attachment":"scroll","background-type":"","background-media":"","overlay-type":"","overlay-color":"","overlay-opacity":"","overlay-gradient":""},"tablet":{"background-color":"","background-image":"","background-repeat":"repeat","background-position":"center center","background-size":"auto","background-attachment":"scroll","background-type":"","background-media":"","overlay-type":"","overlay-color":"","overlay-opacity":"","overlay-gradient":""},"mobile":{"background-color":"","background-image":"","background-repeat":"repeat","background-position":"center center","background-size":"auto","background-attachment":"scroll","background-type":"","background-media":"","overlay-type":"","overlay-color":"","overlay-opacity":"","overlay-gradient":""}},"ast-content-background-meta":{"desktop":{"background-color":"var(--ast-global-color-5)","background-image":"","background-repeat":"repeat","background-position":"center center","background-size":"auto","background-attachment":"scroll","background-type":"","background-media":"","overlay-type":"","overlay-color":"","overlay-opacity":"","overlay-gradient":""},"tablet":{"background-color":"var(--ast-global-color-5)","background-image":"","background-repeat":"repeat","background-position":"center center","background-size":"auto","background-attachment":"scroll","background-type":"","background-media":"","overlay-type":"","overlay-color":"","overlay-opacity":"","overlay-gradient":""},"mobile":{"background-color":"var(--ast-global-color-5)","background-image":"","background-repeat":"repeat","background-position":"center center","background-size":"auto","background-attachment":"scroll","background-type":"","background-media":"","overlay-type":"","overlay-color":"","overlay-opacity":"","overlay-gradient":""}},"footnotes":""},"categories":[378,846],"tags":[631,855,864,492,848,850,522],"class_list":["post-16890","post","type-post","status-publish","format-standard","has-post-thumbnail","hentry","category-educacio-infantil","category-forcuts","tag-classe-di3","tag-classe-dels-forcuts","tag-curs-25-26","tag-i3","tag-i3-curs-25-26","tag-promocio-2025","tag-tardor"],"post_mailing_queue_ids":[],"_links":{"self":[{"href":"https:\/\/agora.xtec.cat\/ceip-laginesta-vallirana\/wp-json\/wp\/v2\/posts\/16890","targetHints":{"allow":["GET"]}}],"collection":[{"href":"https:\/\/agora.xtec.cat\/ceip-laginesta-vallirana\/wp-json\/wp\/v2\/posts"}],"about":[{"href":"https:\/\/agora.xtec.cat\/ceip-laginesta-vallirana\/wp-json\/wp\/v2\/types\/post"}],"author":[{"embeddable":true,"href":"https:\/\/agora.xtec.cat\/ceip-laginesta-vallirana\/wp-json\/wp\/v2\/users\/34"}],"replies":[{"embeddable":true,"href":"https:\/\/agora.xtec.cat\/ceip-laginesta-vallirana\/wp-json\/wp\/v2\/comments?post=16890"}],"version-history":[{"count":1,"href":"https:\/\/agora.xtec.cat\/ceip-laginesta-vallirana\/wp-json\/wp\/v2\/posts\/16890\/revisions"}],"predecessor-version":[{"id":16894,"href":"https:\/\/agora.xtec.cat\/ceip-laginesta-vallirana\/wp-json\/wp\/v2\/posts\/16890\/revisions\/16894"}],"wp:featuredmedia":[{"embeddable":true,"href":"https:\/\/agora.xtec.cat\/ceip-laginesta-vallirana\/wp-json\/wp\/v2\/media\/16892"}],"wp:attachment":[{"href":"https:\/\/agora.xtec.cat\/ceip-laginesta-vallirana\/wp-json\/wp\/v2\/media?parent=16890"}],"wp:term":[{"taxonomy":"category","embeddable":true,"href":"https:\/\/agora.xtec.cat\/ceip-laginesta-vallirana\/wp-json\/wp\/v2\/categories?post=16890"},{"taxonomy":"post_tag","embeddable":true,"href":"https:\/\/agora.xtec.cat\/ceip-laginesta-vallirana\/wp-json\/wp\/v2\/tags?post=16890"}],"curies":[{"name":"wp","href":"https:\/\/api.w.org\/{rel}","templated":true}]}}