{"id":16737,"date":"2025-09-26T15:41:24","date_gmt":"2025-09-26T13:41:24","guid":{"rendered":"https:\/\/agora.xtec.cat\/ceip-laginesta-vallirana\/?p=16737"},"modified":"2025-10-06T16:57:05","modified_gmt":"2025-10-06T14:57:05","slug":"ha-vingut-lateiag","status":"publish","type":"post","link":"https:\/\/agora.xtec.cat\/ceip-laginesta-vallirana\/portada\/ha-vingut-lateiag\/","title":{"rendered":"HA VINGUT L&#8217;ATEIAG"},"content":{"rendered":"\n<p>HA VINGUT UN FOLLET A LA CLASSE QUE ES DIU ATEIAG.<\/p>\n\n\n\n<p>L&#8217;ATEIAG \u00c9S UN FOLLET DE MAR, QUE VE DE LA PLATJA.<\/p>\n\n\n\n<p>ENS HA PORTAT TRESORS DE PLATJA (PETXINES, CARGOLINES), ENS HA ENSENYAT COM HEM DE PARAR TAULA PER ESMORZAR (AMB LA SEVA BOSSETA I EL SEU TOVALL\u00d3), ENS HA PORTAT UNA CARGOLINA GRAN ON HEM ESCOLTAT EL SOROLL DE LES ONADES DEL MAR (QUE \u00c9S EL SEU LLITET) I UN CONTE ON ENS HA EXPLICAT LA SEVA HIST\u00d2RIA I EL PERQU\u00c8 EST\u00c0 A LA NOSTRA CLASSE.<\/p>\n\n\n\n<p>ESTEM MOLT CONTENTS I CONTENTES DE TENIR-LO A LA NOSTRA CLASSE, ENS FA COMPANYIA TOT EL DIA I ENS ENSENYA MOLTES COSES I NOSALTRES A ELL. ENS EST\u00c0 AJUDANT MOLT AQUESTS PRIMERS DIES D&#8217;ESCOLA.<\/p>\n\n\n\n<p>APROFITEU PER VEURE LES FOTOS CLICANT A LA PESTANYA DE FOTOS&#8230;<\/p>\n\n\n\n<figure class=\"wp-block-image size-large\"><a href=\"https:\/\/agora.xtec.cat\/ceip-laginesta-vallirana\/wp-content\/uploads\/usu263\/2025\/09\/PHOTO-2025-09-23-15-33-39.jpg\"><img loading=\"lazy\" decoding=\"async\" width=\"1024\" height=\"768\" src=\"https:\/\/agora.xtec.cat\/ceip-laginesta-vallirana\/wp-content\/uploads\/usu263\/2025\/09\/PHOTO-2025-09-23-15-33-39-1024x768.jpg\" alt=\"\" class=\"wp-image-16738\" srcset=\"https:\/\/agora.xtec.cat\/ceip-laginesta-vallirana\/wp-content\/uploads\/usu263\/2025\/09\/PHOTO-2025-09-23-15-33-39-1024x768.jpg 1024w, https:\/\/agora.xtec.cat\/ceip-laginesta-vallirana\/wp-content\/uploads\/usu263\/2025\/09\/PHOTO-2025-09-23-15-33-39-300x225.jpg 300w, https:\/\/agora.xtec.cat\/ceip-laginesta-vallirana\/wp-content\/uploads\/usu263\/2025\/09\/PHOTO-2025-09-23-15-33-39-768x576.jpg 768w, https:\/\/agora.xtec.cat\/ceip-laginesta-vallirana\/wp-content\/uploads\/usu263\/2025\/09\/PHOTO-2025-09-23-15-33-39-1536x1152.jpg 1536w, https:\/\/agora.xtec.cat\/ceip-laginesta-vallirana\/wp-content\/uploads\/usu263\/2025\/09\/PHOTO-2025-09-23-15-33-39.jpg 1600w\" sizes=\"auto, (max-width: 1024px) 100vw, 1024px\" \/><\/a><\/figure>\n","protected":false},"excerpt":{"rendered":"<p>HA VINGUT UN FOLLET A LA CLASSE QUE ES DIU ATEIAG. L&#8217;ATEIAG \u00c9S UN FOLLET DE MAR, QUE VE DE LA PLATJA. ENS HA PORTAT TRESORS DE PLATJA (PETXINES, CARGOLINES), ENS HA ENSENYAT COM HEM DE PARAR TAULA PER ESMORZAR (AMB LA SEVA BOSSETA I EL SEU TOVALL\u00d3), ENS HA PORTAT UNA CARGOLINA GRAN ON [&hellip;]<\/p>\n","protected":false},"author":34,"featured_media":16738,"comment_status":"open","ping_status":"open","sticky":false,"template":"","format":"standard","meta":{"_bbp_topic_count":0,"_bbp_reply_count":0,"_bbp_total_topic_count":0,"_bbp_total_reply_count":0,"_bbp_voice_count":0,"_bbp_anonymous_reply_count":0,"_bbp_topic_count_hidden":0,"_bbp_reply_count_hidden":0,"_bbp_forum_subforum_count":0,"site-sidebar-layout":"default","site-content-layout":"","ast-site-content-layout":"default","site-content-style":"default","site-sidebar-style":"default","ast-global-header-display":"","ast-banner-title-visibility":"","ast-main-header-display":"","ast-hfb-above-header-display":"","ast-hfb-below-header-display":"","ast-hfb-mobile-header-display":"","site-post-title":"","ast-breadcrumbs-content":"","ast-featured-img":"","footer-sml-layout":"","theme-transparent-header-meta":"","adv-header-id-meta":"","stick-header-meta":"","header-above-stick-meta":"","header-main-stick-meta":"","header-below-stick-meta":"","astra-migrate-meta-layouts":"set","ast-page-background-enabled":"default","ast-page-background-meta":{"desktop":{"background-color":"var(--ast-global-color-4)","background-image":"","background-repeat":"repeat","background-position":"center center","background-size":"auto","background-attachment":"scroll","background-type":"","background-media":"","overlay-type":"","overlay-color":"","overlay-opacity":"","overlay-gradient":""},"tablet":{"background-color":"","background-image":"","background-repeat":"repeat","background-position":"center center","background-size":"auto","background-attachment":"scroll","background-type":"","background-media":"","overlay-type":"","overlay-color":"","overlay-opacity":"","overlay-gradient":""},"mobile":{"background-color":"","background-image":"","background-repeat":"repeat","background-position":"center center","background-size":"auto","background-attachment":"scroll","background-type":"","background-media":"","overlay-type":"","overlay-color":"","overlay-opacity":"","overlay-gradient":""}},"ast-content-background-meta":{"desktop":{"background-color":"var(--ast-global-color-5)","background-image":"","background-repeat":"repeat","background-position":"center center","background-size":"auto","background-attachment":"scroll","background-type":"","background-media":"","overlay-type":"","overlay-color":"","overlay-opacity":"","overlay-gradient":""},"tablet":{"background-color":"var(--ast-global-color-5)","background-image":"","background-repeat":"repeat","background-position":"center center","background-size":"auto","background-attachment":"scroll","background-type":"","background-media":"","overlay-type":"","overlay-color":"","overlay-opacity":"","overlay-gradient":""},"mobile":{"background-color":"var(--ast-global-color-5)","background-image":"","background-repeat":"repeat","background-position":"center center","background-size":"auto","background-attachment":"scroll","background-type":"","background-media":"","overlay-type":"","overlay-color":"","overlay-opacity":"","overlay-gradient":""}},"footnotes":""},"categories":[378,846,4],"tags":[501,849,848,850],"class_list":["post-16737","post","type-post","status-publish","format-standard","has-post-thumbnail","hentry","category-educacio-infantil","category-forcuts","category-portada","tag-els-follets","tag-i3-adaptacio","tag-i3-curs-25-26","tag-promocio-2025"],"post_mailing_queue_ids":[],"_links":{"self":[{"href":"https:\/\/agora.xtec.cat\/ceip-laginesta-vallirana\/wp-json\/wp\/v2\/posts\/16737","targetHints":{"allow":["GET"]}}],"collection":[{"href":"https:\/\/agora.xtec.cat\/ceip-laginesta-vallirana\/wp-json\/wp\/v2\/posts"}],"about":[{"href":"https:\/\/agora.xtec.cat\/ceip-laginesta-vallirana\/wp-json\/wp\/v2\/types\/post"}],"author":[{"embeddable":true,"href":"https:\/\/agora.xtec.cat\/ceip-laginesta-vallirana\/wp-json\/wp\/v2\/users\/34"}],"replies":[{"embeddable":true,"href":"https:\/\/agora.xtec.cat\/ceip-laginesta-vallirana\/wp-json\/wp\/v2\/comments?post=16737"}],"version-history":[{"count":3,"href":"https:\/\/agora.xtec.cat\/ceip-laginesta-vallirana\/wp-json\/wp\/v2\/posts\/16737\/revisions"}],"predecessor-version":[{"id":16773,"href":"https:\/\/agora.xtec.cat\/ceip-laginesta-vallirana\/wp-json\/wp\/v2\/posts\/16737\/revisions\/16773"}],"wp:featuredmedia":[{"embeddable":true,"href":"https:\/\/agora.xtec.cat\/ceip-laginesta-vallirana\/wp-json\/wp\/v2\/media\/16738"}],"wp:attachment":[{"href":"https:\/\/agora.xtec.cat\/ceip-laginesta-vallirana\/wp-json\/wp\/v2\/media?parent=16737"}],"wp:term":[{"taxonomy":"category","embeddable":true,"href":"https:\/\/agora.xtec.cat\/ceip-laginesta-vallirana\/wp-json\/wp\/v2\/categories?post=16737"},{"taxonomy":"post_tag","embeddable":true,"href":"https:\/\/agora.xtec.cat\/ceip-laginesta-vallirana\/wp-json\/wp\/v2\/tags?post=16737"}],"curies":[{"name":"wp","href":"https:\/\/api.w.org\/{rel}","templated":true}]}}