{"id":16221,"date":"2025-04-25T12:48:32","date_gmt":"2025-04-25T10:48:32","guid":{"rendered":"https:\/\/agora.xtec.cat\/ceip-laginesta-vallirana\/?p=16221"},"modified":"2025-08-20T17:29:20","modified_gmt":"2025-08-20T15:29:20","slug":"preinscripcio-i-matricula","status":"publish","type":"post","link":"https:\/\/agora.xtec.cat\/ceip-laginesta-vallirana\/portada\/preinscripcio-i-matricula\/","title":{"rendered":"Preinscripci\u00f3 i matr\u00edcula"},"content":{"rendered":"<table style=\"width: 99.4582%; height: 474px;\" width=\"728\">\n<tbody>\n<tr style=\"height: 33px;\">\n<td style=\"width: 35.6428%; height: 33px;\"><strong>Fases del proc\u00e9s de preinscripci\u00f3\u00a0<\/strong><\/td>\n<td style=\"width: 13.8818%; height: 33px;\"><strong>Dates<\/strong><\/td>\n<td style=\"width: 38.1635%; height: 33px;\"><strong>Acc\u00e9s als llistats o documents\u00a0<\/strong><\/td>\n<td style=\"width: 93.7107%; height: 33px;\"><strong>Estat\u00a0<\/strong><\/td>\n<\/tr>\n<tr style=\"height: 49px;\">\n<td style=\"width: 35.6428%; height: 49px;\">Publicaci\u00f3 de l\u2019oferta inicial<\/td>\n<td style=\"width: 13.8818%; height: 49px;\">11 de mar\u00e7<\/td>\n<td style=\"width: 38.1635%; height: 49px;\">\n<h6><strong><a href=\"https:\/\/agora.xtec.cat\/ceip-laginesta-vallirana\/wp-content\/uploads\/usu263\/2025\/03\/Oferta-Inicial-Curs-25-26.pdf\">PUBLICACI\u00d3 OFERTA PROVISIONAL<\/a><\/strong><\/h6>\n<\/td>\n<td style=\"width: 93.7107%; height: 49px;\"><strong>Publicat\u00a0<\/strong><\/td>\n<\/tr>\n<tr style=\"height: 49px;\">\n<td style=\"width: 35.6428%; height: 49px;\">Publicaci\u00f3 de les llistes amb el barem provisional<\/td>\n<td style=\"width: 13.8818%; height: 49px;\">24 d\u2019abril<\/td>\n<td style=\"width: 38.1635%; height: 49px;\">\n<h6><strong><a href=\"https:\/\/agora.xtec.cat\/ceip-laginesta-vallirana\/wp-content\/uploads\/usu263\/2025\/04\/INFORME_BAREM_PROVISIONAL_BAREM.pdf\">LLISTATS BAREM PROVISIONAL<\/a><\/strong><\/h6>\n<\/td>\n<td style=\"width: 93.7107%; height: 49px;\"><strong>Publicat\u00a0<\/strong><\/td>\n<\/tr>\n<tr style=\"height: 49px;\">\n<td style=\"width: 35.6428%; height: 49px;\">Presentaci\u00f3 de reclamacions al barem provisional<\/td>\n<td style=\"width: 13.8818%; height: 49px;\">Del 24 al 29 d\u2019abril<\/td>\n<td style=\"width: 38.1635%; height: 49px;\">\n<h6><strong><a href=\"https:\/\/documents.espai.educacio.gencat.cat\/FormularisModels\/CentresGestioAdministrativa\/A948.pdf\">MODEL DE RECLAMACI\u00d3<\/a><\/strong><\/h6>\n<\/td>\n<td style=\"width: 93.7107%; height: 49px;\"><strong>Publicat\u00a0<\/strong><\/td>\n<\/tr>\n<tr style=\"height: 49px;\">\n<td style=\"width: 35.6428%; height: 49px;\">Publicaci\u00f3 de llistes amb el barem (resoltes les reclamacions)<\/td>\n<td style=\"width: 13.8818%; height: 49px;\">5 de maig<\/td>\n<td style=\"width: 38.1635%; height: 49px;\">\n<h6><strong><a href=\"https:\/\/agora.xtec.cat\/ceip-laginesta-vallirana\/wp-content\/uploads\/usu263\/2025\/05\/Llistat-Barem-Definitiu.pdf\">LLISTATS BAREM DEFINITIU<\/a><\/strong><\/h6>\n<\/td>\n<td style=\"width: 93.7107%; height: 49px;\"><strong>Publicat\u00a0<\/strong><\/td>\n<\/tr>\n<tr style=\"height: 49px;\">\n<td style=\"width: 35.6428%; height: 49px;\">Publicaci\u00f3 de llistes ordenades definitives<\/td>\n<td style=\"width: 13.8818%; height: 49px;\">9 de maig<\/td>\n<td style=\"width: 38.1635%; height: 49px;\"><strong><a href=\"https:\/\/agora.xtec.cat\/ceip-laginesta-vallirana\/wp-content\/uploads\/usu263\/2025\/05\/Llista-Ordenada-Definitiva.pdf\">LLISTATS ORDENADES DEFINITIVES<\/a><\/strong><\/td>\n<td style=\"width: 93.7107%; height: 49px;\"><strong>Publicat\u00a0<\/strong><\/td>\n<\/tr>\n<tr style=\"height: 33px;\">\n<td style=\"width: 35.6428%; height: 33px;\">Publicaci\u00f3 de l\u2019oferta final<\/td>\n<td style=\"width: 13.8818%; height: 33px;\">16 de juny<\/td>\n<td style=\"width: 38.1635%; height: 33px;\"><strong><a href=\"https:\/\/agora.xtec.cat\/ceip-laginesta-vallirana\/wp-content\/uploads\/usu263\/2025\/04\/INFORME_OFERTA_OME_INFORME_OFERTA-1.pdf\">OFERTA DEFINITIVA<\/a><\/strong><\/td>\n<td style=\"width: 93.7107%; height: 33px;\"><strong>Publicat\u00a0<\/strong><\/td>\n<\/tr>\n<tr style=\"height: 97px;\">\n<td style=\"width: 35.6428%; height: 71px;\">Publicaci\u00f3 de les llistes d\u2019admesos i llista d\u2019espera<\/td>\n<td style=\"width: 13.8818%; height: 71px;\">16 de juny<\/td>\n<td style=\"width: 38.1635%; height: 71px;\"><strong><a href=\"https:\/\/agora.xtec.cat\/ceip-laginesta-vallirana\/wp-content\/uploads\/usu263\/2025\/04\/INFORME_ASSIGNADES_INFORME_ASSIGNADES-4.pdf\">PREINSCRITS AL CENTRE<\/a><\/strong><strong><a href=\"https:\/\/agora.xtec.cat\/ceip-laginesta-vallirana\/wp-content\/uploads\/usu263\/2025\/04\/INFORME_LLISTA_ESPERA_OME_LLISTA_ESPERA-6.pdf\">LLISTA D&#8217;ESPERA<\/a><\/strong><\/td>\n<td style=\"width: 93.7107%; height: 71px;\"><strong>Publicat\u00a0<\/strong><\/td>\n<\/tr>\n<tr style=\"height: 142px;\">\n<td style=\"width: 35.6428%; height: 92px;\">PER\u00cdODE DE MATR\u00cdCULA<\/td>\n<td style=\"width: 13.8818%; height: 92px;\">Del 25 juny al 3 de juliol del 2025<\/td>\n<td style=\"width: 38.1635%; height: 92px;\"><strong>\u00a0CITA PR\u00c8VIA<\/strong><strong>Podeu trucar al 93.683.21.68 o enviar un correu electr\u00f2nic al centre (a8053522@xtec.cat) i demanar dia i hora.<\/strong><\/td>\n<\/tr>\n<\/tbody>\n<\/table>\n<h4><a href=\"https:\/\/preinscripcio.gencat.cat\/ca\/inici\/\"><strong>INFORMACI\u00d3 DEPARTAMENT EDUCACI\u00d3: PREINSCRIPCI\u00d3 2025-2026<\/strong><\/a><\/h4>\n","protected":false},"excerpt":{"rendered":"<p>Fases del proc\u00e9s de preinscripci\u00f3\u00a0 Dates Acc\u00e9s als llistats o documents\u00a0 Estat\u00a0 Publicaci\u00f3 de l\u2019oferta inicial 11 de mar\u00e7 PUBLICACI\u00d3 OFERTA PROVISIONAL Publicat\u00a0 Publicaci\u00f3 de les llistes amb el barem provisional 24 d\u2019abril LLISTATS BAREM PROVISIONAL Publicat\u00a0 Presentaci\u00f3 de reclamacions al barem provisional Del 24 al 29 d\u2019abril MODEL DE RECLAMACI\u00d3 Publicat\u00a0 Publicaci\u00f3 de llistes [&hellip;]<\/p>\n","protected":false},"author":33,"featured_media":0,"comment_status":"open","ping_status":"closed","sticky":true,"template":"","format":"standard","meta":{"_bbp_topic_count":0,"_bbp_reply_count":0,"_bbp_total_topic_count":0,"_bbp_total_reply_count":0,"_bbp_voice_count":0,"_bbp_anonymous_reply_count":0,"_bbp_topic_count_hidden":0,"_bbp_reply_count_hidden":0,"_bbp_forum_subforum_count":0,"site-sidebar-layout":"no-sidebar","site-content-layout":"","ast-site-content-layout":"normal-width-container","site-content-style":"unboxed","site-sidebar-style":"default","ast-global-header-display":"","ast-banner-title-visibility":"","ast-main-header-display":"","ast-hfb-above-header-display":"","ast-hfb-below-header-display":"","ast-hfb-mobile-header-display":"","site-post-title":"","ast-breadcrumbs-content":"","ast-featured-img":"","footer-sml-layout":"","theme-transparent-header-meta":"","adv-header-id-meta":"","stick-header-meta":"","header-above-stick-meta":"","header-main-stick-meta":"","header-below-stick-meta":"","astra-migrate-meta-layouts":"set","ast-page-background-enabled":"default","ast-page-background-meta":{"desktop":{"background-color":"var(--ast-global-color-4)","background-image":"","background-repeat":"repeat","background-position":"center center","background-size":"auto","background-attachment":"scroll","background-type":"","background-media":"","overlay-type":"","overlay-color":"","overlay-opacity":"","overlay-gradient":""},"tablet":{"background-color":"","background-image":"","background-repeat":"repeat","background-position":"center center","background-size":"auto","background-attachment":"scroll","background-type":"","background-media":"","overlay-type":"","overlay-color":"","overlay-opacity":"","overlay-gradient":""},"mobile":{"background-color":"","background-image":"","background-repeat":"repeat","background-position":"center center","background-size":"auto","background-attachment":"scroll","background-type":"","background-media":"","overlay-type":"","overlay-color":"","overlay-opacity":"","overlay-gradient":""}},"ast-content-background-meta":{"desktop":{"background-color":"var(--ast-global-color-5)","background-image":"","background-repeat":"repeat","background-position":"center center","background-size":"auto","background-attachment":"scroll","background-type":"","background-media":"","overlay-type":"","overlay-color":"","overlay-opacity":"","overlay-gradient":""},"tablet":{"background-color":"var(--ast-global-color-5)","background-image":"","background-repeat":"repeat","background-position":"center center","background-size":"auto","background-attachment":"scroll","background-type":"","background-media":"","overlay-type":"","overlay-color":"","overlay-opacity":"","overlay-gradient":""},"mobile":{"background-color":"var(--ast-global-color-5)","background-image":"","background-repeat":"repeat","background-position":"center center","background-size":"auto","background-attachment":"scroll","background-type":"","background-media":"","overlay-type":"","overlay-color":"","overlay-opacity":"","overlay-gradient":""}},"footnotes":""},"categories":[230,4],"tags":[],"class_list":["post-16221","post","type-post","status-publish","format-standard","hentry","category-general","category-portada"],"post_mailing_queue_ids":[],"_links":{"self":[{"href":"https:\/\/agora.xtec.cat\/ceip-laginesta-vallirana\/wp-json\/wp\/v2\/posts\/16221","targetHints":{"allow":["GET"]}}],"collection":[{"href":"https:\/\/agora.xtec.cat\/ceip-laginesta-vallirana\/wp-json\/wp\/v2\/posts"}],"about":[{"href":"https:\/\/agora.xtec.cat\/ceip-laginesta-vallirana\/wp-json\/wp\/v2\/types\/post"}],"author":[{"embeddable":true,"href":"https:\/\/agora.xtec.cat\/ceip-laginesta-vallirana\/wp-json\/wp\/v2\/users\/33"}],"replies":[{"embeddable":true,"href":"https:\/\/agora.xtec.cat\/ceip-laginesta-vallirana\/wp-json\/wp\/v2\/comments?post=16221"}],"version-history":[{"count":6,"href":"https:\/\/agora.xtec.cat\/ceip-laginesta-vallirana\/wp-json\/wp\/v2\/posts\/16221\/revisions"}],"predecessor-version":[{"id":16512,"href":"https:\/\/agora.xtec.cat\/ceip-laginesta-vallirana\/wp-json\/wp\/v2\/posts\/16221\/revisions\/16512"}],"wp:attachment":[{"href":"https:\/\/agora.xtec.cat\/ceip-laginesta-vallirana\/wp-json\/wp\/v2\/media?parent=16221"}],"wp:term":[{"taxonomy":"category","embeddable":true,"href":"https:\/\/agora.xtec.cat\/ceip-laginesta-vallirana\/wp-json\/wp\/v2\/categories?post=16221"},{"taxonomy":"post_tag","embeddable":true,"href":"https:\/\/agora.xtec.cat\/ceip-laginesta-vallirana\/wp-json\/wp\/v2\/tags?post=16221"}],"curies":[{"name":"wp","href":"https:\/\/api.w.org\/{rel}","templated":true}]}}