{"id":15040,"date":"2024-03-25T09:52:58","date_gmt":"2024-03-25T08:52:58","guid":{"rendered":"https:\/\/agora.xtec.cat\/ceip-laginesta-vallirana\/?p=15040"},"modified":"2024-03-25T10:11:14","modified_gmt":"2024-03-25T09:11:14","slug":"fem-la-mona-3","status":"publish","type":"post","link":"https:\/\/agora.xtec.cat\/ceip-laginesta-vallirana\/blocs\/trapezistes\/fem-la-mona-3\/","title":{"rendered":"FEM LA MONA"},"content":{"rendered":"<p>ACABEM LA SETMANA FENT LA MONA!!!<\/p>\n<p>DURANT EL MAT\u00cd HEM FARCIT I GUARNIT LA NOSTRA MONA DE PASQUA AMB ELS INGREDIENTS I COSETES DE PASQUA QUE ENS VAN DONAR ELS COMPANYS I COMPANYES GRANS DE L&#8217;ESCOLA QUAN VAM ANAR A CANTAR LES CARAMELLES.<\/p>\n<p>PER COMEN\u00c7AR ENS HEM RENTAT B\u00c9 LES MANS I&#8230; HEM FET ENTRE TOTS I TOTES LA NOSTRA MONA.<\/p>\n<p>PRIMERAMENT, HEM RECORDAT QUE TEN\u00cdEM PER FER-LA, TOT REPASSANT COLORS, COMPTANT QUANTES COSES TEN\u00cdEM DE CADA,&#8230; I, SEGUIDAMENT,\u00a0 PER GRUPETS ENS HEM POSAT A FER-LA.<\/p>\n<p>HEM PASSAT UNA ESTONA MOLT ENTRETINGUDA I MOLT &#8220;MANTINGUDA&#8221;, PERQU\u00c8 ENS &#8220;MOR\u00cdEM&#8221; DE GANES DE LLEPAR EL GANIVET AMB LA XOCOLATA, DE MENJAR ELS &#8220;LACASITOS&#8221;,&#8230; PER\u00d2 ENS HEM HAGUT DE CONTENIR FINS QUE HEM ACABAT LA MONA, QUE PER CERT ENS HA QUEDAT MOLT BONICA, I HEM POGUT FER UN PETIT TAST DELS INGREDIENTS QUE TEN\u00cdEM PER FARCIR LA MONA.<\/p>\n<p>SI CLIQUEU A SOBRE DE LA FOTOGRAFIA VEUREU QUE B\u00c9 HE HO VAM FER&#8230;<\/p>\n<p style=\"text-align: center;\"><a href=\"https:\/\/photos.app.goo.gl\/kDe9UDYkFg7M1uxKA\"><img loading=\"lazy\" decoding=\"async\" class=\"alignnone size-full wp-image-15041\" src=\"https:\/\/agora.xtec.cat\/ceip-laginesta-vallirana\/wp-content\/uploads\/usu263\/2024\/03\/IMG_0382.jpg\" alt=\"\" width=\"640\" height=\"480\" srcset=\"https:\/\/agora.xtec.cat\/ceip-laginesta-vallirana\/wp-content\/uploads\/usu263\/2024\/03\/IMG_0382.jpg 640w, https:\/\/agora.xtec.cat\/ceip-laginesta-vallirana\/wp-content\/uploads\/usu263\/2024\/03\/IMG_0382-300x225.jpg 300w, https:\/\/agora.xtec.cat\/ceip-laginesta-vallirana\/wp-content\/uploads\/usu263\/2024\/03\/IMG_0382-200x150.jpg 200w\" sizes=\"auto, (max-width: 640px) 100vw, 640px\" \/><\/a><\/p>\n<p>&nbsp;<\/p>\n<p>A LA TARDA, PER ACABAR EL TRIMESTRE I COMEN\u00c7AR LES TAN ESPERADES VACANCES DE SETMANA SANTA, TOTS ELS NENS I TOTES LES NENES DE L&#8217;ESCOLA VAM ANAR AL PATI A CELEBRAR EL DIA DE LA MONA A L&#8217;ESCOLA, ON VAM MENJAR LA NOSTRA MONA\u00a0 AMB UN BON GOT DE LLET. UN COP VAM PODER ASSABORIR AQUEST BON &#8220;MANJAR&#8221; TRADICIONAL VAM PODER BALLAR I\/O JUGAR FINS L&#8217;HORA DE MARXAR A CASA, PASSANT AIX\u00cd UNA TARDA D&#8217;ALL\u00d2 M\u00c9S B\u00c9 TOTS I TOTES PLEGATS.<\/p>\n<p>SI CLIQUEU A SOBRE DE LA FOTOGRAFIA DE SOTA HO VEUREU&#8230;<\/p>\n<p style=\"text-align: center;\"><a href=\"https:\/\/photos.app.goo.gl\/xEVWYTmWeMZM6jvz5\"><img loading=\"lazy\" decoding=\"async\" class=\"alignnone size-full wp-image-15042\" src=\"https:\/\/agora.xtec.cat\/ceip-laginesta-vallirana\/wp-content\/uploads\/usu263\/2024\/03\/IMG_0399-rotated.jpg\" alt=\"\" width=\"480\" height=\"640\" srcset=\"https:\/\/agora.xtec.cat\/ceip-laginesta-vallirana\/wp-content\/uploads\/usu263\/2024\/03\/IMG_0399-rotated.jpg 480w, https:\/\/agora.xtec.cat\/ceip-laginesta-vallirana\/wp-content\/uploads\/usu263\/2024\/03\/IMG_0399-225x300.jpg 225w\" sizes=\"auto, (max-width: 480px) 100vw, 480px\" \/><\/a><\/p>\n<p>&nbsp;<\/p>\n<p style=\"text-align: center;\"><span style=\"text-decoration: underline;\"><em><strong>BONA SETMANA SANTA!!!<\/strong><\/em><\/span><\/p>\n","protected":false},"excerpt":{"rendered":"<p>ACABEM LA SETMANA FENT LA MONA!!! DURANT EL MAT\u00cd HEM FARCIT I GUARNIT LA NOSTRA MONA DE PASQUA AMB ELS INGREDIENTS I COSETES DE PASQUA QUE ENS VAN DONAR ELS COMPANYS I COMPANYES GRANS DE L&#8217;ESCOLA QUAN VAM ANAR A CANTAR LES CARAMELLES. PER COMEN\u00c7AR ENS HEM RENTAT B\u00c9 LES MANS I&#8230; HEM FET ENTRE [&hellip;]<\/p>\n","protected":false},"author":34,"featured_media":15041,"comment_status":"open","ping_status":"closed","sticky":false,"template":"","format":"standard","meta":{"_bbp_topic_count":0,"_bbp_reply_count":0,"_bbp_total_topic_count":0,"_bbp_total_reply_count":0,"_bbp_voice_count":0,"_bbp_anonymous_reply_count":0,"_bbp_topic_count_hidden":0,"_bbp_reply_count_hidden":0,"_bbp_forum_subforum_count":0,"site-sidebar-layout":"default","site-content-layout":"","ast-site-content-layout":"","site-content-style":"default","site-sidebar-style":"default","ast-global-header-display":"","ast-banner-title-visibility":"","ast-main-header-display":"","ast-hfb-above-header-display":"","ast-hfb-below-header-display":"","ast-hfb-mobile-header-display":"","site-post-title":"","ast-breadcrumbs-content":"","ast-featured-img":"","footer-sml-layout":"","theme-transparent-header-meta":"","adv-header-id-meta":"","stick-header-meta":"","header-above-stick-meta":"","header-main-stick-meta":"","header-below-stick-meta":"","astra-migrate-meta-layouts":"default","ast-page-background-enabled":"default","ast-page-background-meta":{"desktop":{"background-color":"var(--ast-global-color-4)","background-image":"","background-repeat":"repeat","background-position":"center center","background-size":"auto","background-attachment":"scroll","background-type":"","background-media":"","overlay-type":"","overlay-color":"","overlay-opacity":"","overlay-gradient":""},"tablet":{"background-color":"","background-image":"","background-repeat":"repeat","background-position":"center center","background-size":"auto","background-attachment":"scroll","background-type":"","background-media":"","overlay-type":"","overlay-color":"","overlay-opacity":"","overlay-gradient":""},"mobile":{"background-color":"","background-image":"","background-repeat":"repeat","background-position":"center center","background-size":"auto","background-attachment":"scroll","background-type":"","background-media":"","overlay-type":"","overlay-color":"","overlay-opacity":"","overlay-gradient":""}},"ast-content-background-meta":{"desktop":{"background-color":"var(--ast-global-color-5)","background-image":"","background-repeat":"repeat","background-position":"center center","background-size":"auto","background-attachment":"scroll","background-type":"","background-media":"","overlay-type":"","overlay-color":"","overlay-opacity":"","overlay-gradient":""},"tablet":{"background-color":"var(--ast-global-color-5)","background-image":"","background-repeat":"repeat","background-position":"center center","background-size":"auto","background-attachment":"scroll","background-type":"","background-media":"","overlay-type":"","overlay-color":"","overlay-opacity":"","overlay-gradient":""},"mobile":{"background-color":"var(--ast-global-color-5)","background-image":"","background-repeat":"repeat","background-position":"center center","background-size":"auto","background-attachment":"scroll","background-type":"","background-media":"","overlay-type":"","overlay-color":"","overlay-opacity":"","overlay-gradient":""}},"footnotes":""},"categories":[627],"tags":[631,629,676,628,492,632,702,703,662,630],"class_list":["post-15040","post","type-post","status-publish","format-standard","has-post-thumbnail","hentry","category-trapezistes","tag-classe-di3","tag-classe-dels-coets","tag-curs-2023-24","tag-curs-23-24","tag-i3","tag-i3-curs-23-24","tag-la-mona","tag-la-mona-2023","tag-promocio-2023","tag-promocio-23"],"post_mailing_queue_ids":[],"_links":{"self":[{"href":"https:\/\/agora.xtec.cat\/ceip-laginesta-vallirana\/wp-json\/wp\/v2\/posts\/15040","targetHints":{"allow":["GET"]}}],"collection":[{"href":"https:\/\/agora.xtec.cat\/ceip-laginesta-vallirana\/wp-json\/wp\/v2\/posts"}],"about":[{"href":"https:\/\/agora.xtec.cat\/ceip-laginesta-vallirana\/wp-json\/wp\/v2\/types\/post"}],"author":[{"embeddable":true,"href":"https:\/\/agora.xtec.cat\/ceip-laginesta-vallirana\/wp-json\/wp\/v2\/users\/34"}],"replies":[{"embeddable":true,"href":"https:\/\/agora.xtec.cat\/ceip-laginesta-vallirana\/wp-json\/wp\/v2\/comments?post=15040"}],"version-history":[{"count":3,"href":"https:\/\/agora.xtec.cat\/ceip-laginesta-vallirana\/wp-json\/wp\/v2\/posts\/15040\/revisions"}],"predecessor-version":[{"id":15048,"href":"https:\/\/agora.xtec.cat\/ceip-laginesta-vallirana\/wp-json\/wp\/v2\/posts\/15040\/revisions\/15048"}],"wp:featuredmedia":[{"embeddable":true,"href":"https:\/\/agora.xtec.cat\/ceip-laginesta-vallirana\/wp-json\/wp\/v2\/media\/15041"}],"wp:attachment":[{"href":"https:\/\/agora.xtec.cat\/ceip-laginesta-vallirana\/wp-json\/wp\/v2\/media?parent=15040"}],"wp:term":[{"taxonomy":"category","embeddable":true,"href":"https:\/\/agora.xtec.cat\/ceip-laginesta-vallirana\/wp-json\/wp\/v2\/categories?post=15040"},{"taxonomy":"post_tag","embeddable":true,"href":"https:\/\/agora.xtec.cat\/ceip-laginesta-vallirana\/wp-json\/wp\/v2\/tags?post=15040"}],"curies":[{"name":"wp","href":"https:\/\/api.w.org\/{rel}","templated":true}]}}