{"id":15036,"date":"2024-03-21T10:42:45","date_gmt":"2024-03-21T09:42:45","guid":{"rendered":"https:\/\/agora.xtec.cat\/ceip-laginesta-vallirana\/?p=15036"},"modified":"2024-03-21T10:44:10","modified_gmt":"2024-03-21T09:44:10","slug":"cantem-caramelles-3","status":"publish","type":"post","link":"https:\/\/agora.xtec.cat\/ceip-laginesta-vallirana\/educacio-infantil\/cantem-caramelles-3\/","title":{"rendered":"CANTEM CARAMELLES"},"content":{"rendered":"<p>ESPERANT LES VACANCES DE SETMANA SANTA, HEM CANTAT CARAMELLES, COM A BONA TRADICI\u00d3, PER LES AULES DELS NENS I NENES DELS GRANS DE L&#8217;ESCOLA.<\/p>\n<p>HEM CANTAN UNA CAN\u00c7\u00d3 QUE PARLAVA DE LA PRIMAVERA ALS NOSTRES COMPANYS I COMPANYES, ELS HI HA AGRADAT MOLT I A CANVI, ENS HAN DONAT INGREDIENTS I GUARNIMENTS PER FER LA NOSTRA MONA DE PASQUA.<\/p>\n<p>AMB AQUESTS OBSEQUIS ENS QUEDARAN UNES MONES BON\u00cdSSIMES I MAQU\u00cdSSIMES&#8230;, MMM&#8230; QUINES GANES DE FER-LES I MENJAR-LES!!!<\/p>\n<p>CLIQUEU A SOBRE DE LA FOTOGRAFIA DE SOTA ON EST\u00c0VEM CANTANT A L&#8217;AULA DE 6\u00e8 I VEUREU..<\/p>\n<p><a href=\"https:\/\/photos.app.goo.gl\/SeBJ1B1PMAgGywzg9\"><img loading=\"lazy\" decoding=\"async\" class=\"wp-image-15037 aligncenter\" src=\"https:\/\/agora.xtec.cat\/ceip-laginesta-vallirana\/wp-content\/uploads\/usu263\/2024\/03\/CIMG0977.jpg\" alt=\"\" width=\"586\" height=\"439\" srcset=\"https:\/\/agora.xtec.cat\/ceip-laginesta-vallirana\/wp-content\/uploads\/usu263\/2024\/03\/CIMG0977.jpg 1632w, https:\/\/agora.xtec.cat\/ceip-laginesta-vallirana\/wp-content\/uploads\/usu263\/2024\/03\/CIMG0977-300x225.jpg 300w, https:\/\/agora.xtec.cat\/ceip-laginesta-vallirana\/wp-content\/uploads\/usu263\/2024\/03\/CIMG0977-1024x768.jpg 1024w, https:\/\/agora.xtec.cat\/ceip-laginesta-vallirana\/wp-content\/uploads\/usu263\/2024\/03\/CIMG0977-768x576.jpg 768w, https:\/\/agora.xtec.cat\/ceip-laginesta-vallirana\/wp-content\/uploads\/usu263\/2024\/03\/CIMG0977-1536x1152.jpg 1536w, https:\/\/agora.xtec.cat\/ceip-laginesta-vallirana\/wp-content\/uploads\/usu263\/2024\/03\/CIMG0977-200x150.jpg 200w\" sizes=\"auto, (max-width: 586px) 100vw, 586px\" \/><\/a><\/p>\n","protected":false},"excerpt":{"rendered":"<p>ESPERANT LES VACANCES DE SETMANA SANTA, HEM CANTAT CARAMELLES, COM A BONA TRADICI\u00d3, PER LES AULES DELS NENS I NENES DELS GRANS DE L&#8217;ESCOLA. HEM CANTAN UNA CAN\u00c7\u00d3 QUE PARLAVA DE LA PRIMAVERA ALS NOSTRES COMPANYS I COMPANYES, ELS HI HA AGRADAT MOLT I A CANVI, ENS HAN DONAT INGREDIENTS I GUARNIMENTS PER FER LA [&hellip;]<\/p>\n","protected":false},"author":34,"featured_media":15037,"comment_status":"open","ping_status":"closed","sticky":false,"template":"","format":"standard","meta":{"_bbp_topic_count":0,"_bbp_reply_count":0,"_bbp_total_topic_count":0,"_bbp_total_reply_count":0,"_bbp_voice_count":0,"_bbp_anonymous_reply_count":0,"_bbp_topic_count_hidden":0,"_bbp_reply_count_hidden":0,"_bbp_forum_subforum_count":0,"site-sidebar-layout":"default","site-content-layout":"","ast-site-content-layout":"","site-content-style":"default","site-sidebar-style":"default","ast-global-header-display":"","ast-banner-title-visibility":"","ast-main-header-display":"","ast-hfb-above-header-display":"","ast-hfb-below-header-display":"","ast-hfb-mobile-header-display":"","site-post-title":"","ast-breadcrumbs-content":"","ast-featured-img":"","footer-sml-layout":"","theme-transparent-header-meta":"","adv-header-id-meta":"","stick-header-meta":"","header-above-stick-meta":"","header-main-stick-meta":"","header-below-stick-meta":"","astra-migrate-meta-layouts":"default","ast-page-background-enabled":"default","ast-page-background-meta":{"desktop":{"background-color":"var(--ast-global-color-4)","background-image":"","background-repeat":"repeat","background-position":"center center","background-size":"auto","background-attachment":"scroll","background-type":"","background-media":"","overlay-type":"","overlay-color":"","overlay-opacity":"","overlay-gradient":""},"tablet":{"background-color":"","background-image":"","background-repeat":"repeat","background-position":"center center","background-size":"auto","background-attachment":"scroll","background-type":"","background-media":"","overlay-type":"","overlay-color":"","overlay-opacity":"","overlay-gradient":""},"mobile":{"background-color":"","background-image":"","background-repeat":"repeat","background-position":"center center","background-size":"auto","background-attachment":"scroll","background-type":"","background-media":"","overlay-type":"","overlay-color":"","overlay-opacity":"","overlay-gradient":""}},"ast-content-background-meta":{"desktop":{"background-color":"var(--ast-global-color-5)","background-image":"","background-repeat":"repeat","background-position":"center center","background-size":"auto","background-attachment":"scroll","background-type":"","background-media":"","overlay-type":"","overlay-color":"","overlay-opacity":"","overlay-gradient":""},"tablet":{"background-color":"var(--ast-global-color-5)","background-image":"","background-repeat":"repeat","background-position":"center center","background-size":"auto","background-attachment":"scroll","background-type":"","background-media":"","overlay-type":"","overlay-color":"","overlay-opacity":"","overlay-gradient":""},"mobile":{"background-color":"var(--ast-global-color-5)","background-image":"","background-repeat":"repeat","background-position":"center center","background-size":"auto","background-attachment":"scroll","background-type":"","background-media":"","overlay-type":"","overlay-color":"","overlay-opacity":"","overlay-gradient":""}},"footnotes":""},"categories":[490,401,378,627],"tags":[585,701],"class_list":["post-15036","post","type-post","status-publish","format-standard","has-post-thumbnail","hentry","category-acrobates","category-equilibristes","category-educacio-infantil","category-trapezistes","tag-caramelles","tag-caramelles-2024"],"post_mailing_queue_ids":[],"_links":{"self":[{"href":"https:\/\/agora.xtec.cat\/ceip-laginesta-vallirana\/wp-json\/wp\/v2\/posts\/15036","targetHints":{"allow":["GET"]}}],"collection":[{"href":"https:\/\/agora.xtec.cat\/ceip-laginesta-vallirana\/wp-json\/wp\/v2\/posts"}],"about":[{"href":"https:\/\/agora.xtec.cat\/ceip-laginesta-vallirana\/wp-json\/wp\/v2\/types\/post"}],"author":[{"embeddable":true,"href":"https:\/\/agora.xtec.cat\/ceip-laginesta-vallirana\/wp-json\/wp\/v2\/users\/34"}],"replies":[{"embeddable":true,"href":"https:\/\/agora.xtec.cat\/ceip-laginesta-vallirana\/wp-json\/wp\/v2\/comments?post=15036"}],"version-history":[{"count":2,"href":"https:\/\/agora.xtec.cat\/ceip-laginesta-vallirana\/wp-json\/wp\/v2\/posts\/15036\/revisions"}],"predecessor-version":[{"id":15039,"href":"https:\/\/agora.xtec.cat\/ceip-laginesta-vallirana\/wp-json\/wp\/v2\/posts\/15036\/revisions\/15039"}],"wp:featuredmedia":[{"embeddable":true,"href":"https:\/\/agora.xtec.cat\/ceip-laginesta-vallirana\/wp-json\/wp\/v2\/media\/15037"}],"wp:attachment":[{"href":"https:\/\/agora.xtec.cat\/ceip-laginesta-vallirana\/wp-json\/wp\/v2\/media?parent=15036"}],"wp:term":[{"taxonomy":"category","embeddable":true,"href":"https:\/\/agora.xtec.cat\/ceip-laginesta-vallirana\/wp-json\/wp\/v2\/categories?post=15036"},{"taxonomy":"post_tag","embeddable":true,"href":"https:\/\/agora.xtec.cat\/ceip-laginesta-vallirana\/wp-json\/wp\/v2\/tags?post=15036"}],"curies":[{"name":"wp","href":"https:\/\/api.w.org\/{rel}","templated":true}]}}