{"id":14670,"date":"2023-12-23T19:46:42","date_gmt":"2023-12-23T18:46:42","guid":{"rendered":"https:\/\/agora.xtec.cat\/ceip-laginesta-vallirana\/?p=14670"},"modified":"2024-01-07T19:48:17","modified_gmt":"2024-01-07T18:48:17","slug":"acabem-el-primer-trimestre","status":"publish","type":"post","link":"https:\/\/agora.xtec.cat\/ceip-laginesta-vallirana\/blocs\/equilibristes\/acabem-el-primer-trimestre\/","title":{"rendered":"ACABEM EL PRIMER TRIMESTRE&#8230;"},"content":{"rendered":"<p style=\"text-align: left;\">Aquests \u00faltims dies hem pogut gaudir d&#8217;estonetes molt emotives: el concert, la preparaci\u00f3 del poema de Nadal, un bon\u00edssim esmorzar de germanor on hem personalitzat les nostres estovalles i per \u00faltim i molt important, hem fet cagar el Ti\u00f3. En ten\u00edem moltes ganes!!!<br \/>\nNo hem parat de donar-li menjar, de fer-li &#8220;<span class=\"hiddenGrammarError\">mimos<\/span>&#8220;, de tapar-li amb la manteta&#8230;, per\u00f2 el ti\u00f3 ja estava molt ple i havia de cagar perqu\u00e8 la panxa li feia molt de mal.<br \/>\nHem preparat els pals i la veu i hem fet cagar el ti\u00f3, sense picar-li molt fort per no fer-li mal.<br \/>\nI ens ha cagat regals i algun paper tacat d&#8217;algun pet amb cua&#8230; tenia molt mal de panxa pobret&#8230;<br \/>\nper\u00f2 tots i totes hem tingut el nostre regal!!! Ens ha agradat molt!!! Gr\u00e0cies, ti\u00f3!!! Ens ha agradat molt anar-te a buscar i poder-te portar a la nostra escola, cuidar-te i fer-te cagar&#8230;<br \/>\ncliqueu a sobre de la fotografia i veureu com va anar l&#8217;\u00faltim dia&#8230;<\/p>\n<h4 style=\"text-align: center;\"><span style=\"color: #008000;\">Bones festes, fam\u00edlies!!!<\/span><\/h4>\n<p style=\"text-align: center;\"><a href=\"https:\/\/photos.app.goo.gl\/Wa6miV8TdPF3ja65A\"><img loading=\"lazy\" decoding=\"async\" class=\"alignleft size-large wp-image-14689\" src=\"https:\/\/agora.xtec.cat\/ceip-laginesta-vallirana\/wp-content\/uploads\/usu263\/2024\/01\/IMG_20231220_122436-1024x768.jpg\" alt=\"\" width=\"1024\" height=\"768\" srcset=\"https:\/\/agora.xtec.cat\/ceip-laginesta-vallirana\/wp-content\/uploads\/usu263\/2024\/01\/IMG_20231220_122436-1024x768.jpg 1024w, https:\/\/agora.xtec.cat\/ceip-laginesta-vallirana\/wp-content\/uploads\/usu263\/2024\/01\/IMG_20231220_122436-300x225.jpg 300w, https:\/\/agora.xtec.cat\/ceip-laginesta-vallirana\/wp-content\/uploads\/usu263\/2024\/01\/IMG_20231220_122436-768x576.jpg 768w, https:\/\/agora.xtec.cat\/ceip-laginesta-vallirana\/wp-content\/uploads\/usu263\/2024\/01\/IMG_20231220_122436-200x150.jpg 200w, https:\/\/agora.xtec.cat\/ceip-laginesta-vallirana\/wp-content\/uploads\/usu263\/2024\/01\/IMG_20231220_122436.jpg 1143w\" sizes=\"auto, (max-width: 1024px) 100vw, 1024px\" \/><\/a><\/p>\n","protected":false},"excerpt":{"rendered":"<p>Aquests \u00faltims dies hem pogut gaudir d&#8217;estonetes molt emotives: el concert, la preparaci\u00f3 del poema de Nadal, un bon\u00edssim esmorzar de germanor on hem personalitzat les nostres estovalles i per \u00faltim i molt important, hem fet cagar el Ti\u00f3. En ten\u00edem moltes ganes!!! No hem parat de donar-li menjar, de fer-li &#8220;mimos&#8220;, de tapar-li amb [&hellip;]<\/p>\n","protected":false},"author":1,"featured_media":14689,"comment_status":"open","ping_status":"closed","sticky":false,"template":"","format":"standard","meta":{"_bbp_topic_count":0,"_bbp_reply_count":0,"_bbp_total_topic_count":0,"_bbp_total_reply_count":0,"_bbp_voice_count":0,"_bbp_anonymous_reply_count":0,"_bbp_topic_count_hidden":0,"_bbp_reply_count_hidden":0,"_bbp_forum_subforum_count":0,"site-sidebar-layout":"default","site-content-layout":"","ast-site-content-layout":"","site-content-style":"default","site-sidebar-style":"default","ast-global-header-display":"","ast-banner-title-visibility":"","ast-main-header-display":"","ast-hfb-above-header-display":"","ast-hfb-below-header-display":"","ast-hfb-mobile-header-display":"","site-post-title":"","ast-breadcrumbs-content":"","ast-featured-img":"","footer-sml-layout":"","theme-transparent-header-meta":"","adv-header-id-meta":"","stick-header-meta":"","header-above-stick-meta":"","header-main-stick-meta":"","header-below-stick-meta":"","astra-migrate-meta-layouts":"default","ast-page-background-enabled":"default","ast-page-background-meta":{"desktop":{"background-color":"var(--ast-global-color-4)","background-image":"","background-repeat":"repeat","background-position":"center center","background-size":"auto","background-attachment":"scroll","background-type":"","background-media":"","overlay-type":"","overlay-color":"","overlay-opacity":"","overlay-gradient":""},"tablet":{"background-color":"","background-image":"","background-repeat":"repeat","background-position":"center center","background-size":"auto","background-attachment":"scroll","background-type":"","background-media":"","overlay-type":"","overlay-color":"","overlay-opacity":"","overlay-gradient":""},"mobile":{"background-color":"","background-image":"","background-repeat":"repeat","background-position":"center center","background-size":"auto","background-attachment":"scroll","background-type":"","background-media":"","overlay-type":"","overlay-color":"","overlay-opacity":"","overlay-gradient":""}},"ast-content-background-meta":{"desktop":{"background-color":"var(--ast-global-color-5)","background-image":"","background-repeat":"repeat","background-position":"center center","background-size":"auto","background-attachment":"scroll","background-type":"","background-media":"","overlay-type":"","overlay-color":"","overlay-opacity":"","overlay-gradient":""},"tablet":{"background-color":"var(--ast-global-color-5)","background-image":"","background-repeat":"repeat","background-position":"center center","background-size":"auto","background-attachment":"scroll","background-type":"","background-media":"","overlay-type":"","overlay-color":"","overlay-opacity":"","overlay-gradient":""},"mobile":{"background-color":"var(--ast-global-color-5)","background-image":"","background-repeat":"repeat","background-position":"center center","background-size":"auto","background-attachment":"scroll","background-type":"","background-media":"","overlay-type":"","overlay-color":"","overlay-opacity":"","overlay-gradient":""}},"footnotes":""},"categories":[401],"tags":[402],"class_list":["post-14670","post","type-post","status-publish","format-standard","has-post-thumbnail","hentry","category-equilibristes","tag-promocio-2021"],"post_mailing_queue_ids":[],"_links":{"self":[{"href":"https:\/\/agora.xtec.cat\/ceip-laginesta-vallirana\/wp-json\/wp\/v2\/posts\/14670","targetHints":{"allow":["GET"]}}],"collection":[{"href":"https:\/\/agora.xtec.cat\/ceip-laginesta-vallirana\/wp-json\/wp\/v2\/posts"}],"about":[{"href":"https:\/\/agora.xtec.cat\/ceip-laginesta-vallirana\/wp-json\/wp\/v2\/types\/post"}],"author":[{"embeddable":true,"href":"https:\/\/agora.xtec.cat\/ceip-laginesta-vallirana\/wp-json\/wp\/v2\/users\/1"}],"replies":[{"embeddable":true,"href":"https:\/\/agora.xtec.cat\/ceip-laginesta-vallirana\/wp-json\/wp\/v2\/comments?post=14670"}],"version-history":[{"count":4,"href":"https:\/\/agora.xtec.cat\/ceip-laginesta-vallirana\/wp-json\/wp\/v2\/posts\/14670\/revisions"}],"predecessor-version":[{"id":14719,"href":"https:\/\/agora.xtec.cat\/ceip-laginesta-vallirana\/wp-json\/wp\/v2\/posts\/14670\/revisions\/14719"}],"wp:featuredmedia":[{"embeddable":true,"href":"https:\/\/agora.xtec.cat\/ceip-laginesta-vallirana\/wp-json\/wp\/v2\/media\/14689"}],"wp:attachment":[{"href":"https:\/\/agora.xtec.cat\/ceip-laginesta-vallirana\/wp-json\/wp\/v2\/media?parent=14670"}],"wp:term":[{"taxonomy":"category","embeddable":true,"href":"https:\/\/agora.xtec.cat\/ceip-laginesta-vallirana\/wp-json\/wp\/v2\/categories?post=14670"},{"taxonomy":"post_tag","embeddable":true,"href":"https:\/\/agora.xtec.cat\/ceip-laginesta-vallirana\/wp-json\/wp\/v2\/tags?post=14670"}],"curies":[{"name":"wp","href":"https:\/\/api.w.org\/{rel}","templated":true}]}}