{"id":14633,"date":"2023-12-13T17:00:38","date_gmt":"2023-12-13T16:00:38","guid":{"rendered":"https:\/\/agora.xtec.cat\/ceip-laginesta-vallirana\/?p=14633"},"modified":"2024-01-24T15:45:29","modified_gmt":"2024-01-24T14:45:29","slug":"anem-a-buscar-el-tio-2","status":"publish","type":"post","link":"https:\/\/agora.xtec.cat\/ceip-laginesta-vallirana\/portada\/anem-a-buscar-el-tio-2\/","title":{"rendered":"ANEM A BUSCAR EL TI\u00d3"},"content":{"rendered":"<p>HEM REBUT UNA CARTA DEL TI\u00d3 QUE ENS DEIA QUE SABIA QUE ES TROBAVA A PROP DE L&#8217;ESCOLA PER\u00d2 QUE NO LA TROBAVA.<\/p>\n<p>A LA CARTA ENS DESCRIVIA ON ES TROBAVA AMB PISTES FINS QUE HEM DESCOBERT QUE ESTAVA AL PARC CENTRAL, LLAVORS HEM DECIDIT ANAR CAP ALL\u00c0 A BUSCAR-LO.<\/p>\n<p>PEL CAM\u00cd HEM ANAT TROBANT PISTES COM FLETXES QUE ENS INDICAVEN PER ON HAV\u00cdEM D&#8217;ANAR, PISTES QUE ENS DEIEN QUE LI AGRADAVA DE MANJAR I QUE TROBAR\u00cdEM PEL VOLTANT DE LA PISTA, FINS QUE HEM TROBAT LA PISTA FINAL&#8230; QUE ENS DEIA: QUE HAV\u00cdEM DE FER 20 PASES EN L\u00cdNIA RECTA PER TROBAR EL NOSTRE TI\u00d3!!!<\/p>\n<p>HA ESTAT MOLT EMOCIONANT!!!<\/p>\n<p>CLIQUEU A LA FOTOGRAFIA DE SOTA I VEUREU&#8230;<\/p>\n<p>INCL\u00d2S ENS HA DEIXAT UN TROS DE PAPER DE WC BRUT DE CACA D&#8217;UN PET AMB CUA&#8230; ENS HA FET UNA MIQUETA DE F\u00c0STIC&#8230;<\/p>\n<p><a href=\"https:\/\/agora.xtec.cat\/ceip-laginesta-vallirana\/wp-content\/uploads\/usu263\/2023\/12\/IMG-20231213-WA0007.jpg\"><img loading=\"lazy\" decoding=\"async\" class=\"wp-image-14634 aligncenter\" src=\"https:\/\/agora.xtec.cat\/ceip-laginesta-vallirana\/wp-content\/uploads\/usu263\/2023\/12\/IMG-20231213-WA0007.jpg\" alt=\"\" width=\"467\" height=\"623\" srcset=\"https:\/\/agora.xtec.cat\/ceip-laginesta-vallirana\/wp-content\/uploads\/usu263\/2023\/12\/IMG-20231213-WA0007.jpg 1536w, https:\/\/agora.xtec.cat\/ceip-laginesta-vallirana\/wp-content\/uploads\/usu263\/2023\/12\/IMG-20231213-WA0007-225x300.jpg 225w, https:\/\/agora.xtec.cat\/ceip-laginesta-vallirana\/wp-content\/uploads\/usu263\/2023\/12\/IMG-20231213-WA0007-768x1024.jpg 768w, https:\/\/agora.xtec.cat\/ceip-laginesta-vallirana\/wp-content\/uploads\/usu263\/2023\/12\/IMG-20231213-WA0007-1152x1536.jpg 1152w\" sizes=\"auto, (max-width: 467px) 100vw, 467px\" \/><\/a><\/p>\n<p>&nbsp;<\/p>\n","protected":false},"excerpt":{"rendered":"<p>HEM REBUT UNA CARTA DEL TI\u00d3 QUE ENS DEIA QUE SABIA QUE ES TROBAVA A PROP DE L&#8217;ESCOLA PER\u00d2 QUE NO LA TROBAVA. A LA CARTA ENS DESCRIVIA ON ES TROBAVA AMB PISTES FINS QUE HEM DESCOBERT QUE ESTAVA AL PARC CENTRAL, LLAVORS HEM DECIDIT ANAR CAP ALL\u00c0 A BUSCAR-LO. PEL CAM\u00cd HEM ANAT TROBANT [&hellip;]<\/p>\n","protected":false},"author":34,"featured_media":14634,"comment_status":"open","ping_status":"closed","sticky":false,"template":"","format":"standard","meta":{"_bbp_topic_count":0,"_bbp_reply_count":0,"_bbp_total_topic_count":0,"_bbp_total_reply_count":0,"_bbp_voice_count":0,"_bbp_anonymous_reply_count":0,"_bbp_topic_count_hidden":0,"_bbp_reply_count_hidden":0,"_bbp_forum_subforum_count":0,"site-sidebar-layout":"default","site-content-layout":"","ast-site-content-layout":"","site-content-style":"default","site-sidebar-style":"default","ast-global-header-display":"","ast-banner-title-visibility":"","ast-main-header-display":"","ast-hfb-above-header-display":"","ast-hfb-below-header-display":"","ast-hfb-mobile-header-display":"","site-post-title":"","ast-breadcrumbs-content":"","ast-featured-img":"","footer-sml-layout":"","theme-transparent-header-meta":"","adv-header-id-meta":"","stick-header-meta":"","header-above-stick-meta":"","header-main-stick-meta":"","header-below-stick-meta":"","astra-migrate-meta-layouts":"default","ast-page-background-enabled":"default","ast-page-background-meta":{"desktop":{"background-color":"var(--ast-global-color-4)","background-image":"","background-repeat":"repeat","background-position":"center center","background-size":"auto","background-attachment":"scroll","background-type":"","background-media":"","overlay-type":"","overlay-color":"","overlay-opacity":"","overlay-gradient":""},"tablet":{"background-color":"","background-image":"","background-repeat":"repeat","background-position":"center center","background-size":"auto","background-attachment":"scroll","background-type":"","background-media":"","overlay-type":"","overlay-color":"","overlay-opacity":"","overlay-gradient":""},"mobile":{"background-color":"","background-image":"","background-repeat":"repeat","background-position":"center center","background-size":"auto","background-attachment":"scroll","background-type":"","background-media":"","overlay-type":"","overlay-color":"","overlay-opacity":"","overlay-gradient":""}},"ast-content-background-meta":{"desktop":{"background-color":"var(--ast-global-color-5)","background-image":"","background-repeat":"repeat","background-position":"center center","background-size":"auto","background-attachment":"scroll","background-type":"","background-media":"","overlay-type":"","overlay-color":"","overlay-opacity":"","overlay-gradient":""},"tablet":{"background-color":"var(--ast-global-color-5)","background-image":"","background-repeat":"repeat","background-position":"center center","background-size":"auto","background-attachment":"scroll","background-type":"","background-media":"","overlay-type":"","overlay-color":"","overlay-opacity":"","overlay-gradient":""},"mobile":{"background-color":"var(--ast-global-color-5)","background-image":"","background-repeat":"repeat","background-position":"center center","background-size":"auto","background-attachment":"scroll","background-type":"","background-media":"","overlay-type":"","overlay-color":"","overlay-opacity":"","overlay-gradient":""}},"footnotes":""},"categories":[627,4],"tags":[631,629,628,492,632,674,662,540,675],"class_list":["post-14633","post","type-post","status-publish","format-standard","has-post-thumbnail","hentry","category-trapezistes","category-portada","tag-classe-di3","tag-classe-dels-coets","tag-curs-23-24","tag-i3","tag-i3-curs-23-24","tag-nadal-23","tag-promocio-2023","tag-tio","tag-tio-2023"],"post_mailing_queue_ids":[],"_links":{"self":[{"href":"https:\/\/agora.xtec.cat\/ceip-laginesta-vallirana\/wp-json\/wp\/v2\/posts\/14633","targetHints":{"allow":["GET"]}}],"collection":[{"href":"https:\/\/agora.xtec.cat\/ceip-laginesta-vallirana\/wp-json\/wp\/v2\/posts"}],"about":[{"href":"https:\/\/agora.xtec.cat\/ceip-laginesta-vallirana\/wp-json\/wp\/v2\/types\/post"}],"author":[{"embeddable":true,"href":"https:\/\/agora.xtec.cat\/ceip-laginesta-vallirana\/wp-json\/wp\/v2\/users\/34"}],"replies":[{"embeddable":true,"href":"https:\/\/agora.xtec.cat\/ceip-laginesta-vallirana\/wp-json\/wp\/v2\/comments?post=14633"}],"version-history":[{"count":3,"href":"https:\/\/agora.xtec.cat\/ceip-laginesta-vallirana\/wp-json\/wp\/v2\/posts\/14633\/revisions"}],"predecessor-version":[{"id":14637,"href":"https:\/\/agora.xtec.cat\/ceip-laginesta-vallirana\/wp-json\/wp\/v2\/posts\/14633\/revisions\/14637"}],"wp:featuredmedia":[{"embeddable":true,"href":"https:\/\/agora.xtec.cat\/ceip-laginesta-vallirana\/wp-json\/wp\/v2\/media\/14634"}],"wp:attachment":[{"href":"https:\/\/agora.xtec.cat\/ceip-laginesta-vallirana\/wp-json\/wp\/v2\/media?parent=14633"}],"wp:term":[{"taxonomy":"category","embeddable":true,"href":"https:\/\/agora.xtec.cat\/ceip-laginesta-vallirana\/wp-json\/wp\/v2\/categories?post=14633"},{"taxonomy":"post_tag","embeddable":true,"href":"https:\/\/agora.xtec.cat\/ceip-laginesta-vallirana\/wp-json\/wp\/v2\/tags?post=14633"}],"curies":[{"name":"wp","href":"https:\/\/api.w.org\/{rel}","templated":true}]}}