{"id":14164,"date":"2023-07-10T17:52:53","date_gmt":"2023-07-10T15:52:53","guid":{"rendered":"https:\/\/agora.xtec.cat\/ceip-laginesta-vallirana\/?p=14164"},"modified":"2023-07-10T17:52:53","modified_gmt":"2023-07-10T15:52:53","slug":"hem-anat-al-parc-a-jugar","status":"publish","type":"post","link":"https:\/\/agora.xtec.cat\/ceip-laginesta-vallirana\/educacio-infantil\/hem-anat-al-parc-a-jugar\/","title":{"rendered":"HEM ANAT AL PARC A JUGAR"},"content":{"rendered":"<p>AQUESTS \u00daLTIMS DIES DE CURS PER SUPORTAR MILLOR LA CALOR I3, I4 I I5 HEM ANAT PLEGATS A JUGAR AL PARC.<\/p>\n<p>HEM FET JOCS AMB GLOBUS D&#8217;AIGUA, AMB GLA\u00c7ONS TINTATS AMB COLORANT ALIMENTARI, ELS M\u00c9S &#8220;FUTBOLERUS&#8221; HAN JUGAT A PILOTA A LA PISTA, HEM FET JOCS TRADICIONALS,&#8230;<\/p>\n<p>ENS HO HEM PASSAT MOLT B\u00c9!!!<\/p>\n<p>HEM ACABAT EL MAT\u00cd MENJANT UN GELAT BEN FRESQUET!!!<\/p>\n<p>CLIQUEU A SOBRE DE LA FOTO I VEUREU&#8230;<\/p>\n<p><a href=\"https:\/\/photos.app.goo.gl\/m7UEzYuyH3w2t42K6\"><img loading=\"lazy\" decoding=\"async\" class=\"alignnone size-full wp-image-14165\" src=\"https:\/\/agora.xtec.cat\/ceip-laginesta-vallirana\/wp-content\/uploads\/usu263\/2023\/07\/IMG-20230710-WA0014.jpg\" alt=\"\" width=\"2040\" height=\"1536\" srcset=\"https:\/\/agora.xtec.cat\/ceip-laginesta-vallirana\/wp-content\/uploads\/usu263\/2023\/07\/IMG-20230710-WA0014.jpg 2040w, https:\/\/agora.xtec.cat\/ceip-laginesta-vallirana\/wp-content\/uploads\/usu263\/2023\/07\/IMG-20230710-WA0014-300x226.jpg 300w, https:\/\/agora.xtec.cat\/ceip-laginesta-vallirana\/wp-content\/uploads\/usu263\/2023\/07\/IMG-20230710-WA0014-1024x771.jpg 1024w, https:\/\/agora.xtec.cat\/ceip-laginesta-vallirana\/wp-content\/uploads\/usu263\/2023\/07\/IMG-20230710-WA0014-768x578.jpg 768w, https:\/\/agora.xtec.cat\/ceip-laginesta-vallirana\/wp-content\/uploads\/usu263\/2023\/07\/IMG-20230710-WA0014-1536x1157.jpg 1536w, https:\/\/agora.xtec.cat\/ceip-laginesta-vallirana\/wp-content\/uploads\/usu263\/2023\/07\/IMG-20230710-WA0014-200x150.jpg 200w\" sizes=\"auto, (max-width: 2040px) 100vw, 2040px\" \/><\/a><\/p>\n","protected":false},"excerpt":{"rendered":"<p>AQUESTS \u00daLTIMS DIES DE CURS PER SUPORTAR MILLOR LA CALOR I3, I4 I I5 HEM ANAT PLEGATS A JUGAR AL PARC. HEM FET JOCS AMB GLOBUS D&#8217;AIGUA, AMB GLA\u00c7ONS TINTATS AMB COLORANT ALIMENTARI, ELS M\u00c9S &#8220;FUTBOLERUS&#8221; HAN JUGAT A PILOTA A LA PISTA, HEM FET JOCS TRADICIONALS,&#8230; ENS HO HEM PASSAT MOLT B\u00c9!!! HEM ACABAT [&hellip;]<\/p>\n","protected":false},"author":34,"featured_media":14165,"comment_status":"open","ping_status":"closed","sticky":false,"template":"","format":"standard","meta":{"_bbp_topic_count":0,"_bbp_reply_count":0,"_bbp_total_topic_count":0,"_bbp_total_reply_count":0,"_bbp_voice_count":0,"_bbp_anonymous_reply_count":0,"_bbp_topic_count_hidden":0,"_bbp_reply_count_hidden":0,"_bbp_forum_subforum_count":0,"site-sidebar-layout":"default","site-content-layout":"","ast-site-content-layout":"","site-content-style":"default","site-sidebar-style":"default","ast-global-header-display":"","ast-banner-title-visibility":"","ast-main-header-display":"","ast-hfb-above-header-display":"","ast-hfb-below-header-display":"","ast-hfb-mobile-header-display":"","site-post-title":"","ast-breadcrumbs-content":"","ast-featured-img":"","footer-sml-layout":"","theme-transparent-header-meta":"","adv-header-id-meta":"","stick-header-meta":"","header-above-stick-meta":"","header-main-stick-meta":"","header-below-stick-meta":"","astra-migrate-meta-layouts":"default","ast-page-background-enabled":"default","ast-page-background-meta":{"desktop":{"background-color":"var(--ast-global-color-4)","background-image":"","background-repeat":"repeat","background-position":"center center","background-size":"auto","background-attachment":"scroll","background-type":"","background-media":"","overlay-type":"","overlay-color":"","overlay-opacity":"","overlay-gradient":""},"tablet":{"background-color":"","background-image":"","background-repeat":"repeat","background-position":"center center","background-size":"auto","background-attachment":"scroll","background-type":"","background-media":"","overlay-type":"","overlay-color":"","overlay-opacity":"","overlay-gradient":""},"mobile":{"background-color":"","background-image":"","background-repeat":"repeat","background-position":"center center","background-size":"auto","background-attachment":"scroll","background-type":"","background-media":"","overlay-type":"","overlay-color":"","overlay-opacity":"","overlay-gradient":""}},"ast-content-background-meta":{"desktop":{"background-color":"var(--ast-global-color-5)","background-image":"","background-repeat":"repeat","background-position":"center center","background-size":"auto","background-attachment":"scroll","background-type":"","background-media":"","overlay-type":"","overlay-color":"","overlay-opacity":"","overlay-gradient":""},"tablet":{"background-color":"var(--ast-global-color-5)","background-image":"","background-repeat":"repeat","background-position":"center center","background-size":"auto","background-attachment":"scroll","background-type":"","background-media":"","overlay-type":"","overlay-color":"","overlay-opacity":"","overlay-gradient":""},"mobile":{"background-color":"var(--ast-global-color-5)","background-image":"","background-repeat":"repeat","background-position":"center center","background-size":"auto","background-attachment":"scroll","background-type":"","background-media":"","overlay-type":"","overlay-color":"","overlay-opacity":"","overlay-gradient":""}},"footnotes":""},"categories":[490,378],"tags":[511,515,506,521,597,617,273,604,503,504,615,616],"class_list":["post-14164","post","type-post","status-publish","format-standard","has-post-thumbnail","hentry","category-acrobates","category-educacio-infantil","tag-classe-de-les-papallones","tag-classe-de-p3","tag-classe-p3","tag-curs-p3","tag-educacio-infantil","tag-educacio-infantil-22-23","tag-p3","tag-p3-curs-2022-2023","tag-p3-curs-2022-23","tag-p3-curs-22-23","tag-sortida-al-parc","tag-sortida-al-parc-22-23"],"post_mailing_queue_ids":[],"_links":{"self":[{"href":"https:\/\/agora.xtec.cat\/ceip-laginesta-vallirana\/wp-json\/wp\/v2\/posts\/14164","targetHints":{"allow":["GET"]}}],"collection":[{"href":"https:\/\/agora.xtec.cat\/ceip-laginesta-vallirana\/wp-json\/wp\/v2\/posts"}],"about":[{"href":"https:\/\/agora.xtec.cat\/ceip-laginesta-vallirana\/wp-json\/wp\/v2\/types\/post"}],"author":[{"embeddable":true,"href":"https:\/\/agora.xtec.cat\/ceip-laginesta-vallirana\/wp-json\/wp\/v2\/users\/34"}],"replies":[{"embeddable":true,"href":"https:\/\/agora.xtec.cat\/ceip-laginesta-vallirana\/wp-json\/wp\/v2\/comments?post=14164"}],"version-history":[{"count":1,"href":"https:\/\/agora.xtec.cat\/ceip-laginesta-vallirana\/wp-json\/wp\/v2\/posts\/14164\/revisions"}],"predecessor-version":[{"id":14166,"href":"https:\/\/agora.xtec.cat\/ceip-laginesta-vallirana\/wp-json\/wp\/v2\/posts\/14164\/revisions\/14166"}],"wp:featuredmedia":[{"embeddable":true,"href":"https:\/\/agora.xtec.cat\/ceip-laginesta-vallirana\/wp-json\/wp\/v2\/media\/14165"}],"wp:attachment":[{"href":"https:\/\/agora.xtec.cat\/ceip-laginesta-vallirana\/wp-json\/wp\/v2\/media?parent=14164"}],"wp:term":[{"taxonomy":"category","embeddable":true,"href":"https:\/\/agora.xtec.cat\/ceip-laginesta-vallirana\/wp-json\/wp\/v2\/categories?post=14164"},{"taxonomy":"post_tag","embeddable":true,"href":"https:\/\/agora.xtec.cat\/ceip-laginesta-vallirana\/wp-json\/wp\/v2\/tags?post=14164"}],"curies":[{"name":"wp","href":"https:\/\/api.w.org\/{rel}","templated":true}]}}