{"id":13825,"date":"2023-04-04T20:31:48","date_gmt":"2023-04-04T18:31:48","guid":{"rendered":"https:\/\/agora.xtec.cat\/ceip-laginesta-vallirana\/?p=13825"},"modified":"2023-04-04T20:31:48","modified_gmt":"2023-04-04T18:31:48","slug":"hem-cantat-caramelles","status":"publish","type":"post","link":"https:\/\/agora.xtec.cat\/ceip-laginesta-vallirana\/educacio-infantil\/hem-cantat-caramelles\/","title":{"rendered":"HEM CANTAT CARAMELLES!!!"},"content":{"rendered":"<p>COM A BONA TRADICI\u00d3 CATALANA, HEM CANTAT CARAMELLES!!!<\/p>\n<p>HEM ANAT A LES CLASSES DELS NENS I NENES GRANS DE L&#8217;ESCOLA I ELS HI HEM CANTAT LA NOSTRA CAN\u00c7\u00d3 DE CARAMELLES, HO HEM FET S\u00daPER B\u00c9 I HEM TINGUT LA NOSTRA RECOMPENSA&#8230;<\/p>\n<p>PORT\u00c0VEM UN CISTELL DECORAT I ENS HE L&#8217;HAN OMPLERT DE XOCOLATA, OUS I PLOMES DE PASQUA PER PODER DECORAR LA MONA QUE PROPERAMENT FAREM&#8230;<\/p>\n<p>CLIQUEU AL CISTELL PLE D&#8217;OUS DE PASQUA I VEUREU&#8230;<\/p>\n<p><a href=\"https:\/\/photos.app.goo.gl\/hwdBWP8mV8Ku1Ns96\"><img loading=\"lazy\" decoding=\"async\" class=\"alignnone size-full wp-image-13826\" src=\"https:\/\/agora.xtec.cat\/ceip-laginesta-vallirana\/wp-content\/uploads\/usu263\/2023\/04\/IMG_20230327_100123_resized_20230401_024011899.jpg\" alt=\"\" width=\"1920\" height=\"2560\" srcset=\"https:\/\/agora.xtec.cat\/ceip-laginesta-vallirana\/wp-content\/uploads\/usu263\/2023\/04\/IMG_20230327_100123_resized_20230401_024011899.jpg 1920w, https:\/\/agora.xtec.cat\/ceip-laginesta-vallirana\/wp-content\/uploads\/usu263\/2023\/04\/IMG_20230327_100123_resized_20230401_024011899-225x300.jpg 225w, https:\/\/agora.xtec.cat\/ceip-laginesta-vallirana\/wp-content\/uploads\/usu263\/2023\/04\/IMG_20230327_100123_resized_20230401_024011899-768x1024.jpg 768w, https:\/\/agora.xtec.cat\/ceip-laginesta-vallirana\/wp-content\/uploads\/usu263\/2023\/04\/IMG_20230327_100123_resized_20230401_024011899-1152x1536.jpg 1152w, https:\/\/agora.xtec.cat\/ceip-laginesta-vallirana\/wp-content\/uploads\/usu263\/2023\/04\/IMG_20230327_100123_resized_20230401_024011899-1536x2048.jpg 1536w\" sizes=\"auto, (max-width: 1920px) 100vw, 1920px\" \/><\/a><\/p>\n","protected":false},"excerpt":{"rendered":"<p>COM A BONA TRADICI\u00d3 CATALANA, HEM CANTAT CARAMELLES!!! HEM ANAT A LES CLASSES DELS NENS I NENES GRANS DE L&#8217;ESCOLA I ELS HI HEM CANTAT LA NOSTRA CAN\u00c7\u00d3 DE CARAMELLES, HO HEM FET S\u00daPER B\u00c9 I HEM TINGUT LA NOSTRA RECOMPENSA&#8230; PORT\u00c0VEM UN CISTELL DECORAT I ENS HE L&#8217;HAN OMPLERT DE XOCOLATA, OUS I PLOMES [&hellip;]<\/p>\n","protected":false},"author":34,"featured_media":13826,"comment_status":"open","ping_status":"closed","sticky":false,"template":"","format":"standard","meta":{"_bbp_topic_count":0,"_bbp_reply_count":0,"_bbp_total_topic_count":0,"_bbp_total_reply_count":0,"_bbp_voice_count":0,"_bbp_anonymous_reply_count":0,"_bbp_topic_count_hidden":0,"_bbp_reply_count_hidden":0,"_bbp_forum_subforum_count":0,"site-sidebar-layout":"default","site-content-layout":"","ast-site-content-layout":"","site-content-style":"default","site-sidebar-style":"default","ast-global-header-display":"","ast-banner-title-visibility":"","ast-main-header-display":"","ast-hfb-above-header-display":"","ast-hfb-below-header-display":"","ast-hfb-mobile-header-display":"","site-post-title":"","ast-breadcrumbs-content":"","ast-featured-img":"","footer-sml-layout":"","theme-transparent-header-meta":"","adv-header-id-meta":"","stick-header-meta":"","header-above-stick-meta":"","header-main-stick-meta":"","header-below-stick-meta":"","astra-migrate-meta-layouts":"default","ast-page-background-enabled":"default","ast-page-background-meta":{"desktop":{"background-color":"var(--ast-global-color-4)","background-image":"","background-repeat":"repeat","background-position":"center center","background-size":"auto","background-attachment":"scroll","background-type":"","background-media":"","overlay-type":"","overlay-color":"","overlay-opacity":"","overlay-gradient":""},"tablet":{"background-color":"","background-image":"","background-repeat":"repeat","background-position":"center center","background-size":"auto","background-attachment":"scroll","background-type":"","background-media":"","overlay-type":"","overlay-color":"","overlay-opacity":"","overlay-gradient":""},"mobile":{"background-color":"","background-image":"","background-repeat":"repeat","background-position":"center center","background-size":"auto","background-attachment":"scroll","background-type":"","background-media":"","overlay-type":"","overlay-color":"","overlay-opacity":"","overlay-gradient":""}},"ast-content-background-meta":{"desktop":{"background-color":"var(--ast-global-color-5)","background-image":"","background-repeat":"repeat","background-position":"center center","background-size":"auto","background-attachment":"scroll","background-type":"","background-media":"","overlay-type":"","overlay-color":"","overlay-opacity":"","overlay-gradient":""},"tablet":{"background-color":"var(--ast-global-color-5)","background-image":"","background-repeat":"repeat","background-position":"center center","background-size":"auto","background-attachment":"scroll","background-type":"","background-media":"","overlay-type":"","overlay-color":"","overlay-opacity":"","overlay-gradient":""},"mobile":{"background-color":"var(--ast-global-color-5)","background-image":"","background-repeat":"repeat","background-position":"center center","background-size":"auto","background-attachment":"scroll","background-type":"","background-media":"","overlay-type":"","overlay-color":"","overlay-opacity":"","overlay-gradient":""}},"footnotes":""},"categories":[490,378],"tags":[585,584,511,515,506,528,494,489,521,273,503,391,580],"class_list":["post-13825","post","type-post","status-publish","format-standard","has-post-thumbnail","hentry","category-acrobates","category-educacio-infantil","tag-caramelles","tag-caramelles-2023","tag-classe-de-les-papallones","tag-classe-de-p3","tag-classe-p3","tag-curs-2022-2023","tag-curs-2022-23","tag-curs-22-23","tag-curs-p3","tag-p3","tag-p3-curs-2022-23","tag-pasqua","tag-pasqua-22-23"],"post_mailing_queue_ids":[],"_links":{"self":[{"href":"https:\/\/agora.xtec.cat\/ceip-laginesta-vallirana\/wp-json\/wp\/v2\/posts\/13825","targetHints":{"allow":["GET"]}}],"collection":[{"href":"https:\/\/agora.xtec.cat\/ceip-laginesta-vallirana\/wp-json\/wp\/v2\/posts"}],"about":[{"href":"https:\/\/agora.xtec.cat\/ceip-laginesta-vallirana\/wp-json\/wp\/v2\/types\/post"}],"author":[{"embeddable":true,"href":"https:\/\/agora.xtec.cat\/ceip-laginesta-vallirana\/wp-json\/wp\/v2\/users\/34"}],"replies":[{"embeddable":true,"href":"https:\/\/agora.xtec.cat\/ceip-laginesta-vallirana\/wp-json\/wp\/v2\/comments?post=13825"}],"version-history":[{"count":2,"href":"https:\/\/agora.xtec.cat\/ceip-laginesta-vallirana\/wp-json\/wp\/v2\/posts\/13825\/revisions"}],"predecessor-version":[{"id":13878,"href":"https:\/\/agora.xtec.cat\/ceip-laginesta-vallirana\/wp-json\/wp\/v2\/posts\/13825\/revisions\/13878"}],"wp:featuredmedia":[{"embeddable":true,"href":"https:\/\/agora.xtec.cat\/ceip-laginesta-vallirana\/wp-json\/wp\/v2\/media\/13826"}],"wp:attachment":[{"href":"https:\/\/agora.xtec.cat\/ceip-laginesta-vallirana\/wp-json\/wp\/v2\/media?parent=13825"}],"wp:term":[{"taxonomy":"category","embeddable":true,"href":"https:\/\/agora.xtec.cat\/ceip-laginesta-vallirana\/wp-json\/wp\/v2\/categories?post=13825"},{"taxonomy":"post_tag","embeddable":true,"href":"https:\/\/agora.xtec.cat\/ceip-laginesta-vallirana\/wp-json\/wp\/v2\/tags?post=13825"}],"curies":[{"name":"wp","href":"https:\/\/api.w.org\/{rel}","templated":true}]}}