{"id":13728,"date":"2023-03-06T14:43:51","date_gmt":"2023-03-06T13:43:51","guid":{"rendered":"https:\/\/agora.xtec.cat\/ceip-laginesta-vallirana\/?p=13728"},"modified":"2023-03-06T14:46:44","modified_gmt":"2023-03-06T13:46:44","slug":"teatre-dangles-the-litlle-red","status":"publish","type":"post","link":"https:\/\/agora.xtec.cat\/ceip-laginesta-vallirana\/english\/teatre-dangles-the-litlle-red\/","title":{"rendered":"TEATRE D&#8217;ANGL\u00c8S &#8220;THE LITLLE RED&#8221;"},"content":{"rendered":"<p>HEM VIST L&#8217;OBRA &#8220;THE LITLLE RED&#8221; A L&#8217;ESCOLA.<\/p>\n<p>ENS HA AGRADAT MOLT!!!<\/p>\n<p>HEM ESCOLTAT EL CONTE DE LA CAPUTXETA VERMELLA EN ANGL\u00c8S, HEM BALLAT CAN\u00c7ONS,&#8230; I ENS HO HEM PASSAT D&#8217;ALL\u00d2 M\u00c9S B\u00c9 AMB L&#8217;OBRA DE TEATRE.<\/p>\n<p>SI CLIQUEU A SOBRE DE LA IMATGE DE LA REPRESENTACI\u00d3 TEATRAL PODREU VEURE UNA PINZELLADA&#8230;<\/p>\n<p><a href=\"https:\/\/photos.app.goo.gl\/mQC2Lkb5pwMSvP2n6\"><img loading=\"lazy\" decoding=\"async\" class=\"alignnone size-full wp-image-13729\" src=\"https:\/\/agora.xtec.cat\/ceip-laginesta-vallirana\/wp-content\/uploads\/usu263\/2023\/03\/IMG-20230302-WA0076.jpg\" alt=\"\" width=\"1600\" height=\"1204\" srcset=\"https:\/\/agora.xtec.cat\/ceip-laginesta-vallirana\/wp-content\/uploads\/usu263\/2023\/03\/IMG-20230302-WA0076.jpg 1600w, https:\/\/agora.xtec.cat\/ceip-laginesta-vallirana\/wp-content\/uploads\/usu263\/2023\/03\/IMG-20230302-WA0076-300x226.jpg 300w, https:\/\/agora.xtec.cat\/ceip-laginesta-vallirana\/wp-content\/uploads\/usu263\/2023\/03\/IMG-20230302-WA0076-1024x771.jpg 1024w, https:\/\/agora.xtec.cat\/ceip-laginesta-vallirana\/wp-content\/uploads\/usu263\/2023\/03\/IMG-20230302-WA0076-768x578.jpg 768w, https:\/\/agora.xtec.cat\/ceip-laginesta-vallirana\/wp-content\/uploads\/usu263\/2023\/03\/IMG-20230302-WA0076-1536x1156.jpg 1536w, https:\/\/agora.xtec.cat\/ceip-laginesta-vallirana\/wp-content\/uploads\/usu263\/2023\/03\/IMG-20230302-WA0076-200x150.jpg 200w\" sizes=\"auto, (max-width: 1600px) 100vw, 1600px\" \/><\/a><\/p>\n","protected":false},"excerpt":{"rendered":"<p>HEM VIST L&#8217;OBRA &#8220;THE LITLLE RED&#8221; A L&#8217;ESCOLA. ENS HA AGRADAT MOLT!!! HEM ESCOLTAT EL CONTE DE LA CAPUTXETA VERMELLA EN ANGL\u00c8S, HEM BALLAT CAN\u00c7ONS,&#8230; I ENS HO HEM PASSAT D&#8217;ALL\u00d2 M\u00c9S B\u00c9 AMB L&#8217;OBRA DE TEATRE. SI CLIQUEU A SOBRE DE LA IMATGE DE LA REPRESENTACI\u00d3 TEATRAL PODREU VEURE UNA PINZELLADA&#8230;<\/p>\n","protected":false},"author":34,"featured_media":13729,"comment_status":"open","ping_status":"closed","sticky":false,"template":"","format":"standard","meta":{"_bbp_topic_count":0,"_bbp_reply_count":0,"_bbp_total_topic_count":0,"_bbp_total_reply_count":0,"_bbp_voice_count":0,"_bbp_anonymous_reply_count":0,"_bbp_topic_count_hidden":0,"_bbp_reply_count_hidden":0,"_bbp_forum_subforum_count":0,"site-sidebar-layout":"default","site-content-layout":"","ast-site-content-layout":"","site-content-style":"default","site-sidebar-style":"default","ast-global-header-display":"","ast-banner-title-visibility":"","ast-main-header-display":"","ast-hfb-above-header-display":"","ast-hfb-below-header-display":"","ast-hfb-mobile-header-display":"","site-post-title":"","ast-breadcrumbs-content":"","ast-featured-img":"","footer-sml-layout":"","theme-transparent-header-meta":"","adv-header-id-meta":"","stick-header-meta":"","header-above-stick-meta":"","header-main-stick-meta":"","header-below-stick-meta":"","astra-migrate-meta-layouts":"default","ast-page-background-enabled":"default","ast-page-background-meta":{"desktop":{"background-color":"var(--ast-global-color-4)","background-image":"","background-repeat":"repeat","background-position":"center center","background-size":"auto","background-attachment":"scroll","background-type":"","background-media":"","overlay-type":"","overlay-color":"","overlay-opacity":"","overlay-gradient":""},"tablet":{"background-color":"","background-image":"","background-repeat":"repeat","background-position":"center center","background-size":"auto","background-attachment":"scroll","background-type":"","background-media":"","overlay-type":"","overlay-color":"","overlay-opacity":"","overlay-gradient":""},"mobile":{"background-color":"","background-image":"","background-repeat":"repeat","background-position":"center center","background-size":"auto","background-attachment":"scroll","background-type":"","background-media":"","overlay-type":"","overlay-color":"","overlay-opacity":"","overlay-gradient":""}},"ast-content-background-meta":{"desktop":{"background-color":"var(--ast-global-color-5)","background-image":"","background-repeat":"repeat","background-position":"center center","background-size":"auto","background-attachment":"scroll","background-type":"","background-media":"","overlay-type":"","overlay-color":"","overlay-opacity":"","overlay-gradient":""},"tablet":{"background-color":"var(--ast-global-color-5)","background-image":"","background-repeat":"repeat","background-position":"center center","background-size":"auto","background-attachment":"scroll","background-type":"","background-media":"","overlay-type":"","overlay-color":"","overlay-opacity":"","overlay-gradient":""},"mobile":{"background-color":"var(--ast-global-color-5)","background-image":"","background-repeat":"repeat","background-position":"center center","background-size":"auto","background-attachment":"scroll","background-type":"","background-media":"","overlay-type":"","overlay-color":"","overlay-opacity":"","overlay-gradient":""}},"footnotes":""},"categories":[490,378,281],"tags":[515,506,505,521,273,503,504,571,572,573],"class_list":["post-13728","post","type-post","status-publish","format-standard","has-post-thumbnail","hentry","category-acrobates","category-educacio-infantil","category-english","tag-classe-de-p3","tag-classe-p3","tag-classe-papallones","tag-curs-p3","tag-p3","tag-p3-curs-2022-23","tag-p3-curs-22-23","tag-teatre-angles","tag-teatre-angles-22-23","tag-the-little-red"],"post_mailing_queue_ids":[],"_links":{"self":[{"href":"https:\/\/agora.xtec.cat\/ceip-laginesta-vallirana\/wp-json\/wp\/v2\/posts\/13728","targetHints":{"allow":["GET"]}}],"collection":[{"href":"https:\/\/agora.xtec.cat\/ceip-laginesta-vallirana\/wp-json\/wp\/v2\/posts"}],"about":[{"href":"https:\/\/agora.xtec.cat\/ceip-laginesta-vallirana\/wp-json\/wp\/v2\/types\/post"}],"author":[{"embeddable":true,"href":"https:\/\/agora.xtec.cat\/ceip-laginesta-vallirana\/wp-json\/wp\/v2\/users\/34"}],"replies":[{"embeddable":true,"href":"https:\/\/agora.xtec.cat\/ceip-laginesta-vallirana\/wp-json\/wp\/v2\/comments?post=13728"}],"version-history":[{"count":2,"href":"https:\/\/agora.xtec.cat\/ceip-laginesta-vallirana\/wp-json\/wp\/v2\/posts\/13728\/revisions"}],"predecessor-version":[{"id":13731,"href":"https:\/\/agora.xtec.cat\/ceip-laginesta-vallirana\/wp-json\/wp\/v2\/posts\/13728\/revisions\/13731"}],"wp:featuredmedia":[{"embeddable":true,"href":"https:\/\/agora.xtec.cat\/ceip-laginesta-vallirana\/wp-json\/wp\/v2\/media\/13729"}],"wp:attachment":[{"href":"https:\/\/agora.xtec.cat\/ceip-laginesta-vallirana\/wp-json\/wp\/v2\/media?parent=13728"}],"wp:term":[{"taxonomy":"category","embeddable":true,"href":"https:\/\/agora.xtec.cat\/ceip-laginesta-vallirana\/wp-json\/wp\/v2\/categories?post=13728"},{"taxonomy":"post_tag","embeddable":true,"href":"https:\/\/agora.xtec.cat\/ceip-laginesta-vallirana\/wp-json\/wp\/v2\/tags?post=13728"}],"curies":[{"name":"wp","href":"https:\/\/api.w.org\/{rel}","templated":true}]}}