{"id":13516,"date":"2023-01-31T20:56:18","date_gmt":"2023-01-31T19:56:18","guid":{"rendered":"https:\/\/agora.xtec.cat\/ceip-laginesta-vallirana\/?p=13516"},"modified":"2023-01-31T21:01:18","modified_gmt":"2023-01-31T20:01:18","slug":"dia-de-la-pau-2","status":"publish","type":"post","link":"https:\/\/agora.xtec.cat\/ceip-laginesta-vallirana\/blocs\/acrobates\/dia-de-la-pau-2\/","title":{"rendered":"DIA DE LA PAU I LA NO VIOL\u00c8NCIA"},"content":{"rendered":"<p>PEL DIA DE LA PAU TOTA L&#8217;ESCOLA ESTEM PREPATANT UNA RECEPTA A DINS UNA CASSOLA AMB INGREDIENTS PER LA PAU.<\/p>\n<p>CADA NEN\/A DE TOTA L&#8217;ESCOLA POSAR\u00c0 UN INGREDIENT A LA CASSOLA, SERAN PARAULES, FRASES, DIBUIXOS,&#8230; MISSATGES AMB VALORS PER TREBALLAR LA PAU.<\/p>\n<p>LA CLASSE DE LES PAPALLONES HEM FET DIBUIXOS AMB ELS BRA\u00c7OS BEN OBERTS PER PODER ABRA\u00c7AR I AJUDAR A NENS I NENES QUE HO NECESSITIN.<\/p>\n<p>AQUEST MISSATGE L&#8217;HEM TREBALLAT A TRAV\u00c9S DEL POEMA DIBUIXAT DE LA JOANA RASPALL &#8220;PODRIES&#8221;:<\/p>\n<p style=\"text-align: center;\"><strong>Joana Raspall<\/strong>\u00a0\u2013\u00a0<em>Podries<\/em><br \/>\nSi haguessis nascut<br \/>\nen una altra terra,<br \/>\npodries ser blanc,<br \/>\npodries ser negre\u2026<br \/>\nUn altre pa\u00eds<br \/>\nf\u00f3ra casa teva,<br \/>\ni diries \u201cs\u00ed\u201d<br \/>\nen un altra llengua.<br \/>\nT\u2019hauries criat<br \/>\nd\u2019una altra manera<br \/>\nm\u00e9s bona, potser;<br \/>\npotser, m\u00e9s dolenta.<br \/>\nTindries m\u00e9s sort<br \/>\no potser m\u00e9s pega\u2026<br \/>\nTindries amics<br \/>\ni jocs d\u2019una altra mena;<br \/>\nduries vestits<br \/>\nde sac o de seda,<br \/>\nsabates de pell<br \/>\no tosca espardenya,<br \/>\no aniries nu<br \/>\nperdut per la selva.<br \/>\nPodries llegir<br \/>\ncontes i poemes,<br \/>\no no tenir llibres<br \/>\nni saber de lletra.<br \/>\nPodries menjar<br \/>\ncoses llamineres<br \/>\no nom\u00e9s crostons<br \/>\neixuts de pa negre.<br \/>\nPodries \u2026.podries\u2026<br \/>\nPer tot aix\u00f2 pensa<br \/>\nque importa tenir<br \/>\nLES MANS BEN OBERTES<br \/>\ni ajudar qui ve<br \/>\nfugint de la guerra,<br \/>\nfugint del dolor<br \/>\ni de la pobresa.<br \/>\nSi tu fossis nat<br \/>\na la seva terra,<br \/>\nla tristesa d\u2019ell<br \/>\npodria ser teva.<\/p>\n<div class=\"ast-oembed-container \" style=\"height: 100%;\"><iframe loading=\"lazy\" title=\"&quot;Podries&quot;, de Joana Raspall [projecte Poesia Dibuixada]\" width=\"500\" height=\"281\" src=\"https:\/\/www.youtube.com\/embed\/dvEDdx030ww?start=40&#038;feature=oembed\" frameborder=\"0\" allow=\"accelerometer; autoplay; clipboard-write; encrypted-media; gyroscope; picture-in-picture; web-share\" referrerpolicy=\"strict-origin-when-cross-origin\" allowfullscreen><\/iframe><\/div>\n<p>HEM VIST QUE HI HA NENS I NENES QUE ESTAN TRISTOS I EL PERQU\u00c8 HO ESTAN, LLAVORS HEM OBERT ELS BRA\u00c7OS, BEN OBERTS, PER ABRA\u00c7AR A AQUESTS INFANTS QUE TANT HO NECESSITEN.<\/p>\n<p>UN COP HEM FET ELS NOSTRES DIBUIXOS-MISSATGES, HEM ANAT AL VEST\u00cdBUL ON TENIM LA CASSOLA PER POSAR ELS INGREDIENTS PER LA PAU I LA NO VIOL\u00c8NCIA, HEM TIRAT ELS NOSTRES MISSATGES I SEGUIDAMENT, ENS HEM ABRA\u00c7AT TOTS I TOTES, EXPLICANT LA IMPORT\u00c0NCIA D&#8217;AJUDAR ALS DEM\u00c9S.<\/p>\n<p>SI CLIQUEU A SOBRE DE LA IMATGE DE LA CASSOLA DE LA RECEPTA PER LA PAU I LA NO VIOL\u00c8NCIA VEUREU TOT EL PROC\u00c9S&#8230;<\/p>\n<p><a href=\"https:\/\/photos.app.goo.gl\/NAXTUDWTdQyA41E97\"><img loading=\"lazy\" decoding=\"async\" class=\"alignnone size-full wp-image-13517\" src=\"https:\/\/agora.xtec.cat\/ceip-laginesta-vallirana\/wp-content\/uploads\/usu263\/2023\/01\/IMG_20230131_104740_resized_20230131_081757155.jpg\" alt=\"\" width=\"1920\" height=\"2560\" srcset=\"https:\/\/agora.xtec.cat\/ceip-laginesta-vallirana\/wp-content\/uploads\/usu263\/2023\/01\/IMG_20230131_104740_resized_20230131_081757155.jpg 1920w, https:\/\/agora.xtec.cat\/ceip-laginesta-vallirana\/wp-content\/uploads\/usu263\/2023\/01\/IMG_20230131_104740_resized_20230131_081757155-225x300.jpg 225w, https:\/\/agora.xtec.cat\/ceip-laginesta-vallirana\/wp-content\/uploads\/usu263\/2023\/01\/IMG_20230131_104740_resized_20230131_081757155-768x1024.jpg 768w, https:\/\/agora.xtec.cat\/ceip-laginesta-vallirana\/wp-content\/uploads\/usu263\/2023\/01\/IMG_20230131_104740_resized_20230131_081757155-1152x1536.jpg 1152w, https:\/\/agora.xtec.cat\/ceip-laginesta-vallirana\/wp-content\/uploads\/usu263\/2023\/01\/IMG_20230131_104740_resized_20230131_081757155-1536x2048.jpg 1536w\" sizes=\"auto, (max-width: 1920px) 100vw, 1920px\" \/><\/a><\/p>\n","protected":false},"excerpt":{"rendered":"<p>PEL DIA DE LA PAU TOTA L&#8217;ESCOLA ESTEM PREPATANT UNA RECEPTA A DINS UNA CASSOLA AMB INGREDIENTS PER LA PAU. CADA NEN\/A DE TOTA L&#8217;ESCOLA POSAR\u00c0 UN INGREDIENT A LA CASSOLA, SERAN PARAULES, FRASES, DIBUIXOS,&#8230; MISSATGES AMB VALORS PER TREBALLAR LA PAU. LA CLASSE DE LES PAPALLONES HEM FET DIBUIXOS AMB ELS BRA\u00c7OS BEN OBERTS [&hellip;]<\/p>\n","protected":false},"author":34,"featured_media":13517,"comment_status":"open","ping_status":"closed","sticky":false,"template":"","format":"standard","meta":{"_bbp_topic_count":0,"_bbp_reply_count":0,"_bbp_total_topic_count":0,"_bbp_total_reply_count":0,"_bbp_voice_count":0,"_bbp_anonymous_reply_count":0,"_bbp_topic_count_hidden":0,"_bbp_reply_count_hidden":0,"_bbp_forum_subforum_count":0,"site-sidebar-layout":"default","site-content-layout":"","ast-site-content-layout":"","site-content-style":"default","site-sidebar-style":"default","ast-global-header-display":"","ast-banner-title-visibility":"","ast-main-header-display":"","ast-hfb-above-header-display":"","ast-hfb-below-header-display":"","ast-hfb-mobile-header-display":"","site-post-title":"","ast-breadcrumbs-content":"","ast-featured-img":"","footer-sml-layout":"","theme-transparent-header-meta":"","adv-header-id-meta":"","stick-header-meta":"","header-above-stick-meta":"","header-main-stick-meta":"","header-below-stick-meta":"","astra-migrate-meta-layouts":"default","ast-page-background-enabled":"default","ast-page-background-meta":{"desktop":{"background-color":"var(--ast-global-color-4)","background-image":"","background-repeat":"repeat","background-position":"center center","background-size":"auto","background-attachment":"scroll","background-type":"","background-media":"","overlay-type":"","overlay-color":"","overlay-opacity":"","overlay-gradient":""},"tablet":{"background-color":"","background-image":"","background-repeat":"repeat","background-position":"center center","background-size":"auto","background-attachment":"scroll","background-type":"","background-media":"","overlay-type":"","overlay-color":"","overlay-opacity":"","overlay-gradient":""},"mobile":{"background-color":"","background-image":"","background-repeat":"repeat","background-position":"center center","background-size":"auto","background-attachment":"scroll","background-type":"","background-media":"","overlay-type":"","overlay-color":"","overlay-opacity":"","overlay-gradient":""}},"ast-content-background-meta":{"desktop":{"background-color":"var(--ast-global-color-5)","background-image":"","background-repeat":"repeat","background-position":"center center","background-size":"auto","background-attachment":"scroll","background-type":"","background-media":"","overlay-type":"","overlay-color":"","overlay-opacity":"","overlay-gradient":""},"tablet":{"background-color":"var(--ast-global-color-5)","background-image":"","background-repeat":"repeat","background-position":"center center","background-size":"auto","background-attachment":"scroll","background-type":"","background-media":"","overlay-type":"","overlay-color":"","overlay-opacity":"","overlay-gradient":""},"mobile":{"background-color":"var(--ast-global-color-5)","background-image":"","background-repeat":"repeat","background-position":"center center","background-size":"auto","background-attachment":"scroll","background-type":"","background-media":"","overlay-type":"","overlay-color":"","overlay-opacity":"","overlay-gradient":""}},"footnotes":""},"categories":[490],"tags":[511,515,506,528,489,557,558,273],"class_list":["post-13516","post","type-post","status-publish","format-standard","has-post-thumbnail","hentry","category-acrobates","tag-classe-de-les-papallones","tag-classe-de-p3","tag-classe-p3","tag-curs-2022-2023","tag-curs-22-23","tag-dia-de-la-pau-i-la-no-violencia","tag-dia-de-la-pau-i-la-no-violencia-curs-22-23","tag-p3"],"post_mailing_queue_ids":[],"_links":{"self":[{"href":"https:\/\/agora.xtec.cat\/ceip-laginesta-vallirana\/wp-json\/wp\/v2\/posts\/13516","targetHints":{"allow":["GET"]}}],"collection":[{"href":"https:\/\/agora.xtec.cat\/ceip-laginesta-vallirana\/wp-json\/wp\/v2\/posts"}],"about":[{"href":"https:\/\/agora.xtec.cat\/ceip-laginesta-vallirana\/wp-json\/wp\/v2\/types\/post"}],"author":[{"embeddable":true,"href":"https:\/\/agora.xtec.cat\/ceip-laginesta-vallirana\/wp-json\/wp\/v2\/users\/34"}],"replies":[{"embeddable":true,"href":"https:\/\/agora.xtec.cat\/ceip-laginesta-vallirana\/wp-json\/wp\/v2\/comments?post=13516"}],"version-history":[{"count":3,"href":"https:\/\/agora.xtec.cat\/ceip-laginesta-vallirana\/wp-json\/wp\/v2\/posts\/13516\/revisions"}],"predecessor-version":[{"id":13520,"href":"https:\/\/agora.xtec.cat\/ceip-laginesta-vallirana\/wp-json\/wp\/v2\/posts\/13516\/revisions\/13520"}],"wp:featuredmedia":[{"embeddable":true,"href":"https:\/\/agora.xtec.cat\/ceip-laginesta-vallirana\/wp-json\/wp\/v2\/media\/13517"}],"wp:attachment":[{"href":"https:\/\/agora.xtec.cat\/ceip-laginesta-vallirana\/wp-json\/wp\/v2\/media?parent=13516"}],"wp:term":[{"taxonomy":"category","embeddable":true,"href":"https:\/\/agora.xtec.cat\/ceip-laginesta-vallirana\/wp-json\/wp\/v2\/categories?post=13516"},{"taxonomy":"post_tag","embeddable":true,"href":"https:\/\/agora.xtec.cat\/ceip-laginesta-vallirana\/wp-json\/wp\/v2\/tags?post=13516"}],"curies":[{"name":"wp","href":"https:\/\/api.w.org\/{rel}","templated":true}]}}