{"id":13398,"date":"2023-01-09T08:00:08","date_gmt":"2023-01-09T07:00:08","guid":{"rendered":"https:\/\/agora.xtec.cat\/ceip-laginesta-vallirana\/?p=13398"},"modified":"2023-01-16T10:25:14","modified_gmt":"2023-01-16T09:25:14","slug":"caguem-el-tio-2","status":"publish","type":"post","link":"https:\/\/agora.xtec.cat\/ceip-laginesta-vallirana\/portada\/caguem-el-tio-2\/","title":{"rendered":"CAGUEM EL TI\u00d3"},"content":{"rendered":"<p style=\"text-align: justify;\">PER FI HA ARRIBAT EL DIA QU\u00c8 CAGUEM EL TI\u00d3!!!<\/p>\n<p style=\"text-align: justify;\">DES DEL DIA QUE EL VAM TROBAR AL PARC FINS EL DIA EN QUE HEM CAGAT EL TI\u00d3, L&#8217;HEM CUIDAT MOLT B\u00c9, L&#8217;HEM TAPAT, LI HEM DONAT DE MENJAR, LI HEM CANTAT, LI HEM FET MASSATGES,&#8230; PER\u00d2 JA HA ARRIBAT EL DIA QUE EST\u00c0 MOLT PLE I HA DE CAGAR PERQU\u00c8 NO LI FACI MAL LA PANXA.<\/p>\n<p style=\"text-align: justify;\">NOSALTRES TAMB\u00c9 JA ESTEM PREPARATS I PREPARDES I TENIM MOLTES GANES.<\/p>\n<p style=\"text-align: justify;\">AMB EL PAL I CANTANT LA CAN\u00c7\u00d3 DEL &#8220;CAGA TI\u00d3&#8221;, EM CAGAT EL TI\u00d3 I ENS HA CAGAT JOGUINES I XOCOLATES&#8230; QUE B\u00c9 HO HEM PASSAT, EXCEPTE QUAN S&#8217;HA TIRAT UN PET MOLT GRAN, QUE HA TACAT UN PAPER DEL WC DE CACA I NO HI HAVIA REGAL, EN AQUEST MOMENT NO HO HEM PASSAT MOLT B\u00c9, PER\u00d2 HO HEM SOLUCIONAT FENT-LI MIMOS I CANTANT-LI UNA ALTRA VEGADA BEN FORT MENTRE LI PIC\u00c0VEM AMB EL PAL. AIX\u00cd TOTS ELS NENS I NENES DE LA CLASSE HEM TINGUT EL NOSTRE REGAL DE TI\u00d3.<\/p>\n<p style=\"text-align: justify;\">JUGAREM MOLT AMB LA PILOTA I LA RESTA DE REGALS!!! MOLTES GR\u00c0CIES TI\u00d3!!! T&#8217;ESPEREM L&#8217;ANY VINENT!!!<\/p>\n<p style=\"text-align: justify;\">MIREU QUINA IL.LUSI\u00d3 M\u00c9S GRAN TOT CLICANT LA FOTOGRAFIA DE SOTA&#8230;<\/p>\n<p><a href=\"https:\/\/photos.app.goo.gl\/78Yqnz7uhYnZBA2XA\"><img loading=\"lazy\" decoding=\"async\" class=\"alignnone size-full wp-image-13399\" src=\"https:\/\/agora.xtec.cat\/ceip-laginesta-vallirana\/wp-content\/uploads\/usu263\/2023\/01\/IMG-20221221-WA0055_resized_20230108_073753506.jpg\" alt=\"\" width=\"1024\" height=\"768\" srcset=\"https:\/\/agora.xtec.cat\/ceip-laginesta-vallirana\/wp-content\/uploads\/usu263\/2023\/01\/IMG-20221221-WA0055_resized_20230108_073753506.jpg 1024w, https:\/\/agora.xtec.cat\/ceip-laginesta-vallirana\/wp-content\/uploads\/usu263\/2023\/01\/IMG-20221221-WA0055_resized_20230108_073753506-300x225.jpg 300w, https:\/\/agora.xtec.cat\/ceip-laginesta-vallirana\/wp-content\/uploads\/usu263\/2023\/01\/IMG-20221221-WA0055_resized_20230108_073753506-768x576.jpg 768w, https:\/\/agora.xtec.cat\/ceip-laginesta-vallirana\/wp-content\/uploads\/usu263\/2023\/01\/IMG-20221221-WA0055_resized_20230108_073753506-200x150.jpg 200w\" sizes=\"auto, (max-width: 1024px) 100vw, 1024px\" \/><\/a><\/p>\n<p>&nbsp;<\/p>\n","protected":false},"excerpt":{"rendered":"<p>PER FI HA ARRIBAT EL DIA QU\u00c8 CAGUEM EL TI\u00d3!!! DES DEL DIA QUE EL VAM TROBAR AL PARC FINS EL DIA EN QUE HEM CAGAT EL TI\u00d3, L&#8217;HEM CUIDAT MOLT B\u00c9, L&#8217;HEM TAPAT, LI HEM DONAT DE MENJAR, LI HEM CANTAT, LI HEM FET MASSATGES,&#8230; PER\u00d2 JA HA ARRIBAT EL DIA QUE EST\u00c0 MOLT [&hellip;]<\/p>\n","protected":false},"author":34,"featured_media":13399,"comment_status":"open","ping_status":"closed","sticky":false,"template":"","format":"standard","meta":{"_bbp_topic_count":0,"_bbp_reply_count":0,"_bbp_total_topic_count":0,"_bbp_total_reply_count":0,"_bbp_voice_count":0,"_bbp_anonymous_reply_count":0,"_bbp_topic_count_hidden":0,"_bbp_reply_count_hidden":0,"_bbp_forum_subforum_count":0,"site-sidebar-layout":"default","site-content-layout":"","ast-site-content-layout":"","site-content-style":"default","site-sidebar-style":"default","ast-global-header-display":"","ast-banner-title-visibility":"","ast-main-header-display":"","ast-hfb-above-header-display":"","ast-hfb-below-header-display":"","ast-hfb-mobile-header-display":"","site-post-title":"","ast-breadcrumbs-content":"","ast-featured-img":"","footer-sml-layout":"","theme-transparent-header-meta":"","adv-header-id-meta":"","stick-header-meta":"","header-above-stick-meta":"","header-main-stick-meta":"","header-below-stick-meta":"","astra-migrate-meta-layouts":"default","ast-page-background-enabled":"default","ast-page-background-meta":{"desktop":{"background-color":"var(--ast-global-color-4)","background-image":"","background-repeat":"repeat","background-position":"center center","background-size":"auto","background-attachment":"scroll","background-type":"","background-media":"","overlay-type":"","overlay-color":"","overlay-opacity":"","overlay-gradient":""},"tablet":{"background-color":"","background-image":"","background-repeat":"repeat","background-position":"center center","background-size":"auto","background-attachment":"scroll","background-type":"","background-media":"","overlay-type":"","overlay-color":"","overlay-opacity":"","overlay-gradient":""},"mobile":{"background-color":"","background-image":"","background-repeat":"repeat","background-position":"center center","background-size":"auto","background-attachment":"scroll","background-type":"","background-media":"","overlay-type":"","overlay-color":"","overlay-opacity":"","overlay-gradient":""}},"ast-content-background-meta":{"desktop":{"background-color":"var(--ast-global-color-5)","background-image":"","background-repeat":"repeat","background-position":"center center","background-size":"auto","background-attachment":"scroll","background-type":"","background-media":"","overlay-type":"","overlay-color":"","overlay-opacity":"","overlay-gradient":""},"tablet":{"background-color":"var(--ast-global-color-5)","background-image":"","background-repeat":"repeat","background-position":"center center","background-size":"auto","background-attachment":"scroll","background-type":"","background-media":"","overlay-type":"","overlay-color":"","overlay-opacity":"","overlay-gradient":""},"mobile":{"background-color":"var(--ast-global-color-5)","background-image":"","background-repeat":"repeat","background-position":"center center","background-size":"auto","background-attachment":"scroll","background-type":"","background-media":"","overlay-type":"","overlay-color":"","overlay-opacity":"","overlay-gradient":""}},"footnotes":""},"categories":[490,4],"tags":[511,515,506,505,528,489,382,538,539,273,503,504,540,541,542],"class_list":["post-13398","post","type-post","status-publish","format-standard","has-post-thumbnail","hentry","category-acrobates","category-portada","tag-classe-de-les-papallones","tag-classe-de-p3","tag-classe-p3","tag-classe-papallones","tag-curs-2022-2023","tag-curs-22-23","tag-nadal","tag-nadal-2022","tag-nadal-22","tag-p3","tag-p3-curs-2022-23","tag-p3-curs-22-23","tag-tio","tag-tio-2022","tag-tio-22"],"post_mailing_queue_ids":[],"_links":{"self":[{"href":"https:\/\/agora.xtec.cat\/ceip-laginesta-vallirana\/wp-json\/wp\/v2\/posts\/13398","targetHints":{"allow":["GET"]}}],"collection":[{"href":"https:\/\/agora.xtec.cat\/ceip-laginesta-vallirana\/wp-json\/wp\/v2\/posts"}],"about":[{"href":"https:\/\/agora.xtec.cat\/ceip-laginesta-vallirana\/wp-json\/wp\/v2\/types\/post"}],"author":[{"embeddable":true,"href":"https:\/\/agora.xtec.cat\/ceip-laginesta-vallirana\/wp-json\/wp\/v2\/users\/34"}],"replies":[{"embeddable":true,"href":"https:\/\/agora.xtec.cat\/ceip-laginesta-vallirana\/wp-json\/wp\/v2\/comments?post=13398"}],"version-history":[{"count":3,"href":"https:\/\/agora.xtec.cat\/ceip-laginesta-vallirana\/wp-json\/wp\/v2\/posts\/13398\/revisions"}],"predecessor-version":[{"id":13414,"href":"https:\/\/agora.xtec.cat\/ceip-laginesta-vallirana\/wp-json\/wp\/v2\/posts\/13398\/revisions\/13414"}],"wp:featuredmedia":[{"embeddable":true,"href":"https:\/\/agora.xtec.cat\/ceip-laginesta-vallirana\/wp-json\/wp\/v2\/media\/13399"}],"wp:attachment":[{"href":"https:\/\/agora.xtec.cat\/ceip-laginesta-vallirana\/wp-json\/wp\/v2\/media?parent=13398"}],"wp:term":[{"taxonomy":"category","embeddable":true,"href":"https:\/\/agora.xtec.cat\/ceip-laginesta-vallirana\/wp-json\/wp\/v2\/categories?post=13398"},{"taxonomy":"post_tag","embeddable":true,"href":"https:\/\/agora.xtec.cat\/ceip-laginesta-vallirana\/wp-json\/wp\/v2\/tags?post=13398"}],"curies":[{"name":"wp","href":"https:\/\/api.w.org\/{rel}","templated":true}]}}