{"id":13189,"date":"2022-11-05T16:45:10","date_gmt":"2022-11-05T15:45:10","guid":{"rendered":"https:\/\/agora.xtec.cat\/ceip-laginesta-vallirana\/?p=13189"},"modified":"2022-11-05T16:45:10","modified_gmt":"2022-11-05T15:45:10","slug":"fem-un-tomb-per-lescola","status":"publish","type":"post","link":"https:\/\/agora.xtec.cat\/ceip-laginesta-vallirana\/blocs\/acrobates\/fem-un-tomb-per-lescola\/","title":{"rendered":"FEM UN TOMB PER L&#8217;ESCOLA!!!"},"content":{"rendered":"<p>HEM FET UN TOMB PER L&#8217;ESCOLA.<\/p>\n<p>HEM VISITAT EL PIS ON ESTEM NOSALTRES, ENTRANT A LES AULES D&#8217;I4 I I5, A L&#8217;AULA DE M\u00daSICA, AL MENJADOR, A LA SALA DE MESTRES, AL DESPATX DE DIRECCI\u00d3, HEM VIST A LA PEPETA I AL CESC,&#8230; I, ON ENS HA FET M\u00c9S IL.LUSI\u00d3, HEM ENTRAT AL DESPATX DE LA CARME, QUE TANT ENS CUIDA. TOTS I TOTES VOL\u00cdEM ABRA\u00c7AR-LA!!!<\/p>\n<p><a href=\"https:\/\/agora.xtec.cat\/ceip-laginesta-vallirana\/wp-content\/uploads\/usu263\/2022\/11\/IMG_20221020_121751_resized_20221104_023439051.jpg\"><img loading=\"lazy\" decoding=\"async\" class=\"alignnone size-full wp-image-13190\" src=\"https:\/\/agora.xtec.cat\/ceip-laginesta-vallirana\/wp-content\/uploads\/usu263\/2022\/11\/IMG_20221020_121751_resized_20221104_023439051.jpg\" alt=\"\" width=\"1920\" height=\"2560\" srcset=\"https:\/\/agora.xtec.cat\/ceip-laginesta-vallirana\/wp-content\/uploads\/usu263\/2022\/11\/IMG_20221020_121751_resized_20221104_023439051.jpg 1920w, https:\/\/agora.xtec.cat\/ceip-laginesta-vallirana\/wp-content\/uploads\/usu263\/2022\/11\/IMG_20221020_121751_resized_20221104_023439051-225x300.jpg 225w, https:\/\/agora.xtec.cat\/ceip-laginesta-vallirana\/wp-content\/uploads\/usu263\/2022\/11\/IMG_20221020_121751_resized_20221104_023439051-768x1024.jpg 768w, https:\/\/agora.xtec.cat\/ceip-laginesta-vallirana\/wp-content\/uploads\/usu263\/2022\/11\/IMG_20221020_121751_resized_20221104_023439051-1152x1536.jpg 1152w, https:\/\/agora.xtec.cat\/ceip-laginesta-vallirana\/wp-content\/uploads\/usu263\/2022\/11\/IMG_20221020_121751_resized_20221104_023439051-1536x2048.jpg 1536w\" sizes=\"auto, (max-width: 1920px) 100vw, 1920px\" \/><\/a><\/p>\n<p>DESPR\u00c9S HEM PUJAT AL PIS DE DALT, ON ENS HA AGRADAT VEURE PENJATS ELS FANTASMES QUE HEM FET DE MANUALITAT DE HALLOWEEN&#8230;<\/p>\n<p><a href=\"https:\/\/agora.xtec.cat\/ceip-laginesta-vallirana\/wp-content\/uploads\/usu263\/2022\/11\/IMG_20221020_122504_resized_20221104_023437969.jpg\"><img loading=\"lazy\" decoding=\"async\" class=\"alignnone size-full wp-image-13191\" src=\"https:\/\/agora.xtec.cat\/ceip-laginesta-vallirana\/wp-content\/uploads\/usu263\/2022\/11\/IMG_20221020_122504_resized_20221104_023437969.jpg\" alt=\"\" width=\"1920\" height=\"2560\" srcset=\"https:\/\/agora.xtec.cat\/ceip-laginesta-vallirana\/wp-content\/uploads\/usu263\/2022\/11\/IMG_20221020_122504_resized_20221104_023437969.jpg 1920w, https:\/\/agora.xtec.cat\/ceip-laginesta-vallirana\/wp-content\/uploads\/usu263\/2022\/11\/IMG_20221020_122504_resized_20221104_023437969-225x300.jpg 225w, https:\/\/agora.xtec.cat\/ceip-laginesta-vallirana\/wp-content\/uploads\/usu263\/2022\/11\/IMG_20221020_122504_resized_20221104_023437969-768x1024.jpg 768w, https:\/\/agora.xtec.cat\/ceip-laginesta-vallirana\/wp-content\/uploads\/usu263\/2022\/11\/IMG_20221020_122504_resized_20221104_023437969-1152x1536.jpg 1152w, https:\/\/agora.xtec.cat\/ceip-laginesta-vallirana\/wp-content\/uploads\/usu263\/2022\/11\/IMG_20221020_122504_resized_20221104_023437969-1536x2048.jpg 1536w\" sizes=\"auto, (max-width: 1920px) 100vw, 1920px\" \/><\/a><\/p>\n<p>I TOTA AQUESTA PLANTA, EL VEST\u00cdBUL DE DALT ON HI HA LA PEIXERA 8QU\u00c8 PR\u00d2XIMAMENT OMPLIREM DE PEIXOS QUE HAUREM DE CUIDAR) I LES CLASSES DE PRIM\u00c0RIA, LA BIBLIOTECA, EL LABORATORI, LA SALA D&#8217;INFORM\u00c0TICA&#8230;<\/p>\n<p><a href=\"https:\/\/agora.xtec.cat\/ceip-laginesta-vallirana\/wp-content\/uploads\/usu263\/2022\/11\/IMG_20221020_122528_resized_20221104_023439896.jpg\"><img loading=\"lazy\" decoding=\"async\" class=\"alignnone size-full wp-image-13192\" src=\"https:\/\/agora.xtec.cat\/ceip-laginesta-vallirana\/wp-content\/uploads\/usu263\/2022\/11\/IMG_20221020_122528_resized_20221104_023439896.jpg\" alt=\"\" width=\"1920\" height=\"2560\" srcset=\"https:\/\/agora.xtec.cat\/ceip-laginesta-vallirana\/wp-content\/uploads\/usu263\/2022\/11\/IMG_20221020_122528_resized_20221104_023439896.jpg 1920w, https:\/\/agora.xtec.cat\/ceip-laginesta-vallirana\/wp-content\/uploads\/usu263\/2022\/11\/IMG_20221020_122528_resized_20221104_023439896-225x300.jpg 225w, https:\/\/agora.xtec.cat\/ceip-laginesta-vallirana\/wp-content\/uploads\/usu263\/2022\/11\/IMG_20221020_122528_resized_20221104_023439896-768x1024.jpg 768w, https:\/\/agora.xtec.cat\/ceip-laginesta-vallirana\/wp-content\/uploads\/usu263\/2022\/11\/IMG_20221020_122528_resized_20221104_023439896-1152x1536.jpg 1152w, https:\/\/agora.xtec.cat\/ceip-laginesta-vallirana\/wp-content\/uploads\/usu263\/2022\/11\/IMG_20221020_122528_resized_20221104_023439896-1536x2048.jpg 1536w\" sizes=\"auto, (max-width: 1920px) 100vw, 1920px\" \/><\/a><\/p>\n<p>I, FINALMENT, HEM PASSAT PEL GIMN\u00c0S, ON FEM PSICO, I AL PATI, ON HEM APROFITAT QUE FEIA SOL I ENS HEM QUEDAT A JUGAR UNA MICA.<\/p>\n<p>AIX\u00cd, HEM CONEGUT TOTS ELS RACONS DE LA NOSTRA ESCOLA!!!<\/p>\n","protected":false},"excerpt":{"rendered":"<p>HEM FET UN TOMB PER L&#8217;ESCOLA. HEM VISITAT EL PIS ON ESTEM NOSALTRES, ENTRANT A LES AULES D&#8217;I4 I I5, A L&#8217;AULA DE M\u00daSICA, AL MENJADOR, A LA SALA DE MESTRES, AL DESPATX DE DIRECCI\u00d3, HEM VIST A LA PEPETA I AL CESC,&#8230; I, ON ENS HA FET M\u00c9S IL.LUSI\u00d3, HEM ENTRAT AL DESPATX DE [&hellip;]<\/p>\n","protected":false},"author":34,"featured_media":13190,"comment_status":"open","ping_status":"closed","sticky":false,"template":"","format":"standard","meta":{"_bbp_topic_count":0,"_bbp_reply_count":0,"_bbp_total_topic_count":0,"_bbp_total_reply_count":0,"_bbp_voice_count":0,"_bbp_anonymous_reply_count":0,"_bbp_topic_count_hidden":0,"_bbp_reply_count_hidden":0,"_bbp_forum_subforum_count":0,"site-sidebar-layout":"default","site-content-layout":"","ast-site-content-layout":"","site-content-style":"default","site-sidebar-style":"default","ast-global-header-display":"","ast-banner-title-visibility":"","ast-main-header-display":"","ast-hfb-above-header-display":"","ast-hfb-below-header-display":"","ast-hfb-mobile-header-display":"","site-post-title":"","ast-breadcrumbs-content":"","ast-featured-img":"","footer-sml-layout":"","theme-transparent-header-meta":"","adv-header-id-meta":"","stick-header-meta":"","header-above-stick-meta":"","header-main-stick-meta":"","header-below-stick-meta":"","astra-migrate-meta-layouts":"default","ast-page-background-enabled":"default","ast-page-background-meta":{"desktop":{"background-color":"var(--ast-global-color-4)","background-image":"","background-repeat":"repeat","background-position":"center center","background-size":"auto","background-attachment":"scroll","background-type":"","background-media":"","overlay-type":"","overlay-color":"","overlay-opacity":"","overlay-gradient":""},"tablet":{"background-color":"","background-image":"","background-repeat":"repeat","background-position":"center center","background-size":"auto","background-attachment":"scroll","background-type":"","background-media":"","overlay-type":"","overlay-color":"","overlay-opacity":"","overlay-gradient":""},"mobile":{"background-color":"","background-image":"","background-repeat":"repeat","background-position":"center center","background-size":"auto","background-attachment":"scroll","background-type":"","background-media":"","overlay-type":"","overlay-color":"","overlay-opacity":"","overlay-gradient":""}},"ast-content-background-meta":{"desktop":{"background-color":"var(--ast-global-color-5)","background-image":"","background-repeat":"repeat","background-position":"center center","background-size":"auto","background-attachment":"scroll","background-type":"","background-media":"","overlay-type":"","overlay-color":"","overlay-opacity":"","overlay-gradient":""},"tablet":{"background-color":"var(--ast-global-color-5)","background-image":"","background-repeat":"repeat","background-position":"center center","background-size":"auto","background-attachment":"scroll","background-type":"","background-media":"","overlay-type":"","overlay-color":"","overlay-opacity":"","overlay-gradient":""},"mobile":{"background-color":"var(--ast-global-color-5)","background-image":"","background-repeat":"repeat","background-position":"center center","background-size":"auto","background-attachment":"scroll","background-type":"","background-media":"","overlay-type":"","overlay-color":"","overlay-opacity":"","overlay-gradient":""}},"footnotes":""},"categories":[490],"tags":[511,515,506,505,494,489,518,273,503,504],"class_list":["post-13189","post","type-post","status-publish","format-standard","has-post-thumbnail","hentry","category-acrobates","tag-classe-de-les-papallones","tag-classe-de-p3","tag-classe-p3","tag-classe-papallones","tag-curs-2022-23","tag-curs-22-23","tag-escola","tag-p3","tag-p3-curs-2022-23","tag-p3-curs-22-23"],"post_mailing_queue_ids":[],"_links":{"self":[{"href":"https:\/\/agora.xtec.cat\/ceip-laginesta-vallirana\/wp-json\/wp\/v2\/posts\/13189","targetHints":{"allow":["GET"]}}],"collection":[{"href":"https:\/\/agora.xtec.cat\/ceip-laginesta-vallirana\/wp-json\/wp\/v2\/posts"}],"about":[{"href":"https:\/\/agora.xtec.cat\/ceip-laginesta-vallirana\/wp-json\/wp\/v2\/types\/post"}],"author":[{"embeddable":true,"href":"https:\/\/agora.xtec.cat\/ceip-laginesta-vallirana\/wp-json\/wp\/v2\/users\/34"}],"replies":[{"embeddable":true,"href":"https:\/\/agora.xtec.cat\/ceip-laginesta-vallirana\/wp-json\/wp\/v2\/comments?post=13189"}],"version-history":[{"count":1,"href":"https:\/\/agora.xtec.cat\/ceip-laginesta-vallirana\/wp-json\/wp\/v2\/posts\/13189\/revisions"}],"predecessor-version":[{"id":13193,"href":"https:\/\/agora.xtec.cat\/ceip-laginesta-vallirana\/wp-json\/wp\/v2\/posts\/13189\/revisions\/13193"}],"wp:featuredmedia":[{"embeddable":true,"href":"https:\/\/agora.xtec.cat\/ceip-laginesta-vallirana\/wp-json\/wp\/v2\/media\/13190"}],"wp:attachment":[{"href":"https:\/\/agora.xtec.cat\/ceip-laginesta-vallirana\/wp-json\/wp\/v2\/media?parent=13189"}],"wp:term":[{"taxonomy":"category","embeddable":true,"href":"https:\/\/agora.xtec.cat\/ceip-laginesta-vallirana\/wp-json\/wp\/v2\/categories?post=13189"},{"taxonomy":"post_tag","embeddable":true,"href":"https:\/\/agora.xtec.cat\/ceip-laginesta-vallirana\/wp-json\/wp\/v2\/tags?post=13189"}],"curies":[{"name":"wp","href":"https:\/\/api.w.org\/{rel}","templated":true}]}}