{"id":13181,"date":"2022-11-04T10:15:59","date_gmt":"2022-11-04T09:15:59","guid":{"rendered":"https:\/\/agora.xtec.cat\/ceip-laginesta-vallirana\/?p=13181"},"modified":"2022-11-04T10:15:59","modified_gmt":"2022-11-04T09:15:59","slug":"hem-visitat-els-matossers","status":"publish","type":"post","link":"https:\/\/agora.xtec.cat\/ceip-laginesta-vallirana\/blocs\/acrobates\/hem-visitat-els-matossers\/","title":{"rendered":"HEM VISITAT ELS MATOSSERS!!!"},"content":{"rendered":"<p>APROFITANT LA TEM\u00c0TICA DE FESTA MAJOR, JA QUE ERA FESTA MAJOR A VALLIRANA, HEM DECIDIT ANAR A VISITAT ALS CASTELLERS DE MOLINS DE REI, ELS MATOSSERS.<\/p>\n<p>UN COP ALL\u00c0, ENS HAN ACOLLIT AMB MOLT DE &#8220;CARINYU&#8221;, ENS HAN EXPLICAAT UN CONTE D&#8217;UN NEN QUE VOLIA SER CASTELLER I DESPR\u00c9S ENS HAN PORTAT A LA SALA ON ASSAJAN ELLS PER FER ELS CASTELLS, ALL\u00c0 ENS HAN EXPLICAT COM VAN VESTITS, COM ES DIUEN LES PECES DE ROBA QUE PORTEN, PER A QU\u00c8 SERVEIXEN I,&#8230; ENS HAN DEIXAT PUJAR A LES SEVES ESPATLLES PER SER MATOSSERS UNA ESTONA DURANT AQUELL MAT\u00cd!!!<\/p>\n<p>ENS HO HEM PASSAT PIPA!!! ALGUNS I\/O ALGUNES HEM TINGUT POR I NO HEM VOLGUT, UNS ALTRES TOT I TENIR POR ENS HEM ARRISCAT, UNS ALTRES MOLT VALENTS\/ES HEM VOLGUT SER ELS PRIMERS,&#8230;<\/p>\n<p>UN COP ACABADA L&#8217;ACTIVITAT, HEM ANAT AL PATI DE DARRERA A ESMORZAR, GAUDINT DE LA NATURA I DE LA TARDOR, TOT ESTAVA PLE DE FULLES DE TARDOR..<\/p>\n<p>CLIQUEU SOBRE DE LA FOTOGRAFIA I VEUREU&#8230;<\/p>\n<p><a href=\"https:\/\/photos.app.goo.gl\/iVz39AWs4VLSbaYg6\"><img loading=\"lazy\" decoding=\"async\" class=\"alignnone size-full wp-image-13182\" src=\"https:\/\/agora.xtec.cat\/ceip-laginesta-vallirana\/wp-content\/uploads\/usu263\/2022\/11\/IMG_20221011_102116_resized_20221103_064634752.jpg\" alt=\"\" width=\"2560\" height=\"1920\" srcset=\"https:\/\/agora.xtec.cat\/ceip-laginesta-vallirana\/wp-content\/uploads\/usu263\/2022\/11\/IMG_20221011_102116_resized_20221103_064634752.jpg 2560w, https:\/\/agora.xtec.cat\/ceip-laginesta-vallirana\/wp-content\/uploads\/usu263\/2022\/11\/IMG_20221011_102116_resized_20221103_064634752-300x225.jpg 300w, https:\/\/agora.xtec.cat\/ceip-laginesta-vallirana\/wp-content\/uploads\/usu263\/2022\/11\/IMG_20221011_102116_resized_20221103_064634752-1024x768.jpg 1024w, https:\/\/agora.xtec.cat\/ceip-laginesta-vallirana\/wp-content\/uploads\/usu263\/2022\/11\/IMG_20221011_102116_resized_20221103_064634752-768x576.jpg 768w, https:\/\/agora.xtec.cat\/ceip-laginesta-vallirana\/wp-content\/uploads\/usu263\/2022\/11\/IMG_20221011_102116_resized_20221103_064634752-1536x1152.jpg 1536w, https:\/\/agora.xtec.cat\/ceip-laginesta-vallirana\/wp-content\/uploads\/usu263\/2022\/11\/IMG_20221011_102116_resized_20221103_064634752-2048x1536.jpg 2048w, https:\/\/agora.xtec.cat\/ceip-laginesta-vallirana\/wp-content\/uploads\/usu263\/2022\/11\/IMG_20221011_102116_resized_20221103_064634752-200x150.jpg 200w\" sizes=\"auto, (max-width: 2560px) 100vw, 2560px\" \/><\/a><\/p>\n","protected":false},"excerpt":{"rendered":"<p>APROFITANT LA TEM\u00c0TICA DE FESTA MAJOR, JA QUE ERA FESTA MAJOR A VALLIRANA, HEM DECIDIT ANAR A VISITAT ALS CASTELLERS DE MOLINS DE REI, ELS MATOSSERS. UN COP ALL\u00c0, ENS HAN ACOLLIT AMB MOLT DE &#8220;CARINYU&#8221;, ENS HAN EXPLICAAT UN CONTE D&#8217;UN NEN QUE VOLIA SER CASTELLER I DESPR\u00c9S ENS HAN PORTAT A LA SALA [&hellip;]<\/p>\n","protected":false},"author":34,"featured_media":13182,"comment_status":"open","ping_status":"closed","sticky":false,"template":"","format":"standard","meta":{"_bbp_topic_count":0,"_bbp_reply_count":0,"_bbp_total_topic_count":0,"_bbp_total_reply_count":0,"_bbp_voice_count":0,"_bbp_anonymous_reply_count":0,"_bbp_topic_count_hidden":0,"_bbp_reply_count_hidden":0,"_bbp_forum_subforum_count":0,"site-sidebar-layout":"default","site-content-layout":"","ast-site-content-layout":"","site-content-style":"default","site-sidebar-style":"default","ast-global-header-display":"","ast-banner-title-visibility":"","ast-main-header-display":"","ast-hfb-above-header-display":"","ast-hfb-below-header-display":"","ast-hfb-mobile-header-display":"","site-post-title":"","ast-breadcrumbs-content":"","ast-featured-img":"","footer-sml-layout":"","theme-transparent-header-meta":"","adv-header-id-meta":"","stick-header-meta":"","header-above-stick-meta":"","header-main-stick-meta":"","header-below-stick-meta":"","astra-migrate-meta-layouts":"default","ast-page-background-enabled":"default","ast-page-background-meta":{"desktop":{"background-color":"var(--ast-global-color-4)","background-image":"","background-repeat":"repeat","background-position":"center center","background-size":"auto","background-attachment":"scroll","background-type":"","background-media":"","overlay-type":"","overlay-color":"","overlay-opacity":"","overlay-gradient":""},"tablet":{"background-color":"","background-image":"","background-repeat":"repeat","background-position":"center center","background-size":"auto","background-attachment":"scroll","background-type":"","background-media":"","overlay-type":"","overlay-color":"","overlay-opacity":"","overlay-gradient":""},"mobile":{"background-color":"","background-image":"","background-repeat":"repeat","background-position":"center center","background-size":"auto","background-attachment":"scroll","background-type":"","background-media":"","overlay-type":"","overlay-color":"","overlay-opacity":"","overlay-gradient":""}},"ast-content-background-meta":{"desktop":{"background-color":"var(--ast-global-color-5)","background-image":"","background-repeat":"repeat","background-position":"center center","background-size":"auto","background-attachment":"scroll","background-type":"","background-media":"","overlay-type":"","overlay-color":"","overlay-opacity":"","overlay-gradient":""},"tablet":{"background-color":"var(--ast-global-color-5)","background-image":"","background-repeat":"repeat","background-position":"center center","background-size":"auto","background-attachment":"scroll","background-type":"","background-media":"","overlay-type":"","overlay-color":"","overlay-opacity":"","overlay-gradient":""},"mobile":{"background-color":"var(--ast-global-color-5)","background-image":"","background-repeat":"repeat","background-position":"center center","background-size":"auto","background-attachment":"scroll","background-type":"","background-media":"","overlay-type":"","overlay-color":"","overlay-opacity":"","overlay-gradient":""}},"footnotes":""},"categories":[490],"tags":[511,500,506,494,489,513,514,273,503,504,16],"class_list":["post-13181","post","type-post","status-publish","format-standard","has-post-thumbnail","hentry","category-acrobates","tag-classe-de-les-papallones","tag-classe-les-papallones","tag-classe-p3","tag-curs-2022-23","tag-curs-22-23","tag-festa-major","tag-matossers","tag-p3","tag-p3-curs-2022-23","tag-p3-curs-22-23","tag-sortides"],"post_mailing_queue_ids":[],"_links":{"self":[{"href":"https:\/\/agora.xtec.cat\/ceip-laginesta-vallirana\/wp-json\/wp\/v2\/posts\/13181","targetHints":{"allow":["GET"]}}],"collection":[{"href":"https:\/\/agora.xtec.cat\/ceip-laginesta-vallirana\/wp-json\/wp\/v2\/posts"}],"about":[{"href":"https:\/\/agora.xtec.cat\/ceip-laginesta-vallirana\/wp-json\/wp\/v2\/types\/post"}],"author":[{"embeddable":true,"href":"https:\/\/agora.xtec.cat\/ceip-laginesta-vallirana\/wp-json\/wp\/v2\/users\/34"}],"replies":[{"embeddable":true,"href":"https:\/\/agora.xtec.cat\/ceip-laginesta-vallirana\/wp-json\/wp\/v2\/comments?post=13181"}],"version-history":[{"count":1,"href":"https:\/\/agora.xtec.cat\/ceip-laginesta-vallirana\/wp-json\/wp\/v2\/posts\/13181\/revisions"}],"predecessor-version":[{"id":13183,"href":"https:\/\/agora.xtec.cat\/ceip-laginesta-vallirana\/wp-json\/wp\/v2\/posts\/13181\/revisions\/13183"}],"wp:featuredmedia":[{"embeddable":true,"href":"https:\/\/agora.xtec.cat\/ceip-laginesta-vallirana\/wp-json\/wp\/v2\/media\/13182"}],"wp:attachment":[{"href":"https:\/\/agora.xtec.cat\/ceip-laginesta-vallirana\/wp-json\/wp\/v2\/media?parent=13181"}],"wp:term":[{"taxonomy":"category","embeddable":true,"href":"https:\/\/agora.xtec.cat\/ceip-laginesta-vallirana\/wp-json\/wp\/v2\/categories?post=13181"},{"taxonomy":"post_tag","embeddable":true,"href":"https:\/\/agora.xtec.cat\/ceip-laginesta-vallirana\/wp-json\/wp\/v2\/tags?post=13181"}],"curies":[{"name":"wp","href":"https:\/\/api.w.org\/{rel}","templated":true}]}}