{"id":12930,"date":"2022-10-09T18:05:54","date_gmt":"2022-10-09T16:05:54","guid":{"rendered":"https:\/\/agora.xtec.cat\/ceip-laginesta-vallirana\/?p=12930"},"modified":"2022-10-09T18:05:54","modified_gmt":"2022-10-09T16:05:54","slug":"visitem-laquarium","status":"publish","type":"post","link":"https:\/\/agora.xtec.cat\/ceip-laginesta-vallirana\/blocs\/mims\/visitem-laquarium\/","title":{"rendered":"Visitem l&#8217;Aqu\u00e0rium!"},"content":{"rendered":"<p>Dimarts passat vam anar d&#8217;excursi\u00f3 a l&#8217;Aqu\u00e0rium de Barcelona, ja que est\u00e0 relacionat amb el projectes dels peixos que estem treballant.<\/p>\n<p>All\u00e0 vam poder fer una visita de tots els vertebrats que tenen i els invertebrats. Vam veure com alimentaven els taurons. A continuaci\u00f3 vam fer un taller de classificaci\u00f3 d&#8217;animals per endevinar de quin animal era l&#8217;esquelet de l&#8217;entrada de l&#8217;Aqu\u00e0rium. Despr\u00e9s d&#8217;investigar molt, vam descobrir-ho. De quin? Haureu de preguntar als vostres peques!<\/p>\n<p>Finalment, vam dinar i vam agafar forces per visitar les parts del recinte que ens faltaven. Vam passar dues vegades pel t\u00fanel dels taurons, ja que els va agradar molt\u00edssim!<\/p>\n<p>Us animem a visitar-lo amb els vostres experts, ells i elles us explicaran totes les curiositats que van aprendre del m\u00f3n mar\u00ed.<\/p>\n<p>Sabeu de quin color tenen el p\u00e8l els ping\u00fcins de petits?<\/p>\n<p>Sabeu com diferenciar els taurons mascles de les femelles?<\/p>\n<p>Mireu les fotos i els v\u00eddeos!<\/p>\n<p><a href=\"https:\/\/drive.google.com\/drive\/folders\/1ZUuq3cny3prAUAx3z8PWHrq7w28DtbfI?usp=sharing\"><img loading=\"lazy\" decoding=\"async\" class=\"\" src=\"https:\/\/media.tacdn.com\/media\/attractions-splice-spp-674x446\/0b\/27\/59\/ff.jpg\" width=\"471\" height=\"354\" \/><\/a><\/p>\n","protected":false},"excerpt":{"rendered":"<p>Dimarts passat vam anar d&#8217;excursi\u00f3 a l&#8217;Aqu\u00e0rium de Barcelona, ja que est\u00e0 relacionat amb el projectes dels peixos que estem treballant. All\u00e0 vam poder fer una visita de tots els vertebrats que tenen i els invertebrats. Vam veure com alimentaven els taurons. A continuaci\u00f3 vam fer un taller de classificaci\u00f3 d&#8217;animals per endevinar de quin [&hellip;]<\/p>\n","protected":false},"author":20,"featured_media":0,"comment_status":"open","ping_status":"closed","sticky":false,"template":"","format":"standard","meta":{"_bbp_topic_count":0,"_bbp_reply_count":0,"_bbp_total_topic_count":0,"_bbp_total_reply_count":0,"_bbp_voice_count":0,"_bbp_anonymous_reply_count":0,"_bbp_topic_count_hidden":0,"_bbp_reply_count_hidden":0,"_bbp_forum_subforum_count":0,"site-sidebar-layout":"default","site-content-layout":"","ast-site-content-layout":"","site-content-style":"default","site-sidebar-style":"default","ast-global-header-display":"","ast-banner-title-visibility":"","ast-main-header-display":"","ast-hfb-above-header-display":"","ast-hfb-below-header-display":"","ast-hfb-mobile-header-display":"","site-post-title":"","ast-breadcrumbs-content":"","ast-featured-img":"","footer-sml-layout":"","theme-transparent-header-meta":"","adv-header-id-meta":"","stick-header-meta":"","header-above-stick-meta":"","header-main-stick-meta":"","header-below-stick-meta":"","astra-migrate-meta-layouts":"default","ast-page-background-enabled":"default","ast-page-background-meta":{"desktop":{"background-color":"var(--ast-global-color-4)","background-image":"","background-repeat":"repeat","background-position":"center center","background-size":"auto","background-attachment":"scroll","background-type":"","background-media":"","overlay-type":"","overlay-color":"","overlay-opacity":"","overlay-gradient":""},"tablet":{"background-color":"","background-image":"","background-repeat":"repeat","background-position":"center center","background-size":"auto","background-attachment":"scroll","background-type":"","background-media":"","overlay-type":"","overlay-color":"","overlay-opacity":"","overlay-gradient":""},"mobile":{"background-color":"","background-image":"","background-repeat":"repeat","background-position":"center center","background-size":"auto","background-attachment":"scroll","background-type":"","background-media":"","overlay-type":"","overlay-color":"","overlay-opacity":"","overlay-gradient":""}},"ast-content-background-meta":{"desktop":{"background-color":"var(--ast-global-color-5)","background-image":"","background-repeat":"repeat","background-position":"center center","background-size":"auto","background-attachment":"scroll","background-type":"","background-media":"","overlay-type":"","overlay-color":"","overlay-opacity":"","overlay-gradient":""},"tablet":{"background-color":"var(--ast-global-color-5)","background-image":"","background-repeat":"repeat","background-position":"center center","background-size":"auto","background-attachment":"scroll","background-type":"","background-media":"","overlay-type":"","overlay-color":"","overlay-opacity":"","overlay-gradient":""},"mobile":{"background-color":"var(--ast-global-color-5)","background-image":"","background-repeat":"repeat","background-position":"center center","background-size":"auto","background-attachment":"scroll","background-type":"","background-media":"","overlay-type":"","overlay-color":"","overlay-opacity":"","overlay-gradient":""}},"footnotes":""},"categories":[1],"tags":[299],"class_list":["post-12930","post","type-post","status-publish","format-standard","hentry","category-mims","tag-promocio-2017"],"post_mailing_queue_ids":[],"_links":{"self":[{"href":"https:\/\/agora.xtec.cat\/ceip-laginesta-vallirana\/wp-json\/wp\/v2\/posts\/12930","targetHints":{"allow":["GET"]}}],"collection":[{"href":"https:\/\/agora.xtec.cat\/ceip-laginesta-vallirana\/wp-json\/wp\/v2\/posts"}],"about":[{"href":"https:\/\/agora.xtec.cat\/ceip-laginesta-vallirana\/wp-json\/wp\/v2\/types\/post"}],"author":[{"embeddable":true,"href":"https:\/\/agora.xtec.cat\/ceip-laginesta-vallirana\/wp-json\/wp\/v2\/users\/20"}],"replies":[{"embeddable":true,"href":"https:\/\/agora.xtec.cat\/ceip-laginesta-vallirana\/wp-json\/wp\/v2\/comments?post=12930"}],"version-history":[{"count":1,"href":"https:\/\/agora.xtec.cat\/ceip-laginesta-vallirana\/wp-json\/wp\/v2\/posts\/12930\/revisions"}],"predecessor-version":[{"id":12931,"href":"https:\/\/agora.xtec.cat\/ceip-laginesta-vallirana\/wp-json\/wp\/v2\/posts\/12930\/revisions\/12931"}],"wp:attachment":[{"href":"https:\/\/agora.xtec.cat\/ceip-laginesta-vallirana\/wp-json\/wp\/v2\/media?parent=12930"}],"wp:term":[{"taxonomy":"category","embeddable":true,"href":"https:\/\/agora.xtec.cat\/ceip-laginesta-vallirana\/wp-json\/wp\/v2\/categories?post=12930"},{"taxonomy":"post_tag","embeddable":true,"href":"https:\/\/agora.xtec.cat\/ceip-laginesta-vallirana\/wp-json\/wp\/v2\/tags?post=12930"}],"curies":[{"name":"wp","href":"https:\/\/api.w.org\/{rel}","templated":true}]}}