{"id":11413,"date":"2021-10-21T21:42:13","date_gmt":"2021-10-21T19:42:13","guid":{"rendered":"https:\/\/agora.xtec.cat\/ceip-laginesta-vallirana\/?p=11413"},"modified":"2022-01-02T19:51:02","modified_gmt":"2022-01-02T18:51:02","slug":"minimon-de-tardor","status":"publish","type":"post","link":"https:\/\/agora.xtec.cat\/ceip-laginesta-vallirana\/portada\/minimon-de-tardor\/","title":{"rendered":"MINIM\u00d3N DE TARDOR"},"content":{"rendered":"<p>Una miqueta d&#8217;informaci\u00f3 abans de les fotos tan boniques que hem fet!<\/p>\n<p>Els minimons s\u00f3n representacions de mons reals o imaginaris creats a partir de peces soltes i altres elements que poden ser m\u00e9s representatius i que conviden al joc simb\u00f3lic.<br \/>\nEls Minimons poden estar creats en la seva totalitat pels infants o poden ser propostes posades en escena per un adult.<br \/>\nEls adults podem participar m\u00e9s o menys en la creaci\u00f3 de l&#8217;escena proposant la tem\u00e0tica o delimitant l&#8217;espai i materials.<\/p>\n<p style=\"text-align: left;\"><strong><span style=\"color: #800000;\">BENEFICIS DELS MINIMONS<\/span><\/strong><br \/>\nAmb els Minimons, com tamb\u00e9 amb altres propostes de joc simb\u00f2lic, treballem moltes habilitats:<br \/>\n&#8211; Imaginaci\u00f3 i creativitat<br \/>\n&#8211; Vocabulari<br \/>\n&#8211; Motricitat fina<br \/>\n&#8211; Intel\u00b7lig\u00e8ncia sensorial<br \/>\n&#8211; Paci\u00e8ncia i concentraci\u00f3<br \/>\n&#8211; Cooperaci\u00f3 (quan es treballa amb m\u00e9s nens)<br \/>\n&#8211; Resoluci\u00f3 de problemes<br \/>\n&#8211; Experimentaci\u00f3<br \/>\n&#8211; L\u00f2gica i matem\u00e0tiques.<\/p>\n<p style=\"text-align: center;\"><iframe loading=\"lazy\" src=\"https:\/\/drive.google.com\/file\/d\/16wJS_zQTmPMeqwsLp1SJlq8n8XpiX7X6\/preview\" width=\"640\" height=\"480\"><\/iframe><\/p>\n","protected":false},"excerpt":{"rendered":"<p>Una miqueta d&#8217;informaci\u00f3 abans de les fotos tan boniques que hem fet! Els minimons s\u00f3n representacions de mons reals o imaginaris creats a partir de peces soltes i altres elements que poden ser m\u00e9s representatius i que conviden al joc simb\u00f3lic. Els Minimons poden estar creats en la seva totalitat pels infants o poden ser [&hellip;]<\/p>\n","protected":false},"author":1,"featured_media":11414,"comment_status":"open","ping_status":"closed","sticky":false,"template":"","format":"standard","meta":{"_bbp_topic_count":0,"_bbp_reply_count":0,"_bbp_total_topic_count":0,"_bbp_total_reply_count":0,"_bbp_voice_count":0,"_bbp_anonymous_reply_count":0,"_bbp_topic_count_hidden":0,"_bbp_reply_count_hidden":0,"_bbp_forum_subforum_count":0,"site-sidebar-layout":"default","site-content-layout":"","ast-site-content-layout":"","site-content-style":"default","site-sidebar-style":"default","ast-global-header-display":"","ast-banner-title-visibility":"","ast-main-header-display":"","ast-hfb-above-header-display":"","ast-hfb-below-header-display":"","ast-hfb-mobile-header-display":"","site-post-title":"","ast-breadcrumbs-content":"","ast-featured-img":"","footer-sml-layout":"","theme-transparent-header-meta":"","adv-header-id-meta":"","stick-header-meta":"","header-above-stick-meta":"","header-main-stick-meta":"","header-below-stick-meta":"","astra-migrate-meta-layouts":"default","ast-page-background-enabled":"default","ast-page-background-meta":{"desktop":{"background-color":"var(--ast-global-color-4)","background-image":"","background-repeat":"repeat","background-position":"center center","background-size":"auto","background-attachment":"scroll","background-type":"","background-media":"","overlay-type":"","overlay-color":"","overlay-opacity":"","overlay-gradient":""},"tablet":{"background-color":"","background-image":"","background-repeat":"repeat","background-position":"center center","background-size":"auto","background-attachment":"scroll","background-type":"","background-media":"","overlay-type":"","overlay-color":"","overlay-opacity":"","overlay-gradient":""},"mobile":{"background-color":"","background-image":"","background-repeat":"repeat","background-position":"center center","background-size":"auto","background-attachment":"scroll","background-type":"","background-media":"","overlay-type":"","overlay-color":"","overlay-opacity":"","overlay-gradient":""}},"ast-content-background-meta":{"desktop":{"background-color":"var(--ast-global-color-5)","background-image":"","background-repeat":"repeat","background-position":"center center","background-size":"auto","background-attachment":"scroll","background-type":"","background-media":"","overlay-type":"","overlay-color":"","overlay-opacity":"","overlay-gradient":""},"tablet":{"background-color":"var(--ast-global-color-5)","background-image":"","background-repeat":"repeat","background-position":"center center","background-size":"auto","background-attachment":"scroll","background-type":"","background-media":"","overlay-type":"","overlay-color":"","overlay-opacity":"","overlay-gradient":""},"mobile":{"background-color":"var(--ast-global-color-5)","background-image":"","background-repeat":"repeat","background-position":"center center","background-size":"auto","background-attachment":"scroll","background-type":"","background-media":"","overlay-type":"","overlay-color":"","overlay-opacity":"","overlay-gradient":""}},"footnotes":""},"categories":[401,4],"tags":[402],"class_list":["post-11413","post","type-post","status-publish","format-standard","has-post-thumbnail","hentry","category-equilibristes","category-portada","tag-promocio-2021"],"post_mailing_queue_ids":[],"_links":{"self":[{"href":"https:\/\/agora.xtec.cat\/ceip-laginesta-vallirana\/wp-json\/wp\/v2\/posts\/11413","targetHints":{"allow":["GET"]}}],"collection":[{"href":"https:\/\/agora.xtec.cat\/ceip-laginesta-vallirana\/wp-json\/wp\/v2\/posts"}],"about":[{"href":"https:\/\/agora.xtec.cat\/ceip-laginesta-vallirana\/wp-json\/wp\/v2\/types\/post"}],"author":[{"embeddable":true,"href":"https:\/\/agora.xtec.cat\/ceip-laginesta-vallirana\/wp-json\/wp\/v2\/users\/1"}],"replies":[{"embeddable":true,"href":"https:\/\/agora.xtec.cat\/ceip-laginesta-vallirana\/wp-json\/wp\/v2\/comments?post=11413"}],"version-history":[{"count":3,"href":"https:\/\/agora.xtec.cat\/ceip-laginesta-vallirana\/wp-json\/wp\/v2\/posts\/11413\/revisions"}],"predecessor-version":[{"id":11927,"href":"https:\/\/agora.xtec.cat\/ceip-laginesta-vallirana\/wp-json\/wp\/v2\/posts\/11413\/revisions\/11927"}],"wp:featuredmedia":[{"embeddable":true,"href":"https:\/\/agora.xtec.cat\/ceip-laginesta-vallirana\/wp-json\/wp\/v2\/media\/11414"}],"wp:attachment":[{"href":"https:\/\/agora.xtec.cat\/ceip-laginesta-vallirana\/wp-json\/wp\/v2\/media?parent=11413"}],"wp:term":[{"taxonomy":"category","embeddable":true,"href":"https:\/\/agora.xtec.cat\/ceip-laginesta-vallirana\/wp-json\/wp\/v2\/categories?post=11413"},{"taxonomy":"post_tag","embeddable":true,"href":"https:\/\/agora.xtec.cat\/ceip-laginesta-vallirana\/wp-json\/wp\/v2\/tags?post=11413"}],"curies":[{"name":"wp","href":"https:\/\/api.w.org\/{rel}","templated":true}]}}