{"id":11403,"date":"2021-10-18T19:32:49","date_gmt":"2021-10-18T17:32:49","guid":{"rendered":"https:\/\/agora.xtec.cat\/ceip-laginesta-vallirana\/?p=11403"},"modified":"2021-10-22T13:28:39","modified_gmt":"2021-10-22T11:28:39","slug":"la-tardor-2","status":"publish","type":"post","link":"https:\/\/agora.xtec.cat\/ceip-laginesta-vallirana\/portada\/la-tardor-2\/","title":{"rendered":"LA TARDOR"},"content":{"rendered":"<p style=\"text-align: justify;\">Hola a tothom! Ja som aqu\u00ed! La classe del Jap\u00f3 ha aparegut!<\/p>\n<p style=\"text-align: justify;\">No us penseu que durant aquestes setmanes no hem treballat&#8230; tot el contrari! Hem estat tan enfeinats que no hem tingut temps de res! Per\u00f2 no us preocupeu, ara ja hem comen\u00e7at a fer cosetes divertides i us les volem ensenyar totes.<\/p>\n<p style=\"text-align: justify;\">El primer que volem compartir \u00e9s com hem estat treballant la tardor. Hem apr\u00e8s les diferents parts que tenen les fulles i hem buscat criteris per poder classificar-les. Tamb\u00e9 hem fet una manualitat molt divertida que penjarem al passad\u00eds de l&#8217;escola, per tal que la resta dels nostres companys i companyes puguin veure-la.<\/p>\n<p style=\"text-align: justify;\">Si cliqueu a la imatge podreu veure com hem estat treballant de valent!<\/p>\n<p><a href=\"https:\/\/photos.app.goo.gl\/TJ4BpzwAPR7Vf1Ap7\"><img loading=\"lazy\" decoding=\"async\" class=\"alignleft wp-image-11404 size-full\" src=\"https:\/\/agora.xtec.cat\/ceip-laginesta-vallirana\/wp-content\/uploads\/usu263\/2021\/10\/El-oton\u0303o.jpg\" alt=\"\" width=\"281\" height=\"350\" srcset=\"https:\/\/agora.xtec.cat\/ceip-laginesta-vallirana\/wp-content\/uploads\/usu263\/2021\/10\/El-oton\u0303o.jpg 281w, https:\/\/agora.xtec.cat\/ceip-laginesta-vallirana\/wp-content\/uploads\/usu263\/2021\/10\/El-oton\u0303o-241x300.jpg 241w\" sizes=\"auto, (max-width: 281px) 100vw, 281px\" \/><\/a><\/p>\n","protected":false},"excerpt":{"rendered":"<p>Hola a tothom! Ja som aqu\u00ed! La classe del Jap\u00f3 ha aparegut! No us penseu que durant aquestes setmanes no hem treballat&#8230; tot el contrari! Hem estat tan enfeinats que no hem tingut temps de res! Per\u00f2 no us preocupeu, ara ja hem comen\u00e7at a fer cosetes divertides i us les volem ensenyar totes. El [&hellip;]<\/p>\n","protected":false},"author":1,"featured_media":11404,"comment_status":"open","ping_status":"closed","sticky":false,"template":"","format":"standard","meta":{"_bbp_topic_count":0,"_bbp_reply_count":0,"_bbp_total_topic_count":0,"_bbp_total_reply_count":0,"_bbp_voice_count":0,"_bbp_anonymous_reply_count":0,"_bbp_topic_count_hidden":0,"_bbp_reply_count_hidden":0,"_bbp_forum_subforum_count":0,"site-sidebar-layout":"default","site-content-layout":"","ast-site-content-layout":"","site-content-style":"default","site-sidebar-style":"default","ast-global-header-display":"","ast-banner-title-visibility":"","ast-main-header-display":"","ast-hfb-above-header-display":"","ast-hfb-below-header-display":"","ast-hfb-mobile-header-display":"","site-post-title":"","ast-breadcrumbs-content":"","ast-featured-img":"","footer-sml-layout":"","theme-transparent-header-meta":"","adv-header-id-meta":"","stick-header-meta":"","header-above-stick-meta":"","header-main-stick-meta":"","header-below-stick-meta":"","astra-migrate-meta-layouts":"default","ast-page-background-enabled":"default","ast-page-background-meta":{"desktop":{"background-color":"var(--ast-global-color-4)","background-image":"","background-repeat":"repeat","background-position":"center center","background-size":"auto","background-attachment":"scroll","background-type":"","background-media":"","overlay-type":"","overlay-color":"","overlay-opacity":"","overlay-gradient":""},"tablet":{"background-color":"","background-image":"","background-repeat":"repeat","background-position":"center center","background-size":"auto","background-attachment":"scroll","background-type":"","background-media":"","overlay-type":"","overlay-color":"","overlay-opacity":"","overlay-gradient":""},"mobile":{"background-color":"","background-image":"","background-repeat":"repeat","background-position":"center center","background-size":"auto","background-attachment":"scroll","background-type":"","background-media":"","overlay-type":"","overlay-color":"","overlay-opacity":"","overlay-gradient":""}},"ast-content-background-meta":{"desktop":{"background-color":"var(--ast-global-color-5)","background-image":"","background-repeat":"repeat","background-position":"center center","background-size":"auto","background-attachment":"scroll","background-type":"","background-media":"","overlay-type":"","overlay-color":"","overlay-opacity":"","overlay-gradient":""},"tablet":{"background-color":"var(--ast-global-color-5)","background-image":"","background-repeat":"repeat","background-position":"center center","background-size":"auto","background-attachment":"scroll","background-type":"","background-media":"","overlay-type":"","overlay-color":"","overlay-opacity":"","overlay-gradient":""},"mobile":{"background-color":"var(--ast-global-color-5)","background-image":"","background-repeat":"repeat","background-position":"center center","background-size":"auto","background-attachment":"scroll","background-type":"","background-media":"","overlay-type":"","overlay-color":"","overlay-opacity":"","overlay-gradient":""}},"footnotes":""},"categories":[9,4],"tags":[413,275],"class_list":["post-11403","post","type-post","status-publish","format-standard","has-post-thumbnail","hentry","category-blancaneus-i-els-25-nans","category-portada","tag-3r-cur-21-22","tag-promocio-2016"],"post_mailing_queue_ids":[],"_links":{"self":[{"href":"https:\/\/agora.xtec.cat\/ceip-laginesta-vallirana\/wp-json\/wp\/v2\/posts\/11403","targetHints":{"allow":["GET"]}}],"collection":[{"href":"https:\/\/agora.xtec.cat\/ceip-laginesta-vallirana\/wp-json\/wp\/v2\/posts"}],"about":[{"href":"https:\/\/agora.xtec.cat\/ceip-laginesta-vallirana\/wp-json\/wp\/v2\/types\/post"}],"author":[{"embeddable":true,"href":"https:\/\/agora.xtec.cat\/ceip-laginesta-vallirana\/wp-json\/wp\/v2\/users\/1"}],"replies":[{"embeddable":true,"href":"https:\/\/agora.xtec.cat\/ceip-laginesta-vallirana\/wp-json\/wp\/v2\/comments?post=11403"}],"version-history":[{"count":2,"href":"https:\/\/agora.xtec.cat\/ceip-laginesta-vallirana\/wp-json\/wp\/v2\/posts\/11403\/revisions"}],"predecessor-version":[{"id":11410,"href":"https:\/\/agora.xtec.cat\/ceip-laginesta-vallirana\/wp-json\/wp\/v2\/posts\/11403\/revisions\/11410"}],"wp:featuredmedia":[{"embeddable":true,"href":"https:\/\/agora.xtec.cat\/ceip-laginesta-vallirana\/wp-json\/wp\/v2\/media\/11404"}],"wp:attachment":[{"href":"https:\/\/agora.xtec.cat\/ceip-laginesta-vallirana\/wp-json\/wp\/v2\/media?parent=11403"}],"wp:term":[{"taxonomy":"category","embeddable":true,"href":"https:\/\/agora.xtec.cat\/ceip-laginesta-vallirana\/wp-json\/wp\/v2\/categories?post=11403"},{"taxonomy":"post_tag","embeddable":true,"href":"https:\/\/agora.xtec.cat\/ceip-laginesta-vallirana\/wp-json\/wp\/v2\/tags?post=11403"}],"curies":[{"name":"wp","href":"https:\/\/api.w.org\/{rel}","templated":true}]}}