{"id":10339,"date":"2021-04-11T16:40:55","date_gmt":"2021-04-11T14:40:55","guid":{"rendered":"https:\/\/agora.xtec.cat\/ceip-laginesta-vallirana\/?p=10339"},"modified":"2021-04-20T17:56:50","modified_gmt":"2021-04-20T15:56:50","slug":"art-efimer","status":"publish","type":"post","link":"https:\/\/agora.xtec.cat\/ceip-laginesta-vallirana\/portada\/art-efimer\/","title":{"rendered":"Art ef\u00edmer"},"content":{"rendered":"<p style=\"text-align: justify;\">Aquesta setmana hem apr\u00e8s el qu\u00e8 \u00e9s l&#8217;art ef\u00edmer, un art que l&#8217;hem de gaudir el m\u00e0xim possible perqu\u00e8 quedar\u00e0 a la nostra mem\u00f2ria, amb tot el que vam sentir.<\/p>\n<p style=\"text-align: justify;\">Primer, els vam mostrar un artista que pinta graffitis sobre film transparent, aprofitant qualsevol lloc per expressar el seu art. Aquest artista rus es diu <a href=\"https:\/\/www.instagram.com\/ches_ches\/\" target=\"_blank\" rel=\"noopener noreferrer\">Evgeny Ches.\u00a0<\/a><\/p>\n<p style=\"text-align: justify;\">Despr\u00e9s d&#8217;aprofitar la motivaci\u00f3 d&#8217;expressar-se en una altra superf\u00edcie diferent a l&#8217;habitual, vam posar una m\u00fasica relaxant per tal de gaudir al m\u00e0xim de la nostra obra. El silenci era important per poder-nos concentrar i connectar amb les emocions que sent\u00edem mentre ens express\u00e0vem art\u00edsticament.<\/p>\n<p>Voleu veure la nostra classe d&#8217;art?<\/p>\n<p>Look!!!<\/p>\n<p><a href=\"https:\/\/photos.app.goo.gl\/Yq3sw274JtABCZ7M8\"><img loading=\"lazy\" decoding=\"async\" class=\"\" src=\"https:\/\/i0.wp.com\/lacriaturacreativa.com\/wp-content\/uploads\/2017\/12\/cellograffiti3-700x405.png\" alt=\"cellograffiti3\" width=\"356\" height=\"206\" \/><\/a><\/p>\n","protected":false},"excerpt":{"rendered":"<p>Aquesta setmana hem apr\u00e8s el qu\u00e8 \u00e9s l&#8217;art ef\u00edmer, un art que l&#8217;hem de gaudir el m\u00e0xim possible perqu\u00e8 quedar\u00e0 a la nostra mem\u00f2ria, amb tot el que vam sentir. Primer, els vam mostrar un artista que pinta graffitis sobre film transparent, aprofitant qualsevol lloc per expressar el seu art. Aquest artista rus es diu [&hellip;]<\/p>\n","protected":false},"author":20,"featured_media":0,"comment_status":"open","ping_status":"closed","sticky":false,"template":"","format":"standard","meta":{"_bbp_topic_count":0,"_bbp_reply_count":0,"_bbp_total_topic_count":0,"_bbp_total_reply_count":0,"_bbp_voice_count":0,"_bbp_anonymous_reply_count":0,"_bbp_topic_count_hidden":0,"_bbp_reply_count_hidden":0,"_bbp_forum_subforum_count":0,"site-sidebar-layout":"default","site-content-layout":"","ast-site-content-layout":"","site-content-style":"default","site-sidebar-style":"default","ast-global-header-display":"","ast-banner-title-visibility":"","ast-main-header-display":"","ast-hfb-above-header-display":"","ast-hfb-below-header-display":"","ast-hfb-mobile-header-display":"","site-post-title":"","ast-breadcrumbs-content":"","ast-featured-img":"","footer-sml-layout":"","theme-transparent-header-meta":"","adv-header-id-meta":"","stick-header-meta":"","header-above-stick-meta":"","header-main-stick-meta":"","header-below-stick-meta":"","astra-migrate-meta-layouts":"default","ast-page-background-enabled":"default","ast-page-background-meta":{"desktop":{"background-color":"var(--ast-global-color-4)","background-image":"","background-repeat":"repeat","background-position":"center center","background-size":"auto","background-attachment":"scroll","background-type":"","background-media":"","overlay-type":"","overlay-color":"","overlay-opacity":"","overlay-gradient":""},"tablet":{"background-color":"","background-image":"","background-repeat":"repeat","background-position":"center center","background-size":"auto","background-attachment":"scroll","background-type":"","background-media":"","overlay-type":"","overlay-color":"","overlay-opacity":"","overlay-gradient":""},"mobile":{"background-color":"","background-image":"","background-repeat":"repeat","background-position":"center center","background-size":"auto","background-attachment":"scroll","background-type":"","background-media":"","overlay-type":"","overlay-color":"","overlay-opacity":"","overlay-gradient":""}},"ast-content-background-meta":{"desktop":{"background-color":"var(--ast-global-color-5)","background-image":"","background-repeat":"repeat","background-position":"center center","background-size":"auto","background-attachment":"scroll","background-type":"","background-media":"","overlay-type":"","overlay-color":"","overlay-opacity":"","overlay-gradient":""},"tablet":{"background-color":"var(--ast-global-color-5)","background-image":"","background-repeat":"repeat","background-position":"center center","background-size":"auto","background-attachment":"scroll","background-type":"","background-media":"","overlay-type":"","overlay-color":"","overlay-opacity":"","overlay-gradient":""},"mobile":{"background-color":"var(--ast-global-color-5)","background-image":"","background-repeat":"repeat","background-position":"center center","background-size":"auto","background-attachment":"scroll","background-type":"","background-media":"","overlay-type":"","overlay-color":"","overlay-opacity":"","overlay-gradient":""}},"footnotes":""},"categories":[10,4],"tags":[286],"class_list":["post-10339","post","type-post","status-publish","format-standard","hentry","category-la-nasa","category-portada","tag-promocio-2015"],"post_mailing_queue_ids":[],"_links":{"self":[{"href":"https:\/\/agora.xtec.cat\/ceip-laginesta-vallirana\/wp-json\/wp\/v2\/posts\/10339","targetHints":{"allow":["GET"]}}],"collection":[{"href":"https:\/\/agora.xtec.cat\/ceip-laginesta-vallirana\/wp-json\/wp\/v2\/posts"}],"about":[{"href":"https:\/\/agora.xtec.cat\/ceip-laginesta-vallirana\/wp-json\/wp\/v2\/types\/post"}],"author":[{"embeddable":true,"href":"https:\/\/agora.xtec.cat\/ceip-laginesta-vallirana\/wp-json\/wp\/v2\/users\/20"}],"replies":[{"embeddable":true,"href":"https:\/\/agora.xtec.cat\/ceip-laginesta-vallirana\/wp-json\/wp\/v2\/comments?post=10339"}],"version-history":[{"count":2,"href":"https:\/\/agora.xtec.cat\/ceip-laginesta-vallirana\/wp-json\/wp\/v2\/posts\/10339\/revisions"}],"predecessor-version":[{"id":10427,"href":"https:\/\/agora.xtec.cat\/ceip-laginesta-vallirana\/wp-json\/wp\/v2\/posts\/10339\/revisions\/10427"}],"wp:attachment":[{"href":"https:\/\/agora.xtec.cat\/ceip-laginesta-vallirana\/wp-json\/wp\/v2\/media?parent=10339"}],"wp:term":[{"taxonomy":"category","embeddable":true,"href":"https:\/\/agora.xtec.cat\/ceip-laginesta-vallirana\/wp-json\/wp\/v2\/categories?post=10339"},{"taxonomy":"post_tag","embeddable":true,"href":"https:\/\/agora.xtec.cat\/ceip-laginesta-vallirana\/wp-json\/wp\/v2\/tags?post=10339"}],"curies":[{"name":"wp","href":"https:\/\/api.w.org\/{rel}","templated":true}]}}