{"id":10322,"date":"2021-03-24T23:31:40","date_gmt":"2021-03-24T22:31:40","guid":{"rendered":"https:\/\/agora.xtec.cat\/ceip-laginesta-vallirana\/?p=10322"},"modified":"2021-04-20T18:00:24","modified_gmt":"2021-04-20T16:00:24","slug":"primavera-a-lescola","status":"publish","type":"post","link":"https:\/\/agora.xtec.cat\/ceip-laginesta-vallirana\/portada\/primavera-a-lescola\/","title":{"rendered":"PRIMAVERA A L&#8217;ESCOLA I NOU PROJECTE!"},"content":{"rendered":"<h2 style=\"text-align: center;\"><span style=\"color: #008000;\">ENVOLTATS DE FLORS, SOL, PLUJA&#8230; AIX\u00d2 VOL DIR QUE LA PRIMAVERA \u00c9S AQU\u00cd!<\/span><\/h2>\n<h5 style=\"text-align: center;\"><span style=\"color: #ff00ff;\">HEM OBSERVAT ELS ARBRES DEL PATI, LA NATURA \u00c9S\u00a0INCRE\u00cfBLE&#8230; ELS\u00a0ARBRES ROSES ENS ENCANTEN AL PATI TENIM DOS&#8230;<\/span><\/h5>\n<p style=\"text-align: center;\">FES CLIC A LA IMATGE<\/p>\n<p><a href=\"https:\/\/photos.app.goo.gl\/GeBVkmdRY45auLkZ8\"><img loading=\"lazy\" decoding=\"async\" class=\"wp-image-10323 aligncenter\" src=\"https:\/\/agora.xtec.cat\/ceip-laginesta-vallirana\/wp-content\/uploads\/usu263\/2021\/04\/IMG_20210317_110126.jpg\" alt=\"\" width=\"1058\" height=\"793\" srcset=\"https:\/\/agora.xtec.cat\/ceip-laginesta-vallirana\/wp-content\/uploads\/usu263\/2021\/04\/IMG_20210317_110126.jpg 1632w, https:\/\/agora.xtec.cat\/ceip-laginesta-vallirana\/wp-content\/uploads\/usu263\/2021\/04\/IMG_20210317_110126-300x225.jpg 300w, https:\/\/agora.xtec.cat\/ceip-laginesta-vallirana\/wp-content\/uploads\/usu263\/2021\/04\/IMG_20210317_110126-768x576.jpg 768w, https:\/\/agora.xtec.cat\/ceip-laginesta-vallirana\/wp-content\/uploads\/usu263\/2021\/04\/IMG_20210317_110126-1024x768.jpg 1024w, https:\/\/agora.xtec.cat\/ceip-laginesta-vallirana\/wp-content\/uploads\/usu263\/2021\/04\/IMG_20210317_110126-200x150.jpg 200w\" sizes=\"auto, (max-width: 1058px) 100vw, 1058px\" \/><\/a><\/p>\n<p style=\"text-align: justify;\">OBSERVANT&#8230; HEM VIST ABELLES VOLANT I BUSCANT <span class=\"hiddenSpellError\">POL\u00b7LEN<\/span>\u00a0A LES FLORETES&#8230; AIX\u00d2\u00a0HA CREAT MOLTA CURIOSITAT I UNA\u00a0GRAN\u00a0EMOCI\u00d3 PER AQUEST MOTIU L&#8217;\u00daLTIM\u00a0TRIMESTRE\u00a0TREBALLAREM&#8230;<\/p>\n<h1 style=\"text-align: center;\"><span style=\"color: #ff9900;\"><img loading=\"lazy\" decoding=\"async\" class=\"wp-image-10330 aligncenter\" src=\"https:\/\/agora.xtec.cat\/ceip-laginesta-vallirana\/wp-content\/uploads\/usu263\/2021\/04\/les-abelles-1-728.jpg\" alt=\"\" width=\"612\" height=\"460\" srcset=\"https:\/\/agora.xtec.cat\/ceip-laginesta-vallirana\/wp-content\/uploads\/usu263\/2021\/04\/les-abelles-1-728.jpg 728w, https:\/\/agora.xtec.cat\/ceip-laginesta-vallirana\/wp-content\/uploads\/usu263\/2021\/04\/les-abelles-1-728-300x225.jpg 300w, https:\/\/agora.xtec.cat\/ceip-laginesta-vallirana\/wp-content\/uploads\/usu263\/2021\/04\/les-abelles-1-728-200x150.jpg 200w\" sizes=\"auto, (max-width: 612px) 100vw, 612px\" \/><\/span><\/h1>\n<p>&nbsp;<\/p>\n<p>&nbsp;<\/p>\n<p>&nbsp;<\/p>\n<p>&nbsp;<\/p>\n<p>&nbsp;<\/p>\n<p>&nbsp;<\/p>\n<p>&nbsp;<\/p>\n<p>&nbsp;<\/p>\n<p>&nbsp;<\/p>\n<p>&nbsp;<\/p>\n<p>&nbsp;<\/p>\n<p>&nbsp;<\/p>\n<p>&nbsp;<\/p>\n<p>&nbsp;<\/p>\n<p>&nbsp;<\/p>\n<p>&nbsp;<\/p>\n<p>&nbsp;<\/p>\n<p>&nbsp;<\/p>\n<p>&nbsp;<\/p>\n<p style=\"text-align: center;\">\n","protected":false},"excerpt":{"rendered":"<p>ENVOLTATS DE FLORS, SOL, PLUJA&#8230; AIX\u00d2 VOL DIR QUE LA PRIMAVERA \u00c9S AQU\u00cd! HEM OBSERVAT ELS ARBRES DEL PATI, LA NATURA \u00c9S\u00a0INCRE\u00cfBLE&#8230; ELS\u00a0ARBRES ROSES ENS ENCANTEN AL PATI TENIM DOS&#8230; FES CLIC A LA IMATGE OBSERVANT&#8230; HEM VIST ABELLES VOLANT I BUSCANT POL\u00b7LEN\u00a0A LES FLORETES&#8230; AIX\u00d2\u00a0HA CREAT MOLTA CURIOSITAT I UNA\u00a0GRAN\u00a0EMOCI\u00d3 PER AQUEST MOTIU L&#8217;\u00daLTIM\u00a0TRIMESTRE\u00a0TREBALLAREM&#8230; [&hellip;]<\/p>\n","protected":false},"author":1,"featured_media":10323,"comment_status":"open","ping_status":"closed","sticky":false,"template":"","format":"standard","meta":{"_bbp_topic_count":0,"_bbp_reply_count":0,"_bbp_total_topic_count":0,"_bbp_total_reply_count":0,"_bbp_voice_count":0,"_bbp_anonymous_reply_count":0,"_bbp_topic_count_hidden":0,"_bbp_reply_count_hidden":0,"_bbp_forum_subforum_count":0,"site-sidebar-layout":"default","site-content-layout":"","ast-site-content-layout":"","site-content-style":"default","site-sidebar-style":"default","ast-global-header-display":"","ast-banner-title-visibility":"","ast-main-header-display":"","ast-hfb-above-header-display":"","ast-hfb-below-header-display":"","ast-hfb-mobile-header-display":"","site-post-title":"","ast-breadcrumbs-content":"","ast-featured-img":"","footer-sml-layout":"","theme-transparent-header-meta":"","adv-header-id-meta":"","stick-header-meta":"","header-above-stick-meta":"","header-main-stick-meta":"","header-below-stick-meta":"","astra-migrate-meta-layouts":"default","ast-page-background-enabled":"default","ast-page-background-meta":{"desktop":{"background-color":"var(--ast-global-color-4)","background-image":"","background-repeat":"repeat","background-position":"center center","background-size":"auto","background-attachment":"scroll","background-type":"","background-media":"","overlay-type":"","overlay-color":"","overlay-opacity":"","overlay-gradient":""},"tablet":{"background-color":"","background-image":"","background-repeat":"repeat","background-position":"center center","background-size":"auto","background-attachment":"scroll","background-type":"","background-media":"","overlay-type":"","overlay-color":"","overlay-opacity":"","overlay-gradient":""},"mobile":{"background-color":"","background-image":"","background-repeat":"repeat","background-position":"center center","background-size":"auto","background-attachment":"scroll","background-type":"","background-media":"","overlay-type":"","overlay-color":"","overlay-opacity":"","overlay-gradient":""}},"ast-content-background-meta":{"desktop":{"background-color":"var(--ast-global-color-5)","background-image":"","background-repeat":"repeat","background-position":"center center","background-size":"auto","background-attachment":"scroll","background-type":"","background-media":"","overlay-type":"","overlay-color":"","overlay-opacity":"","overlay-gradient":""},"tablet":{"background-color":"var(--ast-global-color-5)","background-image":"","background-repeat":"repeat","background-position":"center center","background-size":"auto","background-attachment":"scroll","background-type":"","background-media":"","overlay-type":"","overlay-color":"","overlay-opacity":"","overlay-gradient":""},"mobile":{"background-color":"var(--ast-global-color-5)","background-image":"","background-repeat":"repeat","background-position":"center center","background-size":"auto","background-attachment":"scroll","background-type":"","background-media":"","overlay-type":"","overlay-color":"","overlay-opacity":"","overlay-gradient":""}},"footnotes":""},"categories":[278,4],"tags":[314],"class_list":["post-10322","post","type-post","status-publish","format-standard","has-post-thumbnail","hentry","category-pallassos-es","category-portada","tag-promocio-2019"],"post_mailing_queue_ids":[],"_links":{"self":[{"href":"https:\/\/agora.xtec.cat\/ceip-laginesta-vallirana\/wp-json\/wp\/v2\/posts\/10322","targetHints":{"allow":["GET"]}}],"collection":[{"href":"https:\/\/agora.xtec.cat\/ceip-laginesta-vallirana\/wp-json\/wp\/v2\/posts"}],"about":[{"href":"https:\/\/agora.xtec.cat\/ceip-laginesta-vallirana\/wp-json\/wp\/v2\/types\/post"}],"author":[{"embeddable":true,"href":"https:\/\/agora.xtec.cat\/ceip-laginesta-vallirana\/wp-json\/wp\/v2\/users\/1"}],"replies":[{"embeddable":true,"href":"https:\/\/agora.xtec.cat\/ceip-laginesta-vallirana\/wp-json\/wp\/v2\/comments?post=10322"}],"version-history":[{"count":4,"href":"https:\/\/agora.xtec.cat\/ceip-laginesta-vallirana\/wp-json\/wp\/v2\/posts\/10322\/revisions"}],"predecessor-version":[{"id":10428,"href":"https:\/\/agora.xtec.cat\/ceip-laginesta-vallirana\/wp-json\/wp\/v2\/posts\/10322\/revisions\/10428"}],"wp:featuredmedia":[{"embeddable":true,"href":"https:\/\/agora.xtec.cat\/ceip-laginesta-vallirana\/wp-json\/wp\/v2\/media\/10323"}],"wp:attachment":[{"href":"https:\/\/agora.xtec.cat\/ceip-laginesta-vallirana\/wp-json\/wp\/v2\/media?parent=10322"}],"wp:term":[{"taxonomy":"category","embeddable":true,"href":"https:\/\/agora.xtec.cat\/ceip-laginesta-vallirana\/wp-json\/wp\/v2\/categories?post=10322"},{"taxonomy":"post_tag","embeddable":true,"href":"https:\/\/agora.xtec.cat\/ceip-laginesta-vallirana\/wp-json\/wp\/v2\/tags?post=10322"}],"curies":[{"name":"wp","href":"https:\/\/api.w.org\/{rel}","templated":true}]}}