{"id":844,"count":0,"description":"La nostra escola participa en el <strong>Programa de Fruita i Llet<\/strong> de la Generalitat de Catalunya, una iniciativa destinada a fomentar <strong>h\u00e0bits alimentaris saludables<\/strong> entre l\u2019alumnat. Cada setmana, els infants reben fruita fresca i llet per consumir durant el temps escolar, promovent aix\u00ed la ingesta de productes naturals i equilibrats. A m\u00e9s, un dia a la setmana celebrem el <strong>Dia de la Fruita<\/strong>, en qu\u00e8 els infants porten fruita de casa per esmorzar, afavorint la incorporaci\u00f3 de rutines saludables i la conscienciaci\u00f3 sobre els beneficis d\u2019una dieta variada i equilibrada des de la inf\u00e0ncia.","link":"https:\/\/agora.xtec.cat\/ceip-laginesta-vallirana\/categoria\/fruita-i-llet\/","name":"Programa de fruita i llet","slug":"fruita-i-llet","taxonomy":"category","parent":0,"meta":[],"_links":{"self":[{"href":"https:\/\/agora.xtec.cat\/ceip-laginesta-vallirana\/wp-json\/wp\/v2\/categories\/844","targetHints":{"allow":["GET"]}}],"collection":[{"href":"https:\/\/agora.xtec.cat\/ceip-laginesta-vallirana\/wp-json\/wp\/v2\/categories"}],"about":[{"href":"https:\/\/agora.xtec.cat\/ceip-laginesta-vallirana\/wp-json\/wp\/v2\/taxonomies\/category"}],"wp:post_type":[{"href":"https:\/\/agora.xtec.cat\/ceip-laginesta-vallirana\/wp-json\/wp\/v2\/posts?categories=844"}],"curies":[{"name":"wp","href":"https:\/\/api.w.org\/{rel}","templated":true}]}}