{"id":567,"count":4,"description":"El projecte <strong data-start=\"12\" data-end=\"47\">\u201cApadrinem el nostre patrimoni\u201d<\/strong> t\u00e9 com a objectiu apropar l\u2019alumnat al coneixement i a la valoraci\u00f3 del patrimoni cultural i hist\u00f2ric del seu entorn, fomentant el respecte, la cura i la preservaci\u00f3 dels elements patrimonials. El nostre centre hi va participar, i actualment utilitzem aquesta iniciativa com a base per <strong data-start=\"345\" data-end=\"436\">celebrar els aniversaris de la nostra geganta, la Pepeta, i del nostre capgr\u00f2s, el Cesc<\/strong>, promovent aix\u00ed la vinculaci\u00f3 de l\u2019alumnat amb les tradicions locals i el sentit de comunitat.","link":"https:\/\/agora.xtec.cat\/ceip-laginesta-vallirana\/categoria\/apadrinem\/","name":"Apadrinem","slug":"apadrinem","taxonomy":"category","parent":0,"meta":[],"_links":{"self":[{"href":"https:\/\/agora.xtec.cat\/ceip-laginesta-vallirana\/wp-json\/wp\/v2\/categories\/567","targetHints":{"allow":["GET"]}}],"collection":[{"href":"https:\/\/agora.xtec.cat\/ceip-laginesta-vallirana\/wp-json\/wp\/v2\/categories"}],"about":[{"href":"https:\/\/agora.xtec.cat\/ceip-laginesta-vallirana\/wp-json\/wp\/v2\/taxonomies\/category"}],"wp:post_type":[{"href":"https:\/\/agora.xtec.cat\/ceip-laginesta-vallirana\/wp-json\/wp\/v2\/posts?categories=567"}],"curies":[{"name":"wp","href":"https:\/\/api.w.org\/{rel}","templated":true}]}}