{"id":564,"count":13,"description":"A la nostra escola promovem un aprenentatge <strong>vivencial i actiu<\/strong> del coneixement del medi a trav\u00e9s del treball al <strong>laboratori<\/strong> o a l\u2019<strong>hort escolar<\/strong>, on l\u2019alumnat experimenta i observa directament els fen\u00f2mens naturals. Paral\u00b7lelament, es fomenta la <strong>recerca d\u2019informaci\u00f3 i creaci\u00f3 d'exposicions<\/strong>, combinant l\u2019experi\u00e8ncia pr\u00e0ctica amb la reflexi\u00f3 i l\u2019an\u00e0lisi de dades. Aquesta metodologia permet que els infants desenvolupin <strong>habilitats cient\u00edfiques, autonomia i responsabilitat<\/strong>, alhora que connecten amb l\u2019entorn proper.","link":"https:\/\/agora.xtec.cat\/ceip-laginesta-vallirana\/categoria\/vivim-la-ciencia\/","name":"Vivim la Ci\u00e8ncia!","slug":"vivim-la-ciencia","taxonomy":"category","parent":0,"meta":[],"_links":{"self":[{"href":"https:\/\/agora.xtec.cat\/ceip-laginesta-vallirana\/wp-json\/wp\/v2\/categories\/564","targetHints":{"allow":["GET"]}}],"collection":[{"href":"https:\/\/agora.xtec.cat\/ceip-laginesta-vallirana\/wp-json\/wp\/v2\/categories"}],"about":[{"href":"https:\/\/agora.xtec.cat\/ceip-laginesta-vallirana\/wp-json\/wp\/v2\/taxonomies\/category"}],"wp:post_type":[{"href":"https:\/\/agora.xtec.cat\/ceip-laginesta-vallirana\/wp-json\/wp\/v2\/posts?categories=564"}],"curies":[{"name":"wp","href":"https:\/\/api.w.org\/{rel}","templated":true}]}}