{"id":5091,"date":"2026-03-26T16:55:34","date_gmt":"2026-03-26T15:55:34","guid":{"rendered":"https:\/\/agora.xtec.cat\/ceip-la-torre\/?p=5091"},"modified":"2026-03-26T16:55:35","modified_gmt":"2026-03-26T15:55:35","slug":"segona-sessio-del-club-de-lectura-del-comic-a-cicle-superior-amb-bolivar","status":"publish","type":"post","link":"https:\/\/agora.xtec.cat\/ceip-la-torre\/portada\/segona-sessio-del-club-de-lectura-del-comic-a-cicle-superior-amb-bolivar\/","title":{"rendered":"SEGONA SESSI\u00d3 DEL CLUB DE LECTURA DEL C\u00d2MIC A CICLE SUPERIOR AMB BOL\u00cdVAR"},"content":{"rendered":"\n<div class=\"wp-block-columns is-layout-flex wp-container-core-columns-is-layout-1 wp-block-columns-is-layout-flex\">\n<div class=\"wp-block-column is-layout-flow wp-block-column-is-layout-flow\" style=\"flex-basis:66.66%\">\n<p>Avui hem dut a terme la segona sessi\u00f3 del club de lectura del c\u00f2mic de Cicle Superior, una proposta que cada trimestre ens permet descobrir nous estils de c\u00f2mic, diferents g\u00e8neres i autors.<\/p>\n\n\n\n<p>En aquesta ocasi\u00f3, ens hem endinsat en el c\u00f2mic <em>Bol\u00edvar<\/em> de Sean Rubin, una obra molt especial que combina \u00e0lbum il\u00b7lustrat i novel\u00b7la gr\u00e0fica. La hist\u00f2ria ens presenta en Bol\u00edvar, un dinosaure que viu tranquil\u00b7lament a la ciutat de Nova York sense que ning\u00fa se n\u2019adoni\u2026 excepte la Sybil, una nena curiosa que intentar\u00e0 demostrar que el seu ve\u00ed \u00e9s realment un dinosaure.<\/p>\n<\/div>\n\n\n\n<div class=\"wp-block-column is-layout-flow wp-block-column-is-layout-flow\" style=\"flex-basis:33.33%\">\n<figure class=\"wp-block-image size-full\"><a href=\"https:\/\/agora.xtec.cat\/ceip-la-torre\/wp-content\/uploads\/usu1779\/2026\/03\/PO.jpg\"><img loading=\"lazy\" decoding=\"async\" width=\"700\" height=\"700\" src=\"https:\/\/agora.xtec.cat\/ceip-la-torre\/wp-content\/uploads\/usu1779\/2026\/03\/PO.jpg\" alt=\"PORTADA DEL C\u00d2MIC BOL\u00cdVAR DE SEAN RUBIN\" class=\"wp-image-5093\" srcset=\"https:\/\/agora.xtec.cat\/ceip-la-torre\/wp-content\/uploads\/usu1779\/2026\/03\/PO.jpg 700w, https:\/\/agora.xtec.cat\/ceip-la-torre\/wp-content\/uploads\/usu1779\/2026\/03\/PO-300x300.jpg 300w, https:\/\/agora.xtec.cat\/ceip-la-torre\/wp-content\/uploads\/usu1779\/2026\/03\/PO-150x150.jpg 150w\" sizes=\"auto, (max-width: 700px) 100vw, 700px\" \/><\/a><\/figure>\n<\/div>\n<\/div>\n\n\n\n<p>Durant la sessi\u00f3, hem compartit impressions sobre la lectura, hem comentat els personatges i hem reflexionat sobre alguns dels temes que planteja la hist\u00f2ria, com ara la import\u00e0ncia de fixar-nos en all\u00f2 que ens envolta, el valor de la difer\u00e8ncia i la necessitat de ser escoltats..<\/p>\n\n\n\n<p>Ha estat una sessi\u00f3 molt enriquidora, amb molta participaci\u00f3 i ganes de compartir. L&#8217;obra del tercer trimestre ser\u00e0 l&#8217;obra Imbatible.<\/p>\n\n\n<div class=\"wp-block-image\">\n<figure class=\"aligncenter size-large\"><a href=\"https:\/\/agora.xtec.cat\/ceip-la-torre\/wp-content\/uploads\/usu1779\/2026\/03\/1774526885206-1-scaled.jpg\"><img loading=\"lazy\" decoding=\"async\" width=\"1024\" height=\"768\" src=\"https:\/\/agora.xtec.cat\/ceip-la-torre\/wp-content\/uploads\/usu1779\/2026\/03\/1774526885206-1-1024x768.jpg\" alt=\"IMATGE AMB ELS PARTICIPANTS DEL CLUB DE LECTURA DE BOL\u00cdVAR\" class=\"wp-image-5095\" srcset=\"https:\/\/agora.xtec.cat\/ceip-la-torre\/wp-content\/uploads\/usu1779\/2026\/03\/1774526885206-1-1024x768.jpg 1024w, https:\/\/agora.xtec.cat\/ceip-la-torre\/wp-content\/uploads\/usu1779\/2026\/03\/1774526885206-1-300x225.jpg 300w, https:\/\/agora.xtec.cat\/ceip-la-torre\/wp-content\/uploads\/usu1779\/2026\/03\/1774526885206-1-768x576.jpg 768w, https:\/\/agora.xtec.cat\/ceip-la-torre\/wp-content\/uploads\/usu1779\/2026\/03\/1774526885206-1-1536x1152.jpg 1536w, https:\/\/agora.xtec.cat\/ceip-la-torre\/wp-content\/uploads\/usu1779\/2026\/03\/1774526885206-1-2048x1536.jpg 2048w, https:\/\/agora.xtec.cat\/ceip-la-torre\/wp-content\/uploads\/usu1779\/2026\/03\/1774526885206-1-200x150.jpg 200w\" sizes=\"auto, (max-width: 1024px) 100vw, 1024px\" \/><\/a><\/figure><\/div>\n\n\n<p><\/p>\n","protected":false},"excerpt":{"rendered":"<p>Avui hem dut a terme la segona sessi\u00f3 del club de lectura del c\u00f2mic de Cicle Superior, una proposta que cada trimestre ens permet descobrir nous estils de c\u00f2mic, diferents g\u00e8neres i autors.<\/p>\n<p>En aquesta ocasi\u00f3, ens hem endinsat en el c\u00f2mic Bol\u00edvar de Sean Rubin,&hellip;  <a href=\"https:\/\/agora.xtec.cat\/ceip-la-torre\/portada\/segona-sessio-del-club-de-lectura-del-comic-a-cicle-superior-amb-bolivar\/\" title=\"Read SEGONA SESSI\u00d3 DEL CLUB DE LECTURA DEL C\u00d2MIC A CICLE SUPERIOR AMB BOL\u00cdVAR\">Llegeix m\u00e9s\u00bb<\/a><\/p>\n","protected":false},"author":15,"featured_media":5095,"comment_status":"open","ping_status":"open","sticky":false,"template":"","format":"standard","meta":{"_bbp_topic_count":0,"_bbp_reply_count":0,"_bbp_total_topic_count":0,"_bbp_total_reply_count":0,"_bbp_voice_count":0,"_bbp_anonymous_reply_count":0,"_bbp_topic_count_hidden":0,"_bbp_reply_count_hidden":0,"_bbp_forum_subforum_count":0,"footnotes":""},"categories":[14,15,59,4],"tags":[98,65],"class_list":["post-5091","post","type-post","status-publish","format-standard","has-post-thumbnail","hentry","category-5e","category-6e","category-biblioteca","category-portada","tag-biblioteca","tag-cicle-superior"],"post_mailing_queue_ids":[],"_links":{"self":[{"href":"https:\/\/agora.xtec.cat\/ceip-la-torre\/wp-json\/wp\/v2\/posts\/5091","targetHints":{"allow":["GET"]}}],"collection":[{"href":"https:\/\/agora.xtec.cat\/ceip-la-torre\/wp-json\/wp\/v2\/posts"}],"about":[{"href":"https:\/\/agora.xtec.cat\/ceip-la-torre\/wp-json\/wp\/v2\/types\/post"}],"author":[{"embeddable":true,"href":"https:\/\/agora.xtec.cat\/ceip-la-torre\/wp-json\/wp\/v2\/users\/15"}],"replies":[{"embeddable":true,"href":"https:\/\/agora.xtec.cat\/ceip-la-torre\/wp-json\/wp\/v2\/comments?post=5091"}],"version-history":[{"count":1,"href":"https:\/\/agora.xtec.cat\/ceip-la-torre\/wp-json\/wp\/v2\/posts\/5091\/revisions"}],"predecessor-version":[{"id":5096,"href":"https:\/\/agora.xtec.cat\/ceip-la-torre\/wp-json\/wp\/v2\/posts\/5091\/revisions\/5096"}],"wp:featuredmedia":[{"embeddable":true,"href":"https:\/\/agora.xtec.cat\/ceip-la-torre\/wp-json\/wp\/v2\/media\/5095"}],"wp:attachment":[{"href":"https:\/\/agora.xtec.cat\/ceip-la-torre\/wp-json\/wp\/v2\/media?parent=5091"}],"wp:term":[{"taxonomy":"category","embeddable":true,"href":"https:\/\/agora.xtec.cat\/ceip-la-torre\/wp-json\/wp\/v2\/categories?post=5091"},{"taxonomy":"post_tag","embeddable":true,"href":"https:\/\/agora.xtec.cat\/ceip-la-torre\/wp-json\/wp\/v2\/tags?post=5091"}],"curies":[{"name":"wp","href":"https:\/\/api.w.org\/{rel}","templated":true}]}}