{"id":8878,"date":"2026-04-27T16:25:02","date_gmt":"2026-04-27T14:25:02","guid":{"rendered":"https:\/\/agora.xtec.cat\/ceip-la-rosella-rossello\/?p=8878"},"modified":"2026-04-27T16:25:06","modified_gmt":"2026-04-27T14:25:06","slug":"dia-de-sant-jordi-2026-%f0%9f%8c%b9%f0%9f%90%89%f0%9f%93%9a","status":"publish","type":"post","link":"https:\/\/agora.xtec.cat\/ceip-la-rosella-rossello\/general\/dia-de-sant-jordi-2026-%f0%9f%8c%b9%f0%9f%90%89%f0%9f%93%9a\/","title":{"rendered":"DIA DE &#8230; SANT JORDI 2026 \ud83c\udf39\ud83d\udc09\u200b\ud83d\udcda"},"content":{"rendered":"\n<p data-start=\"35\" data-end=\"179\">Aquest any, a l\u2019escola vam celebrar la diada de Sant Jordi amb una jornada plena d\u2019activitats pensades per compartir, aprendre i gaudir plegats.<\/p>\n<p data-start=\"181\" data-end=\"517\">Al mat\u00ed, els alumnes van treballar la llegenda de Sant Jordi, i els m\u00e9s grans la van compartir amb els m\u00e9s petits, fomentant aix\u00ed l\u2019aprenentatge entre iguals. Tamb\u00e9 vam realitzar un ball conjunt de tota l\u2019escola i vam gaudir d\u2019un pati amb m\u00fasica. A m\u00e9s, hi va haver un intercanvi de llibres i un espai de fotos per immortalitzar el dia.<\/p>\n<p data-start=\"519\" data-end=\"654\">A la tarda, els infants van poder gaudir de l\u2019espectacle de titelles <em data-start=\"588\" data-end=\"610\">\u201cOn vas, Moby Dick?\u201d<\/em>, a c\u00e0rrec del Centre de Titelles de Lleida.<\/p>\n<p data-start=\"656\" data-end=\"762\" data-is-last-node=\"\" data-is-only-node=\"\">En definitiva, va ser un dia especial per celebrar la lectura, la cultura i la conviv\u00e8ncia en comunitat.<\/p>\n<p>IMATGES <a href=\"https:\/\/agora.xtec.cat\/ceip-la-rosella-rossello\/general\/fotos-sant-jordi-2\/\" target=\"_blank\" rel=\"noopener\">AQU\u00cd\u00a0<\/a><\/p>\n\n\n\n\n","protected":false},"excerpt":{"rendered":"<p>Aquest any, a l\u2019escola vam celebrar la diada de Sant Jordi amb una jornada plena d\u2019activitats pensades per compartir, aprendre i gaudir plegats. Al mat\u00ed, els alumnes van treballar la llegenda de Sant Jordi, i els m\u00e9s grans la van compartir amb els m\u00e9s petits, fomentant aix\u00ed l\u2019aprenentatge entre iguals. Tamb\u00e9 vam realitzar un ball [&hellip;]<\/p>\n","protected":false},"author":16,"featured_media":8885,"comment_status":"closed","ping_status":"open","sticky":false,"template":"","format":"standard","meta":{"_bbp_topic_count":0,"_bbp_reply_count":0,"_bbp_total_topic_count":0,"_bbp_total_reply_count":0,"_bbp_voice_count":0,"_bbp_anonymous_reply_count":0,"_bbp_topic_count_hidden":0,"_bbp_reply_count_hidden":0,"_bbp_forum_subforum_count":0,"site-sidebar-layout":"default","site-content-layout":"","ast-site-content-layout":"default","site-content-style":"default","site-sidebar-style":"default","ast-global-header-display":"","ast-banner-title-visibility":"","ast-main-header-display":"","ast-hfb-above-header-display":"","ast-hfb-below-header-display":"","ast-hfb-mobile-header-display":"","site-post-title":"","ast-breadcrumbs-content":"","ast-featured-img":"","footer-sml-layout":"","theme-transparent-header-meta":"","adv-header-id-meta":"","stick-header-meta":"","header-above-stick-meta":"","header-main-stick-meta":"","header-below-stick-meta":"","astra-migrate-meta-layouts":"set","ast-page-background-enabled":"default","ast-page-background-meta":{"desktop":{"background-color":"var(--ast-global-color-5)","background-image":"","background-repeat":"repeat","background-position":"center center","background-size":"auto","background-attachment":"scroll","background-type":"","background-media":"","overlay-type":"","overlay-color":"","overlay-opacity":"","overlay-gradient":""},"tablet":{"background-color":"","background-image":"","background-repeat":"repeat","background-position":"center center","background-size":"auto","background-attachment":"scroll","background-type":"","background-media":"","overlay-type":"","overlay-color":"","overlay-opacity":"","overlay-gradient":""},"mobile":{"background-color":"","background-image":"","background-repeat":"repeat","background-position":"center center","background-size":"auto","background-attachment":"scroll","background-type":"","background-media":"","overlay-type":"","overlay-color":"","overlay-opacity":"","overlay-gradient":""}},"ast-content-background-meta":{"desktop":{"background-color":"var(--ast-global-color-4)","background-image":"","background-repeat":"repeat","background-position":"center center","background-size":"auto","background-attachment":"scroll","background-type":"","background-media":"","overlay-type":"","overlay-color":"","overlay-opacity":"","overlay-gradient":""},"tablet":{"background-color":"var(--ast-global-color-4)","background-image":"","background-repeat":"repeat","background-position":"center center","background-size":"auto","background-attachment":"scroll","background-type":"","background-media":"","overlay-type":"","overlay-color":"","overlay-opacity":"","overlay-gradient":""},"mobile":{"background-color":"var(--ast-global-color-4)","background-image":"","background-repeat":"repeat","background-position":"center center","background-size":"auto","background-attachment":"scroll","background-type":"","background-media":"","overlay-type":"","overlay-color":"","overlay-opacity":"","overlay-gradient":""}},"footnotes":""},"categories":[1,71,4],"tags":[],"class_list":["post-8878","post","type-post","status-publish","format-standard","has-post-thumbnail","hentry","category-general","category-noticies","category-portada"],"post_mailing_queue_ids":[],"_links":{"self":[{"href":"https:\/\/agora.xtec.cat\/ceip-la-rosella-rossello\/wp-json\/wp\/v2\/posts\/8878","targetHints":{"allow":["GET"]}}],"collection":[{"href":"https:\/\/agora.xtec.cat\/ceip-la-rosella-rossello\/wp-json\/wp\/v2\/posts"}],"about":[{"href":"https:\/\/agora.xtec.cat\/ceip-la-rosella-rossello\/wp-json\/wp\/v2\/types\/post"}],"author":[{"embeddable":true,"href":"https:\/\/agora.xtec.cat\/ceip-la-rosella-rossello\/wp-json\/wp\/v2\/users\/16"}],"replies":[{"embeddable":true,"href":"https:\/\/agora.xtec.cat\/ceip-la-rosella-rossello\/wp-json\/wp\/v2\/comments?post=8878"}],"version-history":[{"count":1,"href":"https:\/\/agora.xtec.cat\/ceip-la-rosella-rossello\/wp-json\/wp\/v2\/posts\/8878\/revisions"}],"predecessor-version":[{"id":8886,"href":"https:\/\/agora.xtec.cat\/ceip-la-rosella-rossello\/wp-json\/wp\/v2\/posts\/8878\/revisions\/8886"}],"wp:featuredmedia":[{"embeddable":true,"href":"https:\/\/agora.xtec.cat\/ceip-la-rosella-rossello\/wp-json\/wp\/v2\/media\/8885"}],"wp:attachment":[{"href":"https:\/\/agora.xtec.cat\/ceip-la-rosella-rossello\/wp-json\/wp\/v2\/media?parent=8878"}],"wp:term":[{"taxonomy":"category","embeddable":true,"href":"https:\/\/agora.xtec.cat\/ceip-la-rosella-rossello\/wp-json\/wp\/v2\/categories?post=8878"},{"taxonomy":"post_tag","embeddable":true,"href":"https:\/\/agora.xtec.cat\/ceip-la-rosella-rossello\/wp-json\/wp\/v2\/tags?post=8878"}],"curies":[{"name":"wp","href":"https:\/\/api.w.org\/{rel}","templated":true}]}}