{"id":5537,"date":"2022-05-24T13:13:51","date_gmt":"2022-05-24T11:13:51","guid":{"rendered":"https:\/\/agora.xtec.cat\/ceip-la-rosella-rossello\/?p=5537"},"modified":"2022-05-24T13:13:51","modified_gmt":"2022-05-24T11:13:51","slug":"exposicio-cartell-activitat-plogging","status":"publish","type":"post","link":"https:\/\/agora.xtec.cat\/ceip-la-rosella-rossello\/general\/exposicio-cartell-activitat-plogging\/","title":{"rendered":"EXPOSICI\u00d3 CARTELL ACTIVITAT PLOGGING"},"content":{"rendered":"<p class=\"western\" align=\"center\"><span style=\"color: #000000\"><span style=\"font-family: Comic Sans MS, serif\"><span style=\"font-size: large\"><span lang=\"ca-ES\"><b>FEM PLOGGING<\/b><\/span><\/span><\/span><\/span><span style=\"font-family: Comic Sans MS, serif\"><span style=\"font-size: large\"><b>!<\/b><\/span><\/span><\/p>\n<p class=\"western\" align=\"justify\"><span style=\"color: #000000\"><span style=\"font-family: Comic Sans MS, serif\"><span style=\"font-size: large\"><span lang=\"ca-ES\"><i>Dimarts<\/i><\/span><\/span><\/span><\/span><span style=\"font-family: Comic Sans MS, serif\"><span style=\"font-size: large\"><i>, <\/i><\/span><\/span><span style=\"color: #000000\"><span style=\"font-family: Comic Sans MS, serif\"><span style=\"font-size: large\"><span lang=\"ca-ES\"><i>24<\/i><\/span><\/span><\/span><\/span><span style=\"font-family: Comic Sans MS, serif\"><span style=\"font-size: large\"><i> de maig de 2022<\/i><\/span><\/span><\/p>\n<p class=\"western\" align=\"justify\"><span style=\"font-family: Comic Sans MS, serif\"><span style=\"font-size: large\">Els\/les alumnes de 6\u00e8B de cicle superior de prim\u00e0ria <\/span><\/span><span style=\"color: #000000\"><span style=\"font-family: Comic Sans MS, serif\"><span style=\"font-size: large\"><span lang=\"ca-ES\">hem<\/span><\/span><\/span><\/span><span style=\"font-family: Comic Sans MS, serif\"><span style=\"font-size: large\"> enviat una carta formal a l\u2019alcalde de Rossell\u00f3, <\/span><\/span><span style=\"font-family: Comic Sans MS, serif\"><span style=\"font-size: large\"><i>Josep Abad Fern\u00e1ndez<\/i><\/span><\/span><span style=\"font-family: Comic Sans MS, serif\"><span style=\"font-size: large\">, per fer-li la seg\u00fcent<\/span><\/span><span style=\"font-family: Comic Sans MS, serif\"><span style=\"font-size: large\"> proposta: organitzar i realitzar una cursa de \u00abPlogging\u00bb pels carrers i camins del nostre entorn amb l\u2019ajuda dels habitants del poble. <\/span><\/span><\/p>\n<p class=\"western\" align=\"justify\"><span style=\"font-family: Comic Sans MS, serif\"><span style=\"font-size: large\">Estem molt sorpresos i contents de que aquesta activitat hagi estat acceptada i de que el regidor de l\u2019Ajuntament, <\/span><\/span><span style=\"font-family: Comic Sans MS, serif\"><span style=\"font-size: large\"><i>Joan Andreu Urbano Fern\u00e0ndez<\/i><\/span><\/span><span style=\"font-family: Comic Sans MS, serif\"><span style=\"font-size: large\"> vingu\u00e9s en persona a comunicar-nos la not\u00edcia a l\u2019escola. <\/span><\/span><\/p>\n<p class=\"western\" align=\"justify\"><span style=\"color: #000000\"><span style=\"font-family: Comic Sans MS, serif\"><span style=\"font-size: large\"><span lang=\"ca-ES\">Partint de l\u2019efecte hivernacle i de l\u2019escalfament global del planeta; els nens i les nenes han cercat informaci\u00f3, redactat, estudiat i reflexionat vers les causes, les conseq\u00fc\u00e8ncies i les possibles solucions per fer front a l\u2019actual crisi clim\u00e0tica que estem vivint i que tant ens afecta.<\/span><\/span><\/span><\/span><\/p>\n<p class=\"western\" align=\"justify\"><span style=\"color: #000000\"><span style=\"font-family: Comic Sans MS, serif\"><span style=\"font-size: large\"><span lang=\"ca-ES\">Amb l\u2019ajuda dels diferents suports digitals que ells i elles han elaborat, han realitzat diverses exposicions relacionades amb el projecte i han intentat transmetre els coneixements adquirits a la resta de l\u2019alumnat de l\u2019escola; tot proposant-los-hi la participaci\u00f3 a l\u2019activitat \u00abPlogging, <\/span><\/span><\/span><\/span><span style=\"color: #000000\"><span style=\"font-family: Comic Sans MS, serif\"><span style=\"font-size: large\"><span lang=\"ca-ES\">una iniciativa sostenible que combina exercici a l\u2019aire lliure amb la recollida de deixalles del terra.<\/span><\/span><\/span><\/span><\/p>\n","protected":false},"excerpt":{"rendered":"<p>FEM PLOGGING! Dimarts, 24 de maig de 2022 Els\/les alumnes de 6\u00e8B de cicle superior de prim\u00e0ria hem enviat una carta formal a l\u2019alcalde de Rossell\u00f3, Josep Abad Fern\u00e1ndez, per fer-li la seg\u00fcent proposta: organitzar i realitzar una cursa de \u00abPlogging\u00bb pels carrers i camins del nostre entorn amb l\u2019ajuda dels habitants del poble. Estem [&hellip;]<\/p>\n","protected":false},"author":7,"featured_media":5538,"comment_status":"closed","ping_status":"closed","sticky":false,"template":"","format":"standard","meta":{"_bbp_topic_count":0,"_bbp_reply_count":0,"_bbp_total_topic_count":0,"_bbp_total_reply_count":0,"_bbp_voice_count":0,"_bbp_anonymous_reply_count":0,"_bbp_topic_count_hidden":0,"_bbp_reply_count_hidden":0,"_bbp_forum_subforum_count":0,"site-sidebar-layout":"default","site-content-layout":"","ast-site-content-layout":"","site-content-style":"default","site-sidebar-style":"default","ast-global-header-display":"","ast-banner-title-visibility":"","ast-main-header-display":"","ast-hfb-above-header-display":"","ast-hfb-below-header-display":"","ast-hfb-mobile-header-display":"","site-post-title":"","ast-breadcrumbs-content":"","ast-featured-img":"","footer-sml-layout":"","theme-transparent-header-meta":"","adv-header-id-meta":"","stick-header-meta":"","header-above-stick-meta":"","header-main-stick-meta":"","header-below-stick-meta":"","astra-migrate-meta-layouts":"default","ast-page-background-enabled":"default","ast-page-background-meta":{"desktop":{"background-color":"var(--ast-global-color-5)","background-image":"","background-repeat":"repeat","background-position":"center center","background-size":"auto","background-attachment":"scroll","background-type":"","background-media":"","overlay-type":"","overlay-color":"","overlay-opacity":"","overlay-gradient":""},"tablet":{"background-color":"","background-image":"","background-repeat":"repeat","background-position":"center center","background-size":"auto","background-attachment":"scroll","background-type":"","background-media":"","overlay-type":"","overlay-color":"","overlay-opacity":"","overlay-gradient":""},"mobile":{"background-color":"","background-image":"","background-repeat":"repeat","background-position":"center center","background-size":"auto","background-attachment":"scroll","background-type":"","background-media":"","overlay-type":"","overlay-color":"","overlay-opacity":"","overlay-gradient":""}},"ast-content-background-meta":{"desktop":{"background-color":"var(--ast-global-color-4)","background-image":"","background-repeat":"repeat","background-position":"center center","background-size":"auto","background-attachment":"scroll","background-type":"","background-media":"","overlay-type":"","overlay-color":"","overlay-opacity":"","overlay-gradient":""},"tablet":{"background-color":"var(--ast-global-color-4)","background-image":"","background-repeat":"repeat","background-position":"center center","background-size":"auto","background-attachment":"scroll","background-type":"","background-media":"","overlay-type":"","overlay-color":"","overlay-opacity":"","overlay-gradient":""},"mobile":{"background-color":"var(--ast-global-color-4)","background-image":"","background-repeat":"repeat","background-position":"center center","background-size":"auto","background-attachment":"scroll","background-type":"","background-media":"","overlay-type":"","overlay-color":"","overlay-opacity":"","overlay-gradient":""}},"footnotes":""},"categories":[15,1,71,4,5],"tags":[],"class_list":["post-5537","post","type-post","status-publish","format-standard","has-post-thumbnail","hentry","category-6e","category-general","category-noticies","category-portada","category-primaria"],"post_mailing_queue_ids":[],"_links":{"self":[{"href":"https:\/\/agora.xtec.cat\/ceip-la-rosella-rossello\/wp-json\/wp\/v2\/posts\/5537","targetHints":{"allow":["GET"]}}],"collection":[{"href":"https:\/\/agora.xtec.cat\/ceip-la-rosella-rossello\/wp-json\/wp\/v2\/posts"}],"about":[{"href":"https:\/\/agora.xtec.cat\/ceip-la-rosella-rossello\/wp-json\/wp\/v2\/types\/post"}],"author":[{"embeddable":true,"href":"https:\/\/agora.xtec.cat\/ceip-la-rosella-rossello\/wp-json\/wp\/v2\/users\/7"}],"replies":[{"embeddable":true,"href":"https:\/\/agora.xtec.cat\/ceip-la-rosella-rossello\/wp-json\/wp\/v2\/comments?post=5537"}],"version-history":[{"count":1,"href":"https:\/\/agora.xtec.cat\/ceip-la-rosella-rossello\/wp-json\/wp\/v2\/posts\/5537\/revisions"}],"predecessor-version":[{"id":5539,"href":"https:\/\/agora.xtec.cat\/ceip-la-rosella-rossello\/wp-json\/wp\/v2\/posts\/5537\/revisions\/5539"}],"wp:featuredmedia":[{"embeddable":true,"href":"https:\/\/agora.xtec.cat\/ceip-la-rosella-rossello\/wp-json\/wp\/v2\/media\/5538"}],"wp:attachment":[{"href":"https:\/\/agora.xtec.cat\/ceip-la-rosella-rossello\/wp-json\/wp\/v2\/media?parent=5537"}],"wp:term":[{"taxonomy":"category","embeddable":true,"href":"https:\/\/agora.xtec.cat\/ceip-la-rosella-rossello\/wp-json\/wp\/v2\/categories?post=5537"},{"taxonomy":"post_tag","embeddable":true,"href":"https:\/\/agora.xtec.cat\/ceip-la-rosella-rossello\/wp-json\/wp\/v2\/tags?post=5537"}],"curies":[{"name":"wp","href":"https:\/\/api.w.org\/{rel}","templated":true}]}}