{"id":5518,"date":"2022-05-18T23:40:37","date_gmt":"2022-05-18T21:40:37","guid":{"rendered":"https:\/\/agora.xtec.cat\/ceip-la-rosella-rossello\/?p=5518"},"modified":"2022-05-18T23:44:46","modified_gmt":"2022-05-18T21:44:46","slug":"lluitem-contra-el-canvi-climatic","status":"publish","type":"post","link":"https:\/\/agora.xtec.cat\/ceip-la-rosella-rossello\/general\/lluitem-contra-el-canvi-climatic\/","title":{"rendered":"LLUITEM CONTRA EL CANVI CLIM\u00c0TIC!"},"content":{"rendered":"<p class=\"western\" align=\"justify\"><span style=\"font-family: Comic Sans MS, serif\"><span style=\"font-size: large\"><i>D<\/i><\/span><\/span><span style=\"color: #000000\"><span style=\"font-family: Comic Sans MS, serif\"><span style=\"font-size: large\"><span lang=\"ca-ES\"><i>imecres, 18 de maig de 2022<\/i><\/span><\/span><\/span><\/span><\/p>\n<p class=\"western\" align=\"justify\"><span style=\"font-family: Comic Sans MS, serif\"><span style=\"font-size: large\">Els\/<\/span><\/span><span style=\"font-family: Comic Sans MS, serif\"><span style=\"font-size: large\">les<\/span><\/span><span style=\"font-family: Comic Sans MS, serif\"><span style=\"font-size: large\"> alumnes de 6\u00e8<\/span><\/span><span style=\"font-family: Comic Sans MS, serif\"><span style=\"font-size: large\">B<\/span><\/span><span style=\"font-family: Comic Sans MS, serif\"><span style=\"font-size: large\"> de cicle superior de prim\u00e0ria <\/span><\/span><span style=\"color: #000000\"><span style=\"font-family: Comic Sans MS, serif\"><span style=\"font-size: large\"><span lang=\"ca-ES\">han realitzat <\/span><\/span><\/span><\/span><span style=\"color: #000000\"><span style=\"font-family: Comic Sans MS, serif\"><span style=\"font-size: large\"><span lang=\"ca-ES\">diverses<\/span><\/span><\/span><\/span><span style=\"color: #000000\"><span style=\"font-family: Comic Sans MS, serif\"><span style=\"font-size: large\"><span lang=\"ca-ES\"> exposicions del projecte. <\/span><\/span><\/span><\/span><\/p>\n<p class=\"western\" align=\"justify\"><span style=\"color: #000000\"><span style=\"font-family: Comic Sans MS, serif\"><span style=\"font-size: large\"><span lang=\"ca-ES\">Partint de l\u2019efecte hivernacle i <\/span><\/span><\/span><\/span><span style=\"color: #000000\"><span style=\"font-family: Comic Sans MS, serif\"><span style=\"font-size: large\"><span lang=\"ca-ES\">de <\/span><\/span><\/span><\/span><span style=\"color: #000000\"><span style=\"font-family: Comic Sans MS, serif\"><span style=\"font-size: large\"><span lang=\"ca-ES\">l\u2019escalfament global del planeta; han cercat informaci\u00f3, redactat, estudiat i reflexionat vers les causes, les conseq\u00fc\u00e8ncies i les possibles solucions per fer front a <\/span><\/span><\/span><\/span><span style=\"color: #000000\"><span style=\"font-family: Comic Sans MS, serif\"><span style=\"font-size: large\"><span lang=\"ca-ES\">l\u2019actual<\/span><\/span><\/span><\/span><span style=\"color: #000000\"><span style=\"font-family: Comic Sans MS, serif\"><span style=\"font-size: large\"><span lang=\"ca-ES\"> crisi clim\u00e0tica que estem vivint <\/span><\/span><\/span><\/span><span style=\"color: #000000\"><span style=\"font-family: Comic Sans MS, serif\"><span style=\"font-size: large\"><span lang=\"ca-ES\">i que tant ens afecta<\/span><\/span><\/span><\/span><span style=\"color: #000000\"><span style=\"font-family: Comic Sans MS, serif\"><span style=\"font-size: large\"><span lang=\"ca-ES\">.<\/span><\/span><\/span><\/span><\/p>\n<p class=\"western\" align=\"justify\"><span style=\"color: #000000\"><span style=\"font-family: Comic Sans MS, serif\"><span style=\"font-size: large\"><span lang=\"ca-ES\">A<\/span><\/span><\/span><\/span><span style=\"color: #000000\"><span style=\"font-family: Comic Sans MS, serif\"><span style=\"font-size: large\"><span lang=\"ca-ES\">mb l\u2019ajuda dels diferents suports digitals que ells i elles han elaborat, han intentat transmetre els coneixements adquirits a la resta dels companys de l\u2019aula. Aquests \u00faltims havien de fer aportacions enriquidores i cr\u00edtiques constructives amb l\u2019objectiu d\u2019aprendre i millorar junts en aquestes din\u00e0miques d\u2019orat\u00f2ria i prendre consci\u00e8ncia en la cura del medi ambient. <\/span><\/span><\/span><\/span><\/p>\n","protected":false},"excerpt":{"rendered":"<p>Dimecres, 18 de maig de 2022 Els\/les alumnes de 6\u00e8B de cicle superior de prim\u00e0ria han realitzat diverses exposicions del projecte. Partint de l\u2019efecte hivernacle i de l\u2019escalfament global del planeta; han cercat informaci\u00f3, redactat, estudiat i reflexionat vers les causes, les conseq\u00fc\u00e8ncies i les possibles solucions per fer front a l\u2019actual crisi clim\u00e0tica que [&hellip;]<\/p>\n","protected":false},"author":7,"featured_media":5519,"comment_status":"closed","ping_status":"closed","sticky":false,"template":"","format":"standard","meta":{"_bbp_topic_count":0,"_bbp_reply_count":0,"_bbp_total_topic_count":0,"_bbp_total_reply_count":0,"_bbp_voice_count":0,"_bbp_anonymous_reply_count":0,"_bbp_topic_count_hidden":0,"_bbp_reply_count_hidden":0,"_bbp_forum_subforum_count":0,"site-sidebar-layout":"default","site-content-layout":"","ast-site-content-layout":"","site-content-style":"default","site-sidebar-style":"default","ast-global-header-display":"","ast-banner-title-visibility":"","ast-main-header-display":"","ast-hfb-above-header-display":"","ast-hfb-below-header-display":"","ast-hfb-mobile-header-display":"","site-post-title":"","ast-breadcrumbs-content":"","ast-featured-img":"","footer-sml-layout":"","theme-transparent-header-meta":"","adv-header-id-meta":"","stick-header-meta":"","header-above-stick-meta":"","header-main-stick-meta":"","header-below-stick-meta":"","astra-migrate-meta-layouts":"default","ast-page-background-enabled":"default","ast-page-background-meta":{"desktop":{"background-color":"var(--ast-global-color-5)","background-image":"","background-repeat":"repeat","background-position":"center center","background-size":"auto","background-attachment":"scroll","background-type":"","background-media":"","overlay-type":"","overlay-color":"","overlay-opacity":"","overlay-gradient":""},"tablet":{"background-color":"","background-image":"","background-repeat":"repeat","background-position":"center center","background-size":"auto","background-attachment":"scroll","background-type":"","background-media":"","overlay-type":"","overlay-color":"","overlay-opacity":"","overlay-gradient":""},"mobile":{"background-color":"","background-image":"","background-repeat":"repeat","background-position":"center center","background-size":"auto","background-attachment":"scroll","background-type":"","background-media":"","overlay-type":"","overlay-color":"","overlay-opacity":"","overlay-gradient":""}},"ast-content-background-meta":{"desktop":{"background-color":"var(--ast-global-color-4)","background-image":"","background-repeat":"repeat","background-position":"center center","background-size":"auto","background-attachment":"scroll","background-type":"","background-media":"","overlay-type":"","overlay-color":"","overlay-opacity":"","overlay-gradient":""},"tablet":{"background-color":"var(--ast-global-color-4)","background-image":"","background-repeat":"repeat","background-position":"center center","background-size":"auto","background-attachment":"scroll","background-type":"","background-media":"","overlay-type":"","overlay-color":"","overlay-opacity":"","overlay-gradient":""},"mobile":{"background-color":"var(--ast-global-color-4)","background-image":"","background-repeat":"repeat","background-position":"center center","background-size":"auto","background-attachment":"scroll","background-type":"","background-media":"","overlay-type":"","overlay-color":"","overlay-opacity":"","overlay-gradient":""}},"footnotes":""},"categories":[15,1,71,4,5],"tags":[],"class_list":["post-5518","post","type-post","status-publish","format-standard","has-post-thumbnail","hentry","category-6e","category-general","category-noticies","category-portada","category-primaria"],"post_mailing_queue_ids":[],"_links":{"self":[{"href":"https:\/\/agora.xtec.cat\/ceip-la-rosella-rossello\/wp-json\/wp\/v2\/posts\/5518","targetHints":{"allow":["GET"]}}],"collection":[{"href":"https:\/\/agora.xtec.cat\/ceip-la-rosella-rossello\/wp-json\/wp\/v2\/posts"}],"about":[{"href":"https:\/\/agora.xtec.cat\/ceip-la-rosella-rossello\/wp-json\/wp\/v2\/types\/post"}],"author":[{"embeddable":true,"href":"https:\/\/agora.xtec.cat\/ceip-la-rosella-rossello\/wp-json\/wp\/v2\/users\/7"}],"replies":[{"embeddable":true,"href":"https:\/\/agora.xtec.cat\/ceip-la-rosella-rossello\/wp-json\/wp\/v2\/comments?post=5518"}],"version-history":[{"count":2,"href":"https:\/\/agora.xtec.cat\/ceip-la-rosella-rossello\/wp-json\/wp\/v2\/posts\/5518\/revisions"}],"predecessor-version":[{"id":5523,"href":"https:\/\/agora.xtec.cat\/ceip-la-rosella-rossello\/wp-json\/wp\/v2\/posts\/5518\/revisions\/5523"}],"wp:featuredmedia":[{"embeddable":true,"href":"https:\/\/agora.xtec.cat\/ceip-la-rosella-rossello\/wp-json\/wp\/v2\/media\/5519"}],"wp:attachment":[{"href":"https:\/\/agora.xtec.cat\/ceip-la-rosella-rossello\/wp-json\/wp\/v2\/media?parent=5518"}],"wp:term":[{"taxonomy":"category","embeddable":true,"href":"https:\/\/agora.xtec.cat\/ceip-la-rosella-rossello\/wp-json\/wp\/v2\/categories?post=5518"},{"taxonomy":"post_tag","embeddable":true,"href":"https:\/\/agora.xtec.cat\/ceip-la-rosella-rossello\/wp-json\/wp\/v2\/tags?post=5518"}],"curies":[{"name":"wp","href":"https:\/\/api.w.org\/{rel}","templated":true}]}}