{"id":3842,"date":"2021-03-17T17:43:49","date_gmt":"2021-03-17T16:43:49","guid":{"rendered":"http:\/\/agora.xtec.cat\/ceip-la-rosella-rossello\/?p=3842"},"modified":"2021-03-17T17:43:49","modified_gmt":"2021-03-17T16:43:49","slug":"que-forma-part-duna-galaxia","status":"publish","type":"post","link":"https:\/\/agora.xtec.cat\/ceip-la-rosella-rossello\/primaria\/6e\/que-forma-part-duna-galaxia\/","title":{"rendered":"QU\u00c8 FORMA PART D&#8217;UNA GAL\u00c0XIA?"},"content":{"rendered":"<p>Aquest segon trimestre, els alumnes de 6\u00e8 B hem iniciat un projecte nou. Aquest, va sorgir de la pregunta: <strong><em>Qu\u00e8 forma part d&#8217;una Gal\u00e0xia?<\/em><\/strong> Ara el nostre projecte est\u00e0 encaminat a descobrir qu\u00e8 hi ha m\u00e9s enll\u00e0 dels estels.<\/p>\n<p>Estem aprenent moltes coses interessants. Entre elles, hem apr\u00e8s que <strong>la Via L\u00e0ctia<\/strong> (\u00e9s el nom que t\u00e9 la nostra Gal\u00e0xia) la van descobrir els Romans i la van anomenar cam\u00ed de llet perqu\u00e8 van veure una taca blanca al cel. Els Romans tamb\u00e9 van descobrir els <strong>planetes<\/strong> i els hi van ficar els noms dels\u00a0d\u00e9us.<\/p>\n<p>Fa unes setmanes, a les\u00a0not\u00edcies\u00a0<span class=\"hiddenGrammarError\" style=\"padding-bottom: 2px;background-image: url('..\/..\/..\/..\/..\/images\/squiggle.png');cursor: default;color: #666666;font-family: 'Open Sans', Helvetica, Arial, sans-serif;font-size: 16px;font-style: normal;font-weight: 300;letter-spacing: normal;text-align: start;text-indent: 0px;text-transform: none\">vam<\/span>\u00a0sentir que\u00a0hem arribat a Mart. En una de les sessions vam buscar informaci\u00f3 sobre el <strong>Perseverance<\/strong>, el robot que la N.A.S.A. va enviar a Mart per saber si hi ha vida i si\u00a0podria\u00a0viure. Estem intrigats per saber que descobriran.<\/p>\n<p>A partir d&#8217;un article\u00a0d&#8217;una revista cient\u00edfica, vam descobrir que tots som pols d&#8217;estrella. <strong>Ens ajudeu a descobrir qu\u00e8 vol dir aix\u00f2?<\/strong><\/p>\n","protected":false},"excerpt":{"rendered":"<p>Aquest segon trimestre, els alumnes de 6\u00e8 B hem iniciat un projecte nou. Aquest, va sorgir de la pregunta: Qu\u00e8 forma part d&#8217;una Gal\u00e0xia? Ara el nostre projecte est\u00e0 encaminat a descobrir qu\u00e8 hi ha m\u00e9s enll\u00e0 dels estels. Estem aprenent moltes coses interessants. Entre elles, hem apr\u00e8s que la Via L\u00e0ctia (\u00e9s el nom [&hellip;]<\/p>\n","protected":false},"author":7,"featured_media":3844,"comment_status":"open","ping_status":"closed","sticky":false,"template":"","format":"standard","meta":{"_bbp_topic_count":0,"_bbp_reply_count":0,"_bbp_total_topic_count":0,"_bbp_total_reply_count":0,"_bbp_voice_count":0,"_bbp_anonymous_reply_count":0,"_bbp_topic_count_hidden":0,"_bbp_reply_count_hidden":0,"_bbp_forum_subforum_count":0,"site-sidebar-layout":"default","site-content-layout":"","ast-site-content-layout":"","site-content-style":"default","site-sidebar-style":"default","ast-global-header-display":"","ast-banner-title-visibility":"","ast-main-header-display":"","ast-hfb-above-header-display":"","ast-hfb-below-header-display":"","ast-hfb-mobile-header-display":"","site-post-title":"","ast-breadcrumbs-content":"","ast-featured-img":"","footer-sml-layout":"","theme-transparent-header-meta":"","adv-header-id-meta":"","stick-header-meta":"","header-above-stick-meta":"","header-main-stick-meta":"","header-below-stick-meta":"","astra-migrate-meta-layouts":"default","ast-page-background-enabled":"default","ast-page-background-meta":{"desktop":{"background-color":"var(--ast-global-color-5)","background-image":"","background-repeat":"repeat","background-position":"center center","background-size":"auto","background-attachment":"scroll","background-type":"","background-media":"","overlay-type":"","overlay-color":"","overlay-opacity":"","overlay-gradient":""},"tablet":{"background-color":"","background-image":"","background-repeat":"repeat","background-position":"center center","background-size":"auto","background-attachment":"scroll","background-type":"","background-media":"","overlay-type":"","overlay-color":"","overlay-opacity":"","overlay-gradient":""},"mobile":{"background-color":"","background-image":"","background-repeat":"repeat","background-position":"center center","background-size":"auto","background-attachment":"scroll","background-type":"","background-media":"","overlay-type":"","overlay-color":"","overlay-opacity":"","overlay-gradient":""}},"ast-content-background-meta":{"desktop":{"background-color":"var(--ast-global-color-4)","background-image":"","background-repeat":"repeat","background-position":"center center","background-size":"auto","background-attachment":"scroll","background-type":"","background-media":"","overlay-type":"","overlay-color":"","overlay-opacity":"","overlay-gradient":""},"tablet":{"background-color":"var(--ast-global-color-4)","background-image":"","background-repeat":"repeat","background-position":"center center","background-size":"auto","background-attachment":"scroll","background-type":"","background-media":"","overlay-type":"","overlay-color":"","overlay-opacity":"","overlay-gradient":""},"mobile":{"background-color":"var(--ast-global-color-4)","background-image":"","background-repeat":"repeat","background-position":"center center","background-size":"auto","background-attachment":"scroll","background-type":"","background-media":"","overlay-type":"","overlay-color":"","overlay-opacity":"","overlay-gradient":""}},"footnotes":""},"categories":[15],"tags":[],"class_list":["post-3842","post","type-post","status-publish","format-standard","has-post-thumbnail","hentry","category-6e"],"post_mailing_queue_ids":[],"_links":{"self":[{"href":"https:\/\/agora.xtec.cat\/ceip-la-rosella-rossello\/wp-json\/wp\/v2\/posts\/3842","targetHints":{"allow":["GET"]}}],"collection":[{"href":"https:\/\/agora.xtec.cat\/ceip-la-rosella-rossello\/wp-json\/wp\/v2\/posts"}],"about":[{"href":"https:\/\/agora.xtec.cat\/ceip-la-rosella-rossello\/wp-json\/wp\/v2\/types\/post"}],"author":[{"embeddable":true,"href":"https:\/\/agora.xtec.cat\/ceip-la-rosella-rossello\/wp-json\/wp\/v2\/users\/7"}],"replies":[{"embeddable":true,"href":"https:\/\/agora.xtec.cat\/ceip-la-rosella-rossello\/wp-json\/wp\/v2\/comments?post=3842"}],"version-history":[{"count":2,"href":"https:\/\/agora.xtec.cat\/ceip-la-rosella-rossello\/wp-json\/wp\/v2\/posts\/3842\/revisions"}],"predecessor-version":[{"id":3845,"href":"https:\/\/agora.xtec.cat\/ceip-la-rosella-rossello\/wp-json\/wp\/v2\/posts\/3842\/revisions\/3845"}],"wp:featuredmedia":[{"embeddable":true,"href":"https:\/\/agora.xtec.cat\/ceip-la-rosella-rossello\/wp-json\/wp\/v2\/media\/3844"}],"wp:attachment":[{"href":"https:\/\/agora.xtec.cat\/ceip-la-rosella-rossello\/wp-json\/wp\/v2\/media?parent=3842"}],"wp:term":[{"taxonomy":"category","embeddable":true,"href":"https:\/\/agora.xtec.cat\/ceip-la-rosella-rossello\/wp-json\/wp\/v2\/categories?post=3842"},{"taxonomy":"post_tag","embeddable":true,"href":"https:\/\/agora.xtec.cat\/ceip-la-rosella-rossello\/wp-json\/wp\/v2\/tags?post=3842"}],"curies":[{"name":"wp","href":"https:\/\/api.w.org\/{rel}","templated":true}]}}