{"id":9719,"date":"2021-11-12T13:53:10","date_gmt":"2021-11-12T12:53:10","guid":{"rendered":"https:\/\/agora.xtec.cat\/ceip-jruyra-l-h\/?p=9719"},"modified":"2021-11-12T13:53:10","modified_gmt":"2021-11-12T12:53:10","slug":"la-nostra-gent-gran","status":"publish","type":"post","link":"https:\/\/agora.xtec.cat\/ceip-jruyra-l-h\/general\/la-nostra-gent-gran\/","title":{"rendered":"LA NOSTRA GENT GRAN"},"content":{"rendered":"<p>Hola a tots i totes!<\/p>\n<p>Com ja sabeu a l&#8217;Hospitalet de Llobregat estem celebrant la Setmana de la Solidaritat. Aquest any ha tractat sobre la gent gran.<\/p>\n<p>Al cicle mitj\u00e0, els nens i nenes de 3r i 4t hem dedicat aquests dies per parlar sobre qu\u00e8 entenen per gent gran, quines s\u00f3n les seves necessitats i hem reflexionat sobre com poder ajudar-los.<\/p>\n<p>Algunes de les reflexions han estat aquestes:<\/p>\n<blockquote><p>&#8220;Hem de fer companyia sempre als nostres avis i \u00e0vies&#8221;.<\/p>\n<p>&#8220;Si veiem alguna persona molt gran creuant un pas de vianants la podem ajudar&#8221;.<\/p>\n<p>&#8220;La gent gran tamb\u00e9 juga i fan esport, podem jugar amb ells\/es per\u00f2 m\u00e9s suau&#8221;.<\/p>\n<p>&#8220;Els hem d&#8217;ajudar sempre que ho necessitin&#8221;.<\/p><\/blockquote>\n<p>&nbsp;<\/p>\n<p>Per tot aix\u00f2, els hem volgut fer un petit regal, en el que els nens i nenes han dedicat un poema sobre la tardor per a tota la nostra estimada gent gran. Per a qu\u00e8 tinguin un bon dia i un record dels alumnes de l&#8217;escola Joaquim Ruyra!<\/p>\n<p>Esperem que us agradin:<\/p>\n<p>&nbsp;<\/p>\n<p><strong>POEMA DE LA TARDOR. ALUMNES DE 3R DE PRIM\u00c0RIA:<\/strong><\/p>\n<p><iframe loading=\"lazy\" src=\"\/\/www.youtube.com\/embed\/5ThDELW3BDw\" width=\"560\" height=\"314\"><\/iframe><\/p>\n<p>&nbsp;<\/p>\n<p><strong>POEMA DE LA TARDOR. ALUMNES DE 4T DE PRIM\u00c0RIA:<\/strong><\/p>\n<p><iframe loading=\"lazy\" src=\"\/\/www.youtube.com\/embed\/vv0hCmvFaZ8\" width=\"560\" height=\"314\"><\/iframe><\/p>\n<p>&nbsp;<\/p>\n<p>UNA ABRA\u00c7ADA BEN GRAN!<\/p>\n<p>&nbsp;<\/p>\n<p>&nbsp;<\/p>\n","protected":false},"excerpt":{"rendered":"<p>Hola a tots i totes!<br \/>\nCom ja sabeu a l&#8217;Hospitalet de Llobregat estem celebrant la Setmana de la Solidaritat. Aquest any ha tractat sobre la gent gran.<br \/>\nAl cicle mitj\u00e0, els nens i nenes de 3r i 4t hem dedicat aquests dies per parlar sobre qu\u00e8 entenen&hellip;  <a href=\"https:\/\/agora.xtec.cat\/ceip-jruyra-l-h\/general\/la-nostra-gent-gran\/\" title=\"Read LA NOSTRA GENT GRAN\">Llegeix m\u00e9s\u00bb<\/a><\/p>\n","protected":false},"author":5,"featured_media":9744,"comment_status":"open","ping_status":"closed","sticky":false,"template":"","format":"standard","meta":{"_bbp_topic_count":0,"_bbp_reply_count":0,"_bbp_total_topic_count":0,"_bbp_total_reply_count":0,"_bbp_voice_count":0,"_bbp_anonymous_reply_count":0,"_bbp_topic_count_hidden":0,"_bbp_reply_count_hidden":0,"_bbp_forum_subforum_count":0,"footnotes":""},"categories":[12,13,1],"tags":[],"class_list":["post-9719","post","type-post","status-publish","format-standard","has-post-thumbnail","hentry","category-3r","category-4t","category-general"],"post_mailing_queue_ids":[],"_links":{"self":[{"href":"https:\/\/agora.xtec.cat\/ceip-jruyra-l-h\/wp-json\/wp\/v2\/posts\/9719","targetHints":{"allow":["GET"]}}],"collection":[{"href":"https:\/\/agora.xtec.cat\/ceip-jruyra-l-h\/wp-json\/wp\/v2\/posts"}],"about":[{"href":"https:\/\/agora.xtec.cat\/ceip-jruyra-l-h\/wp-json\/wp\/v2\/types\/post"}],"author":[{"embeddable":true,"href":"https:\/\/agora.xtec.cat\/ceip-jruyra-l-h\/wp-json\/wp\/v2\/users\/5"}],"replies":[{"embeddable":true,"href":"https:\/\/agora.xtec.cat\/ceip-jruyra-l-h\/wp-json\/wp\/v2\/comments?post=9719"}],"version-history":[{"count":3,"href":"https:\/\/agora.xtec.cat\/ceip-jruyra-l-h\/wp-json\/wp\/v2\/posts\/9719\/revisions"}],"predecessor-version":[{"id":9738,"href":"https:\/\/agora.xtec.cat\/ceip-jruyra-l-h\/wp-json\/wp\/v2\/posts\/9719\/revisions\/9738"}],"wp:featuredmedia":[{"embeddable":true,"href":"https:\/\/agora.xtec.cat\/ceip-jruyra-l-h\/wp-json\/wp\/v2\/media\/9744"}],"wp:attachment":[{"href":"https:\/\/agora.xtec.cat\/ceip-jruyra-l-h\/wp-json\/wp\/v2\/media?parent=9719"}],"wp:term":[{"taxonomy":"category","embeddable":true,"href":"https:\/\/agora.xtec.cat\/ceip-jruyra-l-h\/wp-json\/wp\/v2\/categories?post=9719"},{"taxonomy":"post_tag","embeddable":true,"href":"https:\/\/agora.xtec.cat\/ceip-jruyra-l-h\/wp-json\/wp\/v2\/tags?post=9719"}],"curies":[{"name":"wp","href":"https:\/\/api.w.org\/{rel}","templated":true}]}}