{"id":970,"date":"2019-11-29T13:25:16","date_gmt":"2019-11-29T12:25:16","guid":{"rendered":"https:\/\/agora.xtec.cat\/ceip-jruyra-l-h\/?p=970"},"modified":"2019-12-03T20:39:27","modified_gmt":"2019-12-03T19:39:27","slug":"carta-dirigida-a-les-dones","status":"publish","type":"post","link":"https:\/\/agora.xtec.cat\/ceip-jruyra-l-h\/primaria\/6e\/carta-dirigida-a-les-dones\/","title":{"rendered":"CARTA DIRIGIDA A LES DONES"},"content":{"rendered":"<p>Estimades dones lluitadores,<\/p>\n<p>A l\u2019escola suem tinta per aconseguir la igualtat de g\u00e8nere i per aquest motiu us escrivim aquesta carta posant-nos en la vostra pell.<\/p>\n<p>Totes les dones que estan banyades de por i foscor farem que estiguin en un cel tenyit dels colors de la felicitat. Us ajudarem a desmuntar i desbloquejar el mur de la viol\u00e8ncia de g\u00e8nere. Les \u00faltimes ll\u00e0grimes que cauran seran les de la felicitat i l\u2019alegria.<\/p>\n<p>Aqu\u00ed i a tot arreu, hem de tenir el valor de la diversitat a les mans per respectar a les dones.<\/p>\n<p>Stop! Para! S\u00f3c dona, puc sola i s\u00f3c valenta! No a la viol\u00e8ncia de g\u00e8nere!<\/p>\n<p style=\"text-align: left;\">Ad\u00e9u i per sempre, dones lluitadores,<\/p>\n<p style=\"text-align: left;\">Els alumnes de sis\u00e8<\/p>\n<p>&nbsp;<\/p>\n","protected":false},"excerpt":{"rendered":"<p>Estimades dones lluitadores,<br \/>\nA l\u2019escola suem tinta per aconseguir la igualtat de g\u00e8nere i per aquest motiu us escrivim aquesta carta posant-nos en la vostra pell.<br \/>\nTotes les dones que estan banyades de por i foscor farem que estiguin en un cel tenyit dels colors de la&hellip;  <a href=\"https:\/\/agora.xtec.cat\/ceip-jruyra-l-h\/primaria\/6e\/carta-dirigida-a-les-dones\/\" title=\"Read CARTA DIRIGIDA A LES DONES\">Llegeix m\u00e9s\u00bb<\/a><\/p>\n","protected":false},"author":4,"featured_media":0,"comment_status":"open","ping_status":"closed","sticky":false,"template":"","format":"standard","meta":{"_bbp_topic_count":0,"_bbp_reply_count":0,"_bbp_total_topic_count":0,"_bbp_total_reply_count":0,"_bbp_voice_count":0,"_bbp_anonymous_reply_count":0,"_bbp_topic_count_hidden":0,"_bbp_reply_count_hidden":0,"_bbp_forum_subforum_count":0,"footnotes":""},"categories":[15],"tags":[],"class_list":["post-970","post","type-post","status-publish","format-standard","hentry","category-6e"],"post_mailing_queue_ids":[],"_links":{"self":[{"href":"https:\/\/agora.xtec.cat\/ceip-jruyra-l-h\/wp-json\/wp\/v2\/posts\/970","targetHints":{"allow":["GET"]}}],"collection":[{"href":"https:\/\/agora.xtec.cat\/ceip-jruyra-l-h\/wp-json\/wp\/v2\/posts"}],"about":[{"href":"https:\/\/agora.xtec.cat\/ceip-jruyra-l-h\/wp-json\/wp\/v2\/types\/post"}],"author":[{"embeddable":true,"href":"https:\/\/agora.xtec.cat\/ceip-jruyra-l-h\/wp-json\/wp\/v2\/users\/4"}],"replies":[{"embeddable":true,"href":"https:\/\/agora.xtec.cat\/ceip-jruyra-l-h\/wp-json\/wp\/v2\/comments?post=970"}],"version-history":[{"count":3,"href":"https:\/\/agora.xtec.cat\/ceip-jruyra-l-h\/wp-json\/wp\/v2\/posts\/970\/revisions"}],"predecessor-version":[{"id":974,"href":"https:\/\/agora.xtec.cat\/ceip-jruyra-l-h\/wp-json\/wp\/v2\/posts\/970\/revisions\/974"}],"wp:attachment":[{"href":"https:\/\/agora.xtec.cat\/ceip-jruyra-l-h\/wp-json\/wp\/v2\/media?parent=970"}],"wp:term":[{"taxonomy":"category","embeddable":true,"href":"https:\/\/agora.xtec.cat\/ceip-jruyra-l-h\/wp-json\/wp\/v2\/categories?post=970"},{"taxonomy":"post_tag","embeddable":true,"href":"https:\/\/agora.xtec.cat\/ceip-jruyra-l-h\/wp-json\/wp\/v2\/tags?post=970"}],"curies":[{"name":"wp","href":"https:\/\/api.w.org\/{rel}","templated":true}]}}