{"id":9510,"date":"2021-11-02T18:25:09","date_gmt":"2021-11-02T17:25:09","guid":{"rendered":"https:\/\/agora.xtec.cat\/ceip-jruyra-l-h\/?p=9510"},"modified":"2021-11-02T18:57:15","modified_gmt":"2021-11-02T17:57:15","slug":"premio-fundacion-asseco-2021","status":"publish","type":"post","link":"https:\/\/agora.xtec.cat\/ceip-jruyra-l-h\/cdaxarxa\/premio-fundacion-asseco-2021\/","title":{"rendered":"Premio Fundaci\u00f3n Asseco 2021"},"content":{"rendered":"<p>Benvolgudes fam\u00edlies,<\/p>\n<p>\u00c9s un plaer per mi poder compartir amb vosaltres aquesta not\u00edcia. Durant el mes de juliol, com ja sabeu, vam rebre la visita de la Fundaci\u00f3 Asseco, que ens va entregar una dotaci\u00f3 de 19 IPADS. La seva obra social la dediquen tant a Sanitat com a Educaci\u00f3 i vam tenir la sort de que comptessin amb nosaltres per fer aquest donatiu.<\/p>\n<p>Durant l&#8217;entrega d&#8217;aquesta dotaci\u00f3 de dispositius, els responsables de la Fundaci\u00f3 em van fer una entrevista per saber quin \u00fas en\u00a0feiem de les tecnologies a les aules. Si cliqueu en aquest\u00a0<a href=\"https:\/\/fundacion.asseco.es\/noticias\/fundacion-asseco-inicia-el-proyecto-i-student-en-la-escola-joaquim-ruyra\/\" data-saferedirecturl=\"https:\/\/www.google.com\/url?q=https:\/\/fundacion.asseco.es\/noticias\/fundacion-asseco-inicia-el-proyecto-i-student-en-la-escola-joaquim-ruyra\/&amp;source=gmail&amp;ust=1635960132075000&amp;usg=AFQjCNEP9aWvNELlU3cDjtGBghzHhoJP6g\">enlla\u00e7 podeu llegir-la.<\/a><\/p>\n<p>Doncs b\u00e9, fa uns dies vaig rebre aquest comunicat que us reenvio. La fundaci\u00f3 Asseco otorga dos premis, un d&#8217;Educaci\u00f3 i un altre de Sanitat. Com podeu veure, han pensat en mi a l&#8217;hora de fer aquest reconeixement. Podeu llegir els motius del premi al fitxer adjunt que trobareu en aquesta mateixa publicaci\u00f3.<\/p>\n<p>Si una cosa tinc clara \u00e9s que aquest reconeixement \u00e9s un premi col\u00b7lectiu. \u00c9s un premi a l&#8217;esfor\u00e7 que fem com a Comunitat d&#8217;Aprenentatge per la millora dels aprenentatges dels nens i nenes de la nostra escola.<\/p>\n<p>Aquest dijous 4 de novembre, en nom de la comunitat educativa, em despla\u00e7ar\u00e9 fins a Madrid a recollir-ho.<\/p>\n<p>Moltes gr\u00e0cies a tots i totes.<\/p>\n<p>Atentament.<\/p>\n<p>El Director.<\/p>\n<p>Miquel Charneco Osete.<\/p>\n<p><img loading=\"lazy\" decoding=\"async\" class=\"alignnone size-full wp-image-9518\" src=\"https:\/\/agora.xtec.cat\/ceip-jruyra-l-h\/wp-content\/uploads\/usu2049\/2021\/11\/asseco1.jpg\" alt=\"\" width=\"1002\" height=\"713\" srcset=\"https:\/\/agora.xtec.cat\/ceip-jruyra-l-h\/wp-content\/uploads\/usu2049\/2021\/11\/asseco1.jpg 1002w, https:\/\/agora.xtec.cat\/ceip-jruyra-l-h\/wp-content\/uploads\/usu2049\/2021\/11\/asseco1-300x213.jpg 300w, https:\/\/agora.xtec.cat\/ceip-jruyra-l-h\/wp-content\/uploads\/usu2049\/2021\/11\/asseco1-768x546.jpg 768w\" sizes=\"auto, (max-width: 1002px) 100vw, 1002px\" \/><\/p>\n<p><img loading=\"lazy\" decoding=\"async\" class=\"alignnone size-full wp-image-9519\" src=\"https:\/\/agora.xtec.cat\/ceip-jruyra-l-h\/wp-content\/uploads\/usu2049\/2021\/11\/asseco2.jpg\" alt=\"\" width=\"1020\" height=\"721\" srcset=\"https:\/\/agora.xtec.cat\/ceip-jruyra-l-h\/wp-content\/uploads\/usu2049\/2021\/11\/asseco2.jpg 1020w, https:\/\/agora.xtec.cat\/ceip-jruyra-l-h\/wp-content\/uploads\/usu2049\/2021\/11\/asseco2-300x212.jpg 300w, https:\/\/agora.xtec.cat\/ceip-jruyra-l-h\/wp-content\/uploads\/usu2049\/2021\/11\/asseco2-768x543.jpg 768w\" sizes=\"auto, (max-width: 1020px) 100vw, 1020px\" \/><\/p>\n","protected":false},"excerpt":{"rendered":"<p>Benvolgudes fam\u00edlies,<br \/>\n\u00c9s un plaer per mi poder compartir amb vosaltres aquesta not\u00edcia. Durant el mes de juliol, com ja sabeu, vam rebre la visita de la Fundaci\u00f3 Asseco, que ens va entregar una dotaci\u00f3 de 19 IPADS. La seva obra social la dediquen tant a&hellip;  <a href=\"https:\/\/agora.xtec.cat\/ceip-jruyra-l-h\/cdaxarxa\/premio-fundacion-asseco-2021\/\" title=\"Read Premio Fundaci\u00f3n Asseco 2021\">Llegeix m\u00e9s\u00bb<\/a><\/p>\n","protected":false},"author":3,"featured_media":9511,"comment_status":"open","ping_status":"closed","sticky":false,"template":"","format":"standard","meta":{"_bbp_topic_count":0,"_bbp_reply_count":0,"_bbp_total_topic_count":0,"_bbp_total_reply_count":0,"_bbp_voice_count":0,"_bbp_anonymous_reply_count":0,"_bbp_topic_count_hidden":0,"_bbp_reply_count_hidden":0,"_bbp_forum_subforum_count":0,"footnotes":""},"categories":[60],"tags":[71,83],"class_list":["post-9510","post","type-post","status-publish","format-standard","has-post-thumbnail","hentry","category-cdaxarxa","tag-actuacions-educatives-dexit","tag-comunitats-daprenentatge"],"post_mailing_queue_ids":[],"_links":{"self":[{"href":"https:\/\/agora.xtec.cat\/ceip-jruyra-l-h\/wp-json\/wp\/v2\/posts\/9510","targetHints":{"allow":["GET"]}}],"collection":[{"href":"https:\/\/agora.xtec.cat\/ceip-jruyra-l-h\/wp-json\/wp\/v2\/posts"}],"about":[{"href":"https:\/\/agora.xtec.cat\/ceip-jruyra-l-h\/wp-json\/wp\/v2\/types\/post"}],"author":[{"embeddable":true,"href":"https:\/\/agora.xtec.cat\/ceip-jruyra-l-h\/wp-json\/wp\/v2\/users\/3"}],"replies":[{"embeddable":true,"href":"https:\/\/agora.xtec.cat\/ceip-jruyra-l-h\/wp-json\/wp\/v2\/comments?post=9510"}],"version-history":[{"count":3,"href":"https:\/\/agora.xtec.cat\/ceip-jruyra-l-h\/wp-json\/wp\/v2\/posts\/9510\/revisions"}],"predecessor-version":[{"id":9520,"href":"https:\/\/agora.xtec.cat\/ceip-jruyra-l-h\/wp-json\/wp\/v2\/posts\/9510\/revisions\/9520"}],"wp:featuredmedia":[{"embeddable":true,"href":"https:\/\/agora.xtec.cat\/ceip-jruyra-l-h\/wp-json\/wp\/v2\/media\/9511"}],"wp:attachment":[{"href":"https:\/\/agora.xtec.cat\/ceip-jruyra-l-h\/wp-json\/wp\/v2\/media?parent=9510"}],"wp:term":[{"taxonomy":"category","embeddable":true,"href":"https:\/\/agora.xtec.cat\/ceip-jruyra-l-h\/wp-json\/wp\/v2\/categories?post=9510"},{"taxonomy":"post_tag","embeddable":true,"href":"https:\/\/agora.xtec.cat\/ceip-jruyra-l-h\/wp-json\/wp\/v2\/tags?post=9510"}],"curies":[{"name":"wp","href":"https:\/\/api.w.org\/{rel}","templated":true}]}}