{"id":9495,"date":"2021-11-02T12:05:19","date_gmt":"2021-11-02T11:05:19","guid":{"rendered":"https:\/\/agora.xtec.cat\/ceip-jruyra-l-h\/?p=9495"},"modified":"2022-01-24T11:27:26","modified_gmt":"2022-01-24T10:27:26","slug":"teatre-extraescolar","status":"publish","type":"post","link":"https:\/\/agora.xtec.cat\/ceip-jruyra-l-h\/general\/teatre-extraescolar\/","title":{"rendered":"Teatre Extraescolar"},"content":{"rendered":"<p>Estimades fam\u00edlies,<\/p>\n<p>Fa uns dies vam passar una enquesta per veure quines fam\u00edlies estaven interessades en fer una extraescolar gratu\u00efta de teatre, aprofitant que l&#8217;escola participa del Pla de Millora d\u2019Oportunitats Educatives (PMOE) que contempla diferents mesures per ajudar l\u2019alumnat i les seves fam\u00edlies a superar les seq\u00fceles produ\u00efdes per la pand\u00e8mia de Covid19.<\/p>\n<p>La participaci\u00f3 ha estat multitudin\u00e0ria, m\u00e9s de 80 infants estaven interessats en l&#8217;activitat! Estem molt contents i aix\u00f2 ens anima a pensar noves activitats per totes les fam\u00edlies de la nostra escola.<\/p>\n<p>Aix\u00ed i tot, com que nom\u00e9s dispos\u00e0vem de 24 places, hem hagut de fer un sorteig. Les fam\u00edlies que tenen una pla\u00e7a per les seves filles i fills seran informades aquesta setmana per poder comen\u00e7ar la setmana vinent.<\/p>\n<p>L&#8217;horari ser\u00e0 els dimarts o els dijous de 16:30 a 18:00<\/p>\n<p>Moltes gr\u00e0cies!<\/p>\n<p><img loading=\"lazy\" decoding=\"async\" class=\"alignleft\" src=\"https:\/\/us.123rf.com\/450wm\/robuart\/robuart1610\/robuart161000050\/63508814-tres-ni%C3%B1os-en-trajes-que-realizan-obra-de-teatro-en-el-escenario-los-ni%C3%B1os-peque%C3%B1os-vestidos-como-un.jpg?ver=6\" alt=\"Tres Ni\u00f1os En Trajes Que Realizan Obra De Teatro En El Escenario. Los Ni\u00f1os Peque\u00f1os Vestidos Como Un Pr\u00edncipe, Princesa Y El Oso. Representaci\u00f3n Teatral En La Guarder\u00eda O La Escuela Ilustraciones\" width=\"385\" height=\"313\" \/><\/p>\n<p>&nbsp;<\/p>\n<p>&nbsp;<\/p>\n<p>&nbsp;<\/p>\n<p>&nbsp;<\/p>\n<p>&nbsp;<\/p>\n<p>&nbsp;<\/p>\n<p>&nbsp;<\/p>\n<p>&nbsp;<\/p>\n<p><img loading=\"lazy\" decoding=\"async\" class=\"alignnone size-large wp-image-11064\" src=\"https:\/\/agora.xtec.cat\/ceip-jruyra-l-h\/wp-content\/uploads\/usu2049\/2022\/01\/Logos-PMOE-1024x294.jpg\" alt=\"\" width=\"1024\" height=\"294\" srcset=\"https:\/\/agora.xtec.cat\/ceip-jruyra-l-h\/wp-content\/uploads\/usu2049\/2022\/01\/Logos-PMOE-1024x294.jpg 1024w, https:\/\/agora.xtec.cat\/ceip-jruyra-l-h\/wp-content\/uploads\/usu2049\/2022\/01\/Logos-PMOE-300x86.jpg 300w, https:\/\/agora.xtec.cat\/ceip-jruyra-l-h\/wp-content\/uploads\/usu2049\/2022\/01\/Logos-PMOE-768x220.jpg 768w, https:\/\/agora.xtec.cat\/ceip-jruyra-l-h\/wp-content\/uploads\/usu2049\/2022\/01\/Logos-PMOE-1536x440.jpg 1536w, https:\/\/agora.xtec.cat\/ceip-jruyra-l-h\/wp-content\/uploads\/usu2049\/2022\/01\/Logos-PMOE.jpg 1814w\" sizes=\"auto, (max-width: 1024px) 100vw, 1024px\" \/><\/p>\n","protected":false},"excerpt":{"rendered":"<p>Fa uns dies vam passar una enquesta per veure quines fam\u00edlies estaven interessades en fer una extraescolar gratu\u00efta de teatre, aprofitant que l&#8217;escola participa del Pla de Millora d\u2019Oportunitats Educatives (PMOE) que contempla diferents mesures per ajudar l\u2019alumnat i les seves fam\u00edlies a superar les seq\u00fceles produ\u00efdes per la pand\u00e8mia de Covid19.&hellip;  <a href=\"https:\/\/agora.xtec.cat\/ceip-jruyra-l-h\/general\/teatre-extraescolar\/\" title=\"Read Teatre Extraescolar\">Llegeix m\u00e9s\u00bb<\/a><\/p>\n","protected":false},"author":16,"featured_media":9504,"comment_status":"open","ping_status":"closed","sticky":false,"template":"","format":"standard","meta":{"_bbp_topic_count":0,"_bbp_reply_count":0,"_bbp_total_topic_count":0,"_bbp_total_reply_count":0,"_bbp_voice_count":0,"_bbp_anonymous_reply_count":0,"_bbp_topic_count_hidden":0,"_bbp_reply_count_hidden":0,"_bbp_forum_subforum_count":0,"footnotes":""},"categories":[10,11,12,13,1,9],"tags":[71,68],"class_list":["post-9495","post","type-post","status-publish","format-standard","has-post-thumbnail","hentry","category-1r","category-2n","category-3r","category-4t","category-general","category-i5","tag-actuacions-educatives-dexit","tag-extensio-del-temps-daprenentatge"],"post_mailing_queue_ids":[],"_links":{"self":[{"href":"https:\/\/agora.xtec.cat\/ceip-jruyra-l-h\/wp-json\/wp\/v2\/posts\/9495","targetHints":{"allow":["GET"]}}],"collection":[{"href":"https:\/\/agora.xtec.cat\/ceip-jruyra-l-h\/wp-json\/wp\/v2\/posts"}],"about":[{"href":"https:\/\/agora.xtec.cat\/ceip-jruyra-l-h\/wp-json\/wp\/v2\/types\/post"}],"author":[{"embeddable":true,"href":"https:\/\/agora.xtec.cat\/ceip-jruyra-l-h\/wp-json\/wp\/v2\/users\/16"}],"replies":[{"embeddable":true,"href":"https:\/\/agora.xtec.cat\/ceip-jruyra-l-h\/wp-json\/wp\/v2\/comments?post=9495"}],"version-history":[{"count":3,"href":"https:\/\/agora.xtec.cat\/ceip-jruyra-l-h\/wp-json\/wp\/v2\/posts\/9495\/revisions"}],"predecessor-version":[{"id":11071,"href":"https:\/\/agora.xtec.cat\/ceip-jruyra-l-h\/wp-json\/wp\/v2\/posts\/9495\/revisions\/11071"}],"wp:featuredmedia":[{"embeddable":true,"href":"https:\/\/agora.xtec.cat\/ceip-jruyra-l-h\/wp-json\/wp\/v2\/media\/9504"}],"wp:attachment":[{"href":"https:\/\/agora.xtec.cat\/ceip-jruyra-l-h\/wp-json\/wp\/v2\/media?parent=9495"}],"wp:term":[{"taxonomy":"category","embeddable":true,"href":"https:\/\/agora.xtec.cat\/ceip-jruyra-l-h\/wp-json\/wp\/v2\/categories?post=9495"},{"taxonomy":"post_tag","embeddable":true,"href":"https:\/\/agora.xtec.cat\/ceip-jruyra-l-h\/wp-json\/wp\/v2\/tags?post=9495"}],"curies":[{"name":"wp","href":"https:\/\/api.w.org\/{rel}","templated":true}]}}