{"id":9474,"date":"2021-11-01T14:15:53","date_gmt":"2021-11-01T13:15:53","guid":{"rendered":"https:\/\/agora.xtec.cat\/ceip-jruyra-l-h\/?p=9474"},"modified":"2021-11-01T14:18:00","modified_gmt":"2021-11-01T13:18:00","slug":"enquesta-de-participacio-al-programa-escoles-sentinella","status":"publish","type":"post","link":"https:\/\/agora.xtec.cat\/ceip-jruyra-l-h\/general\/enquesta-de-participacio-al-programa-escoles-sentinella\/","title":{"rendered":"Enquesta de participaci\u00f3 al programa &#8220;Escoles Sentinella&#8221;"},"content":{"rendered":"<p>Benvolgudes fam\u00edlies,<\/p>\n<p>Tal i com us vam informar, la nostra escola participa en el projecte &#8220;Escoles Sentinella&#8221;, en el que es fa un seguiment m\u00e9s exhaustiu dels efectes de la pand\u00e8mia.<\/p>\n<p>Per tal de participar en aquest estudi, necessitem que responeu a la seg\u00fcent enquesta: <a href=\"https:\/\/redcap.iconcologia.net\/redcap\/surveys\/?s=K9EH7X8XMR7YCJDP\">https:\/\/redcap.iconcologia.net\/redcap\/surveys\/?s=K9EH7X8XMR7YCJDP<\/a><\/p>\n<p class=\"m_6457092403633521424xmsonormal\">El primer pas ser\u00e0 <b>donar consentiment<\/b>\u00a0juntament a respondre l\u2019<b>enquesta<\/b>\u00a0bianual. Aquesta es pot contestar de manera\u00a0<b>online utilitzant un ordinador o dispositiu m\u00f2bil<\/b>.\u00a0<u><\/u><\/p>\n<p class=\"m_6457092403633521424xmsonormal\">El formulari us derivar\u00e0 primer a un\u00a0<b>Consentiment Informat<\/b>, on s\u2019explica detalladament les caracter\u00edstiques de la vostra participaci\u00f3 (<b>Cal tenir la Targeta Sanit\u00e0ria a m\u00e0<\/b>). Un apunt important: el consentiment no s\u2019ha de signar, simplement cal omplir les dades personals i clicar a les activitats a les que es vol participar. Un cop fet aquest pas, i sempre que hagueu donat el consentiment, el programa us derivar\u00e0 autom\u00e0ticament a l\u2019inici de l\u2019enquesta.<\/p>\n<p>El temps aproximat per respondre l\u2019enquesta \u00e9s d\u2019<b>entre 15 i 20 minuts.<\/b><\/p>\n<p>Moltes gr\u00e0cies per la vostra col\u00b7laboraci\u00f3.<\/p>\n<p><a href=\"https:\/\/redcap.iconcologia.net\/redcap\/surveys\/?s=K9EH7X8XMR7YCJDP\"><img loading=\"lazy\" decoding=\"async\" class=\"alignnone wp-image-9475 size-full\" src=\"https:\/\/agora.xtec.cat\/ceip-jruyra-l-h\/wp-content\/uploads\/usu2049\/2021\/11\/cats.jpg\" alt=\"\" width=\"595\" height=\"294\" srcset=\"https:\/\/agora.xtec.cat\/ceip-jruyra-l-h\/wp-content\/uploads\/usu2049\/2021\/11\/cats.jpg 595w, https:\/\/agora.xtec.cat\/ceip-jruyra-l-h\/wp-content\/uploads\/usu2049\/2021\/11\/cats-300x148.jpg 300w\" sizes=\"auto, (max-width: 595px) 100vw, 595px\" \/><\/a><\/p>\n","protected":false},"excerpt":{"rendered":"<p>Tal i com us vam informar, la nostra escola participa en el projecte &#8220;Escoles Sentinella&#8221;, en el que es fa un seguiment m\u00e9s exhaustiu dels efectes de la pand\u00e8mia.&hellip;  <a href=\"https:\/\/agora.xtec.cat\/ceip-jruyra-l-h\/general\/enquesta-de-participacio-al-programa-escoles-sentinella\/\" title=\"Read Enquesta de participaci\u00f3 al programa &#8220;Escoles Sentinella&#8221;\">Llegeix m\u00e9s\u00bb<\/a><\/p>\n","protected":false},"author":3,"featured_media":9475,"comment_status":"open","ping_status":"closed","sticky":false,"template":"","format":"standard","meta":{"_bbp_topic_count":0,"_bbp_reply_count":0,"_bbp_total_topic_count":0,"_bbp_total_reply_count":0,"_bbp_voice_count":0,"_bbp_anonymous_reply_count":0,"_bbp_topic_count_hidden":0,"_bbp_reply_count_hidden":0,"_bbp_forum_subforum_count":0,"footnotes":""},"categories":[60,1],"tags":[],"class_list":["post-9474","post","type-post","status-publish","format-standard","has-post-thumbnail","hentry","category-cdaxarxa","category-general"],"post_mailing_queue_ids":[],"_links":{"self":[{"href":"https:\/\/agora.xtec.cat\/ceip-jruyra-l-h\/wp-json\/wp\/v2\/posts\/9474","targetHints":{"allow":["GET"]}}],"collection":[{"href":"https:\/\/agora.xtec.cat\/ceip-jruyra-l-h\/wp-json\/wp\/v2\/posts"}],"about":[{"href":"https:\/\/agora.xtec.cat\/ceip-jruyra-l-h\/wp-json\/wp\/v2\/types\/post"}],"author":[{"embeddable":true,"href":"https:\/\/agora.xtec.cat\/ceip-jruyra-l-h\/wp-json\/wp\/v2\/users\/3"}],"replies":[{"embeddable":true,"href":"https:\/\/agora.xtec.cat\/ceip-jruyra-l-h\/wp-json\/wp\/v2\/comments?post=9474"}],"version-history":[{"count":2,"href":"https:\/\/agora.xtec.cat\/ceip-jruyra-l-h\/wp-json\/wp\/v2\/posts\/9474\/revisions"}],"predecessor-version":[{"id":9477,"href":"https:\/\/agora.xtec.cat\/ceip-jruyra-l-h\/wp-json\/wp\/v2\/posts\/9474\/revisions\/9477"}],"wp:featuredmedia":[{"embeddable":true,"href":"https:\/\/agora.xtec.cat\/ceip-jruyra-l-h\/wp-json\/wp\/v2\/media\/9475"}],"wp:attachment":[{"href":"https:\/\/agora.xtec.cat\/ceip-jruyra-l-h\/wp-json\/wp\/v2\/media?parent=9474"}],"wp:term":[{"taxonomy":"category","embeddable":true,"href":"https:\/\/agora.xtec.cat\/ceip-jruyra-l-h\/wp-json\/wp\/v2\/categories?post=9474"},{"taxonomy":"post_tag","embeddable":true,"href":"https:\/\/agora.xtec.cat\/ceip-jruyra-l-h\/wp-json\/wp\/v2\/tags?post=9474"}],"curies":[{"name":"wp","href":"https:\/\/api.w.org\/{rel}","templated":true}]}}