{"id":9471,"date":"2021-11-01T13:37:08","date_gmt":"2021-11-01T12:37:08","guid":{"rendered":"https:\/\/agora.xtec.cat\/ceip-jruyra-l-h\/?p=9471"},"modified":"2021-11-01T13:37:08","modified_gmt":"2021-11-01T12:37:08","slug":"formacio-de-familiars-el-nostre-punt-tic","status":"publish","type":"post","link":"https:\/\/agora.xtec.cat\/ceip-jruyra-l-h\/general\/formacio-de-familiars-el-nostre-punt-tic\/","title":{"rendered":"Formaci\u00f3 de familiars: El nostre PUNT TIC"},"content":{"rendered":"<p>Benvolgudes fam\u00edlies,<\/p>\n<p>L&#8217;Escola de Vida continua ampliant les possibilitats formatives de les fam\u00edlies del Ruyra i del barri. En aquesta ocasi\u00f3, us fem extensiva aquesta proposta. L&#8217;Escola comptar\u00e0 amb un punt TIC, un espai al que podreu venir per fer tot tipus de gestions online, crear-vos el vostre propi curriculum o buscar feina en plataformes digitals. Us esperem!<\/p>\n<p><img loading=\"lazy\" decoding=\"async\" class=\"alignnone size-large wp-image-9472\" src=\"https:\/\/agora.xtec.cat\/ceip-jruyra-l-h\/wp-content\/uploads\/usu2049\/2021\/11\/Cartel-generico-Ruyra_CAT-724x1024.png\" alt=\"\" width=\"724\" height=\"1024\" srcset=\"https:\/\/agora.xtec.cat\/ceip-jruyra-l-h\/wp-content\/uploads\/usu2049\/2021\/11\/Cartel-generico-Ruyra_CAT-724x1024.png 724w, https:\/\/agora.xtec.cat\/ceip-jruyra-l-h\/wp-content\/uploads\/usu2049\/2021\/11\/Cartel-generico-Ruyra_CAT-212x300.png 212w, https:\/\/agora.xtec.cat\/ceip-jruyra-l-h\/wp-content\/uploads\/usu2049\/2021\/11\/Cartel-generico-Ruyra_CAT-768x1086.png 768w, https:\/\/agora.xtec.cat\/ceip-jruyra-l-h\/wp-content\/uploads\/usu2049\/2021\/11\/Cartel-generico-Ruyra_CAT-1086x1536.png 1086w, https:\/\/agora.xtec.cat\/ceip-jruyra-l-h\/wp-content\/uploads\/usu2049\/2021\/11\/Cartel-generico-Ruyra_CAT-1448x2048.png 1448w, https:\/\/agora.xtec.cat\/ceip-jruyra-l-h\/wp-content\/uploads\/usu2049\/2021\/11\/Cartel-generico-Ruyra_CAT.png 1587w\" sizes=\"auto, (max-width: 724px) 100vw, 724px\" \/><\/p>\n<p>&nbsp;<\/p>\n","protected":false},"excerpt":{"rendered":"<p>L&#8217;Escola de Vida continua ampliant les possibilitats formatives de les fam\u00edlies del Ruyra. En aquesta ocasi\u00f3, us fem extensiva aquesta proposta. L&#8217;Escola comptar\u00e0 amb un punt TIC, un espai al que podreu venir per fer tot tipus de gestions online, crear-vos el vostre propi curriculum o buscar feina en plataformes digitals. Us esperem!&hellip;  <a href=\"https:\/\/agora.xtec.cat\/ceip-jruyra-l-h\/general\/formacio-de-familiars-el-nostre-punt-tic\/\" title=\"Read Formaci\u00f3 de familiars: El nostre PUNT TIC\">Llegeix m\u00e9s\u00bb<\/a><\/p>\n","protected":false},"author":3,"featured_media":9472,"comment_status":"open","ping_status":"closed","sticky":false,"template":"","format":"standard","meta":{"_bbp_topic_count":0,"_bbp_reply_count":0,"_bbp_total_topic_count":0,"_bbp_total_reply_count":0,"_bbp_voice_count":0,"_bbp_anonymous_reply_count":0,"_bbp_topic_count_hidden":0,"_bbp_reply_count_hidden":0,"_bbp_forum_subforum_count":0,"footnotes":""},"categories":[60,1],"tags":[71,83,65],"class_list":["post-9471","post","type-post","status-publish","format-standard","has-post-thumbnail","hentry","category-cdaxarxa","category-general","tag-actuacions-educatives-dexit","tag-comunitats-daprenentatge","tag-formacio-de-familiars"],"post_mailing_queue_ids":[],"_links":{"self":[{"href":"https:\/\/agora.xtec.cat\/ceip-jruyra-l-h\/wp-json\/wp\/v2\/posts\/9471","targetHints":{"allow":["GET"]}}],"collection":[{"href":"https:\/\/agora.xtec.cat\/ceip-jruyra-l-h\/wp-json\/wp\/v2\/posts"}],"about":[{"href":"https:\/\/agora.xtec.cat\/ceip-jruyra-l-h\/wp-json\/wp\/v2\/types\/post"}],"author":[{"embeddable":true,"href":"https:\/\/agora.xtec.cat\/ceip-jruyra-l-h\/wp-json\/wp\/v2\/users\/3"}],"replies":[{"embeddable":true,"href":"https:\/\/agora.xtec.cat\/ceip-jruyra-l-h\/wp-json\/wp\/v2\/comments?post=9471"}],"version-history":[{"count":1,"href":"https:\/\/agora.xtec.cat\/ceip-jruyra-l-h\/wp-json\/wp\/v2\/posts\/9471\/revisions"}],"predecessor-version":[{"id":9473,"href":"https:\/\/agora.xtec.cat\/ceip-jruyra-l-h\/wp-json\/wp\/v2\/posts\/9471\/revisions\/9473"}],"wp:featuredmedia":[{"embeddable":true,"href":"https:\/\/agora.xtec.cat\/ceip-jruyra-l-h\/wp-json\/wp\/v2\/media\/9472"}],"wp:attachment":[{"href":"https:\/\/agora.xtec.cat\/ceip-jruyra-l-h\/wp-json\/wp\/v2\/media?parent=9471"}],"wp:term":[{"taxonomy":"category","embeddable":true,"href":"https:\/\/agora.xtec.cat\/ceip-jruyra-l-h\/wp-json\/wp\/v2\/categories?post=9471"},{"taxonomy":"post_tag","embeddable":true,"href":"https:\/\/agora.xtec.cat\/ceip-jruyra-l-h\/wp-json\/wp\/v2\/tags?post=9471"}],"curies":[{"name":"wp","href":"https:\/\/api.w.org\/{rel}","templated":true}]}}