{"id":9386,"date":"2021-11-12T14:31:48","date_gmt":"2021-11-12T13:31:48","guid":{"rendered":"https:\/\/agora.xtec.cat\/ceip-jruyra-l-h\/?p=9386"},"modified":"2021-11-12T14:31:48","modified_gmt":"2021-11-12T13:31:48","slug":"a-4t-estem-llegint-el-lazarillo","status":"publish","type":"post","link":"https:\/\/agora.xtec.cat\/ceip-jruyra-l-h\/general\/a-4t-estem-llegint-el-lazarillo\/","title":{"rendered":"A 4t estem llegint El Lazarillo!"},"content":{"rendered":"<p>Hola a tots i totes!<\/p>\n<p>Ja hem comen\u00e7at amb les tert\u00falies liter\u00e0ries de &#8220;El Lazarillo&#8221;. Els alumnes de 4t estem gaudint molt de la lectura i de les tert\u00falies sobre aquest llibre.<\/p>\n<p>Us deixem escrit un trosset d&#8217;una tert\u00falies de cada classe, per a qu\u00e8 pugueu llegir i veure sobre quins temes parlem durant les tert\u00falies:<\/p>\n<p>En una tert\u00falia vam parlar i debatre sobre les religions:<\/p>\n<blockquote><p>S: Yo creo que cuanto m\u00e1s rezas m\u00e1s afortunado eres. Yo rezo y tengo suerte.<\/p>\n<p>I: Las personas buenas creen en Dios.<\/p>\n<p>N: Yo si creo, pero a veces no. Pero yo no soy mala por eso.<\/p>\n<p>A: Yo no creo mucho en Dios. Hay gente que se muere cuando no le toca.<\/p>\n<p>A: Si no existiera Dios no estar\u00edamos aqu\u00ed.<\/p>\n<p>L: Pero, hay gente que dice que tambi\u00e9n hubo una explosi\u00f3n y por eso hay mundo.<\/p>\n<p>(&#8230;)<\/p><\/blockquote>\n<p>La conclusi\u00f3 a la que vam arribar va ser que no importa de quina religi\u00f3 ets, i si creus o no en D\u00e9u, el que importa realment \u00e9s ser bones persones i no fer mal als altres.<\/p>\n<p>&nbsp;<\/p>\n<p>En una altra tert\u00falia hem parlat sobre la viol\u00e8ncia:<\/p>\n<blockquote><p>J: Me ha gustado que Lazarillo se ofrezca a ayudar a un ciego.<\/p>\n<p>A: Tambi\u00e9n a veces hay perros que hacen de gu\u00eda a las personas ciegas.<\/p>\n<p>S: Adem\u00e1s el ciego le hace de padre a Lazarillo para ayudarle.<\/p>\n<p>A: Si, es verdad. Pero los padres tienen que ense\u00f1ar hablando y no pegando. El ciego le ha hecho violencia y eso no est\u00e1 bien.<\/p>\n<p>E: Si se les ense\u00f1a pegando a los ni\u00f1os, ellos de grandes pegar\u00e1n.<\/p>\n<p>(&#8230;)<\/p><\/blockquote>\n<p>&nbsp;<\/p>\n<p>I, finalment, en una altra hem parlat sobre el racisme:<\/p>\n<blockquote><p>I: No nos tenemos que burlar sobre el color&#8230;<\/p>\n<p>O: No deber\u00edan de existir las palabras malas.<\/p>\n<p>S: Quien dice esas palabras contra otros deber\u00eda sentirse avergonzado.<\/p>\n<p>I: Todos somos personas da igual de donde vengamos.<\/p>\n<p>(&#8230;)<\/p><\/blockquote>\n<p>&nbsp;<\/p>\n<p>Continuem. Fins un altre!!<\/p>\n","protected":false},"excerpt":{"rendered":"<p>Hola a tots i totes!<br \/>\nJa hem comen\u00e7at amb les tert\u00falies liter\u00e0ries de &#8220;El Lazarillo&#8221;. Els alumnes de 4t estem gaudint molt de la lectura i de les tert\u00falies sobre aquest llibre.<br \/>\nUs deixem escrit un trosset d&#8217;una tert\u00falies de cada classe, per a qu\u00e8 pugueu llegir&hellip;  <a href=\"https:\/\/agora.xtec.cat\/ceip-jruyra-l-h\/general\/a-4t-estem-llegint-el-lazarillo\/\" title=\"Read A 4t estem llegint El Lazarillo!\">Llegeix m\u00e9s\u00bb<\/a><\/p>\n","protected":false},"author":5,"featured_media":9745,"comment_status":"open","ping_status":"closed","sticky":false,"template":"","format":"standard","meta":{"_bbp_topic_count":0,"_bbp_reply_count":0,"_bbp_total_topic_count":0,"_bbp_total_reply_count":0,"_bbp_voice_count":0,"_bbp_anonymous_reply_count":0,"_bbp_topic_count_hidden":0,"_bbp_reply_count_hidden":0,"_bbp_forum_subforum_count":0,"footnotes":""},"categories":[13,60,1],"tags":[71,83,63],"class_list":["post-9386","post","type-post","status-publish","format-standard","has-post-thumbnail","hentry","category-4t","category-cdaxarxa","category-general","tag-actuacions-educatives-dexit","tag-comunitats-daprenentatge","tag-tertulies-dialogiques"],"post_mailing_queue_ids":[],"_links":{"self":[{"href":"https:\/\/agora.xtec.cat\/ceip-jruyra-l-h\/wp-json\/wp\/v2\/posts\/9386","targetHints":{"allow":["GET"]}}],"collection":[{"href":"https:\/\/agora.xtec.cat\/ceip-jruyra-l-h\/wp-json\/wp\/v2\/posts"}],"about":[{"href":"https:\/\/agora.xtec.cat\/ceip-jruyra-l-h\/wp-json\/wp\/v2\/types\/post"}],"author":[{"embeddable":true,"href":"https:\/\/agora.xtec.cat\/ceip-jruyra-l-h\/wp-json\/wp\/v2\/users\/5"}],"replies":[{"embeddable":true,"href":"https:\/\/agora.xtec.cat\/ceip-jruyra-l-h\/wp-json\/wp\/v2\/comments?post=9386"}],"version-history":[{"count":3,"href":"https:\/\/agora.xtec.cat\/ceip-jruyra-l-h\/wp-json\/wp\/v2\/posts\/9386\/revisions"}],"predecessor-version":[{"id":9739,"href":"https:\/\/agora.xtec.cat\/ceip-jruyra-l-h\/wp-json\/wp\/v2\/posts\/9386\/revisions\/9739"}],"wp:featuredmedia":[{"embeddable":true,"href":"https:\/\/agora.xtec.cat\/ceip-jruyra-l-h\/wp-json\/wp\/v2\/media\/9745"}],"wp:attachment":[{"href":"https:\/\/agora.xtec.cat\/ceip-jruyra-l-h\/wp-json\/wp\/v2\/media?parent=9386"}],"wp:term":[{"taxonomy":"category","embeddable":true,"href":"https:\/\/agora.xtec.cat\/ceip-jruyra-l-h\/wp-json\/wp\/v2\/categories?post=9386"},{"taxonomy":"post_tag","embeddable":true,"href":"https:\/\/agora.xtec.cat\/ceip-jruyra-l-h\/wp-json\/wp\/v2\/tags?post=9386"}],"curies":[{"name":"wp","href":"https:\/\/api.w.org\/{rel}","templated":true}]}}