{"id":9383,"date":"2021-11-09T13:08:03","date_gmt":"2021-11-09T12:08:03","guid":{"rendered":"https:\/\/agora.xtec.cat\/ceip-jruyra-l-h\/?p=9383"},"modified":"2021-11-10T07:59:19","modified_gmt":"2021-11-10T06:59:19","slug":"les-classes-de-3r-ja-coneixen-a-platero","status":"publish","type":"post","link":"https:\/\/agora.xtec.cat\/ceip-jruyra-l-h\/general\/les-classes-de-3r-ja-coneixen-a-platero\/","title":{"rendered":"Les classes de 3r ja coneixen a PLATERO!"},"content":{"rendered":"<p>Hola a tots i a totes!<\/p>\n<p>Les tert\u00falies liter\u00e0ries s\u00f3n d&#8217;all\u00f2 m\u00e9s emocionant. A 3r hem comen\u00e7at a llegir &#8220;Platero y yo&#8221; de Juan Ramon Jim\u00e9nez. Hem conegut a PLATERO, l&#8217;estimat ase de Juan Ramon i cada setmana ens endinsem en noves aventures, an\u00e8cdotes i hist\u00f2ries que ens explica l&#8217;autor.<\/p>\n<p>Estem segurs que aquest llibre ens encantar\u00e0!<\/p>\n<p>Us deixem amb alguns temes i converses que hem tingut durant aquestes setmanes a les tert\u00falies. A les dues classes hem parlat sobre si Platero podria anar o no a l&#8217;escola, ja que Juan Ramon en un cap\u00edtol ho va pensar i imaginar&#8230; Aix\u00f2 va ser el que vam pensar nosaltres:<\/p>\n<blockquote><p>B: Platero no puede ir a la escuela porque los animales no tienen lenguaje.<\/p>\n<p>A: No tienen lenguaje pero pueden aprender otras cosas porque tienen ojos y escuchan.<\/p>\n<p>S: Los animales se pueden comunicar entre ellos.<\/p>\n<p>S: En vez de ir a la escuela, Juan Ram\u00f3n puede ense\u00f1ar a Platero.<\/p><\/blockquote>\n<p>&nbsp;<\/p>\n<blockquote><p>A: Yo creo que Platero no puede ir al colegio pero si puede aprender. Que vaya al colegio es un poco raro.<\/p>\n<p>S: Los burritos no saben escribir es mejor que Juan Ram\u00f3n le ense\u00f1e otras cosas. Con el tiempo puede aprender.<\/p>\n<p>A: Se pueden re\u00edr de \u00e9l si no sabe. Hay personas que se r\u00eden si no sabes algo y eso no est\u00e1 bien, te sientes avergonzado&#8230;<\/p><\/blockquote>\n<p><a href=\"https:\/\/agora.xtec.cat\/ceip-jruyra-l-h\/wp-content\/uploads\/usu2049\/2021\/11\/IMG_7012-1-scaled.jpg\"><img loading=\"lazy\" decoding=\"async\" class=\"alignnone size-large wp-image-9648\" src=\"https:\/\/agora.xtec.cat\/ceip-jruyra-l-h\/wp-content\/uploads\/usu2049\/2021\/11\/IMG_7012-1-1024x639.jpg\" alt=\"\" width=\"1024\" height=\"639\" srcset=\"https:\/\/agora.xtec.cat\/ceip-jruyra-l-h\/wp-content\/uploads\/usu2049\/2021\/11\/IMG_7012-1-1024x639.jpg 1024w, https:\/\/agora.xtec.cat\/ceip-jruyra-l-h\/wp-content\/uploads\/usu2049\/2021\/11\/IMG_7012-1-300x187.jpg 300w, https:\/\/agora.xtec.cat\/ceip-jruyra-l-h\/wp-content\/uploads\/usu2049\/2021\/11\/IMG_7012-1-768x480.jpg 768w, https:\/\/agora.xtec.cat\/ceip-jruyra-l-h\/wp-content\/uploads\/usu2049\/2021\/11\/IMG_7012-1-1536x959.jpg 1536w, https:\/\/agora.xtec.cat\/ceip-jruyra-l-h\/wp-content\/uploads\/usu2049\/2021\/11\/IMG_7012-1-2048x1279.jpg 2048w\" sizes=\"auto, (max-width: 1024px) 100vw, 1024px\" \/><\/a> <a href=\"https:\/\/agora.xtec.cat\/ceip-jruyra-l-h\/wp-content\/uploads\/usu2049\/2021\/11\/IMG_7019-1-scaled.jpg\"><img loading=\"lazy\" decoding=\"async\" class=\"alignnone size-large wp-image-9649\" src=\"https:\/\/agora.xtec.cat\/ceip-jruyra-l-h\/wp-content\/uploads\/usu2049\/2021\/11\/IMG_7019-1-1024x736.jpg\" alt=\"\" width=\"1024\" height=\"736\" srcset=\"https:\/\/agora.xtec.cat\/ceip-jruyra-l-h\/wp-content\/uploads\/usu2049\/2021\/11\/IMG_7019-1-1024x736.jpg 1024w, https:\/\/agora.xtec.cat\/ceip-jruyra-l-h\/wp-content\/uploads\/usu2049\/2021\/11\/IMG_7019-1-300x216.jpg 300w, https:\/\/agora.xtec.cat\/ceip-jruyra-l-h\/wp-content\/uploads\/usu2049\/2021\/11\/IMG_7019-1-768x552.jpg 768w, https:\/\/agora.xtec.cat\/ceip-jruyra-l-h\/wp-content\/uploads\/usu2049\/2021\/11\/IMG_7019-1-1536x1104.jpg 1536w, https:\/\/agora.xtec.cat\/ceip-jruyra-l-h\/wp-content\/uploads\/usu2049\/2021\/11\/IMG_7019-1-2048x1472.jpg 2048w\" sizes=\"auto, (max-width: 1024px) 100vw, 1024px\" \/><\/a><\/p>\n","protected":false},"excerpt":{"rendered":"<p>Hola a tots i a totes!<br \/>\nLes tert\u00falies liter\u00e0ries s\u00f3n d&#8217;all\u00f2 m\u00e9s emocionant. A 3r hem comen\u00e7at a llegir &#8220;Platero y yo&#8221; de Juan Ramon Jim\u00e9nez. Hem conegut a PLATERO, l&#8217;estimat ase de Juan Ramon i cada setmana ens endinsem en noves aventures, an\u00e8cdotes i hist\u00f2ries&hellip;  <a href=\"https:\/\/agora.xtec.cat\/ceip-jruyra-l-h\/general\/les-classes-de-3r-ja-coneixen-a-platero\/\" title=\"Read Les classes de 3r ja coneixen a PLATERO!\">Llegeix m\u00e9s\u00bb<\/a><\/p>\n","protected":false},"author":5,"featured_media":0,"comment_status":"open","ping_status":"closed","sticky":false,"template":"","format":"standard","meta":{"_bbp_topic_count":0,"_bbp_reply_count":0,"_bbp_total_topic_count":0,"_bbp_total_reply_count":0,"_bbp_voice_count":0,"_bbp_anonymous_reply_count":0,"_bbp_topic_count_hidden":0,"_bbp_reply_count_hidden":0,"_bbp_forum_subforum_count":0,"footnotes":""},"categories":[12,60,1,5],"tags":[71,83,63],"class_list":["post-9383","post","type-post","status-publish","format-standard","hentry","category-3r","category-cdaxarxa","category-general","category-primaria","tag-actuacions-educatives-dexit","tag-comunitats-daprenentatge","tag-tertulies-dialogiques"],"post_mailing_queue_ids":[],"_links":{"self":[{"href":"https:\/\/agora.xtec.cat\/ceip-jruyra-l-h\/wp-json\/wp\/v2\/posts\/9383","targetHints":{"allow":["GET"]}}],"collection":[{"href":"https:\/\/agora.xtec.cat\/ceip-jruyra-l-h\/wp-json\/wp\/v2\/posts"}],"about":[{"href":"https:\/\/agora.xtec.cat\/ceip-jruyra-l-h\/wp-json\/wp\/v2\/types\/post"}],"author":[{"embeddable":true,"href":"https:\/\/agora.xtec.cat\/ceip-jruyra-l-h\/wp-json\/wp\/v2\/users\/5"}],"replies":[{"embeddable":true,"href":"https:\/\/agora.xtec.cat\/ceip-jruyra-l-h\/wp-json\/wp\/v2\/comments?post=9383"}],"version-history":[{"count":3,"href":"https:\/\/agora.xtec.cat\/ceip-jruyra-l-h\/wp-json\/wp\/v2\/posts\/9383\/revisions"}],"predecessor-version":[{"id":9680,"href":"https:\/\/agora.xtec.cat\/ceip-jruyra-l-h\/wp-json\/wp\/v2\/posts\/9383\/revisions\/9680"}],"wp:attachment":[{"href":"https:\/\/agora.xtec.cat\/ceip-jruyra-l-h\/wp-json\/wp\/v2\/media?parent=9383"}],"wp:term":[{"taxonomy":"category","embeddable":true,"href":"https:\/\/agora.xtec.cat\/ceip-jruyra-l-h\/wp-json\/wp\/v2\/categories?post=9383"},{"taxonomy":"post_tag","embeddable":true,"href":"https:\/\/agora.xtec.cat\/ceip-jruyra-l-h\/wp-json\/wp\/v2\/tags?post=9383"}],"curies":[{"name":"wp","href":"https:\/\/api.w.org\/{rel}","templated":true}]}}